{"id":654210,"date":"2026-08-29T17:39:12","date_gmt":"2026-08-29T17:39:12","guid":{"rendered":"https:\/\/www.europesays.com\/pl\/654210\/"},"modified":"2026-08-29T17:39:12","modified_gmt":"2026-08-29T17:39:12","slug":"wysokie-ceny-paliw-wracaja-tyle-zaplacimy-od-1-wrzesnia","status":"publish","type":"post","link":"https:\/\/www.europesays.com\/pl\/654210\/","title":{"rendered":"Wysokie ceny paliw wracaj\u0105. Tyle zap\u0142acimy od 1 wrze\u015bnia"},"content":{"rendered":"\n<p>&#13;<br \/>\nOd 1\u00a0wrze\u015bnia wracaj\u0105 ceny paliw, poniewa\u017c rz\u0105d nie\u00a0przed\u0142u\u017cy pakietu CPN. &#13;\n<\/p>\n<p>Prognoza cen paliw. Benzyna i\u00a0olej nap\u0119dowy podro\u017cej\u0105<\/p>\n<p>&#13;<br \/>\nZ prognozy cen paliw na\u00a0najbli\u017csze dni \u2013\u00a0od\u00a031 sierpnia do\u00a04 wrze\u015bnia \u2013\u00a0przygotowanej przez analityk\u00f3w reflex.com.pl wynika, \u017ce\u00a0na stacjach benzynowych czekaj\u0105 nas spore podwy\u017cki. &#13;\n<\/p>\n<p>&#13;<br \/>\nBenzyna bezo\u0142owiowa 95 ma\u00a0kosztowa\u0107 7,35 z\u0142\/l, co\u00a0oznacza wzrost ceny o\u00a083 gr\/l. Benzyna bezo\u0142owiowa 98 ma\u00a0z\u00a0kolei kosztowa\u0107 8,19 z\u0142\/l, czyli wzrost o\u00a084 gr\/l. Za\u00a0olej nap\u0119dowy zap\u0142acimy 8,09 z\u0142\/l \u2013\u00a0to\u00a0wzrost o\u00a067 gr\/l. Autogaz ma\u00a0kosztowa\u0107 2,96 z\u0142\/l, co\u00a0oznacza spadek ceny o\u00a01 gr\/l. &#13;\n<\/p>\n<p>Pakiet CPN wr\u00f3ci\u0142, ale\u00a0tylko na\u00a0dwa tygodnie<\/p>\n<p>&#13;<br \/>\nNa ostatnie dwa tygodnie wakacji, rz\u0105d przywr\u00f3ci\u0142, cho\u0107 w\u00a0ograniczonym zakresie, pakiet CPN \u2013\u00a0Ceny Paliwa Ni\u017cej, czyli obni\u017cony VAT i\u00a0ceny maksymalne paliw na\u00a0stacjach benzynowych. &#13;\n<\/p>\n<p>&#13;<br \/>\n<a href=\"https:\/\/dorzeczy.pl\/ekonomia\/935143\/ceny-paliw-na-weekend-drozsza-benzyna-tanszy-diesel.html\" rel=\"nofollow noopener\" target=\"_blank\">Maksymalna cena paliw<\/a> jest ustalana wed\u0142ug okre\u015blonej formu\u0142y, obejmuj\u0105cej \u015bredni\u0105 cen\u0119 hurtow\u0105 paliw na\u00a0rynku krajowym, powi\u0119kszon\u0105 o\u00a0akcyz\u0119, op\u0142at\u0119 paliwow\u0105, mar\u017c\u0119 sprzeda\u017cow\u0105 w\u00a0wysoko\u015bci 0,30 z\u0142 za\u00a0litr oraz\u00a0podatek VAT. Sprzeda\u017c powy\u017cej ceny maksymalnej jest zagro\u017cona kar\u0105 do\u00a01 mln z\u0142. Maksymaln\u0105 cen\u0119 paliw ustala minister energii. &#13;\n<\/p>\n<p>&#13;<br \/>\nWesz\u0142a w\u00a0\u017cycie nowelizacja rozporz\u0105dzenia ministra finans\u00f3w i\u00a0gospodarki w\u00a0sprawie obni\u017conych stawek podatku od\u00a0towar\u00f3w i\u00a0us\u0142ug, kt\u00f3ra przewiduje obni\u017ck\u0119 z\u00a023 proc. do\u00a08 proc. stawki VAT na\u00a0benzyny i\u00a0olej nap\u0119dowy. Ni\u017cszy VAT obowi\u0105zuje od\u00a0poniedzia\u0142ku do\u00a031 sierpnia. &#13;\n<\/p>\n<p>&#13;<br \/>\nPierwotnie pakiet CPN zosta\u0142 wprowadzony pod\u00a0koniec maja, jednak zosta\u0142 wygaszony przez rz\u0105d z\u00a0pocz\u0105tkiem lipca. W\u00a0zwi\u0105zku z\u00a0decyzj\u0105 rz\u0105du ceny paliw poszybowa\u0142y w\u00a0g\u00f3r\u0119. &#13;\n<\/p>\n<p>Ceny ropy spadaj\u0105<\/p>\n<p>&#13;<br \/>\nW pi\u0105tek cena ropy nieco spad\u0142a. Inwestorzy obawiaj\u0105 si\u0119 o\u00a0dalsze zak\u0142\u00f3cenia w\u00a0dostawach wobec zamkni\u0119cia cie\u015bniny Ormuz. &#13;\n<\/p>\n<p>&#13;<br \/>\nBary\u0142ka ropy West Texas Intermediate w\u00a0dostawach na\u00a0pa\u017adziernik zni\u017ckuje na\u00a0NYMEX w\u00a0Nowym Jorku o\u00a00,78 proc. do\u00a082,88 USD. &#13;\n<\/p>\n<p>&#13;<br \/>\nCena Brent na\u00a0ICE na\u00a0pa\u017adziernik spada z\u00a0kolei o\u00a00,69 proc. do\u00a089,03 USD za\u00a0bary\u0142k\u0119. &#13;\n<\/p>\n<p>&#13;<br \/>\n   Czytaj te\u017c:<br \/><a href=\"https:\/\/dorzeczy.pl\/ekonomia\/935143\/ceny-paliw-na-weekend-drozsza-benzyna-tanszy-diesel.html\" rel=\"follow nofollow noopener\" data-schema=\"DORZECZY\" data-image=\"https:\/\/img.dorzeczy.pl\/_thumb\/a0\/c7\/42977ea805da0ddfbe46e638dc21.jpeg\" target=\"_blank\">Nowe ceny paliw na\u00a0weekend. Jest dobra i\u00a0z\u0142a wiadomo\u015b\u0107<\/a>   Czytaj te\u017c:<br \/><a href=\"https:\/\/dorzeczy.pl\/ekonomia\/934549\/ceny-paliw-w-polsce-w-piatek-olej-napedowy-bedzie-tanszy.html\" rel=\"follow nofollow noopener\" data-schema=\"DORZECZY\" data-image=\"https:\/\/img.dorzeczy.pl\/_thumb\/77\/02\/c1978e8300c9b10fe49ae73f3b82.jpeg\" target=\"_blank\">Olej nap\u0119dowy wyra\u017anie ta\u0144szy. S\u0105 nowe ceny paliw<\/a>&#13;<\/p>\n","protected":false},"excerpt":{"rendered":"&#13; Od 1\u00a0wrze\u015bnia wracaj\u0105 ceny paliw, poniewa\u017c rz\u0105d nie\u00a0przed\u0142u\u017cy pakietu CPN. &#13; Prognoza cen paliw. Benzyna i\u00a0olej nap\u0119dowy&hellip;\n","protected":false},"author":2,"featured_media":654211,"comment_status":"","ping_status":"","sticky":false,"template":"","format":"standard","meta":{"footnotes":"","_share_on_mastodon":"0"},"categories":[16],"tags":[497,113,112,9039,98,105,49,8136,38182,72543,42,38,40,39,41],"class_list":["post-654210","post","type-post","status-publish","format-standard","has-post-thumbnail","category-biznes","tag-benzyna","tag-biznes","tag-business","tag-ceny-paliw","tag-dorzeczy","tag-ekonomia","tag-kraj","tag-lidia-lemaniak","tag-olej-napedowy","tag-pakiet-cpn","tag-pl","tag-poland","tag-polish","tag-polska","tag-polski"],"share_on_mastodon":{"url":"https:\/\/pubeurope.com\/@pl\/117180023910180486","error":""},"_links":{"self":[{"href":"https:\/\/www.europesays.com\/pl\/wp-json\/wp\/v2\/posts\/654210","targetHints":{"allow":["GET"]}}],"collection":[{"href":"https:\/\/www.europesays.com\/pl\/wp-json\/wp\/v2\/posts"}],"about":[{"href":"https:\/\/www.europesays.com\/pl\/wp-json\/wp\/v2\/types\/post"}],"author":[{"embeddable":true,"href":"https:\/\/www.europesays.com\/pl\/wp-json\/wp\/v2\/users\/2"}],"replies":[{"embeddable":true,"href":"https:\/\/www.europesays.com\/pl\/wp-json\/wp\/v2\/comments?post=654210"}],"version-history":[{"count":0,"href":"https:\/\/www.europesays.com\/pl\/wp-json\/wp\/v2\/posts\/654210\/revisions"}],"wp:featuredmedia":[{"embeddable":true,"href":"https:\/\/www.europesays.com\/pl\/wp-json\/wp\/v2\/media\/654211"}],"wp:attachment":[{"href":"https:\/\/www.europesays.com\/pl\/wp-json\/wp\/v2\/media?parent=654210"}],"wp:term":[{"taxonomy":"category","embeddable":true,"href":"https:\/\/www.europesays.com\/pl\/wp-json\/wp\/v2\/categories?post=654210"},{"taxonomy":"post_tag","embeddable":true,"href":"https:\/\/www.europesays.com\/pl\/wp-json\/wp\/v2\/tags?post=654210"}],"curies":[{"name":"wp","href":"https:\/\/api.w.org\/{rel}","templated":true}]}}