{"id":654264,"date":"2026-08-29T18:12:15","date_gmt":"2026-08-29T18:12:15","guid":{"rendered":"https:\/\/www.europesays.com\/pl\/654264\/"},"modified":"2026-08-29T18:12:15","modified_gmt":"2026-08-29T18:12:15","slug":"donald-tusk-po-rozmowie-z-markiem-ruttem-eskalacja-ze-strony-rosji-postepuje-kresy","status":"publish","type":"post","link":"https:\/\/www.europesays.com\/pl\/654264\/","title":{"rendered":"Donald Tusk po rozmowie z Markiem Ruttem. \u201eEskalacja ze strony Rosji post\u0119puje\u201d \u00bb Kresy"},"content":{"rendered":"<p>Sekretarz generalny NATO Mark Rutte przekaza\u0142 premierowi Donaldowi Tuskowi swoj\u0105 ocen\u0119 sytuacji w regionie oraz na froncie ukrai\u0144sko-rosyjskim. Wed\u0142ug szefa polskiego rz\u0105du wynika z niej, \u017ce eskalacja ze strony Rosji post\u0119puje.<\/p>\n<p>Donald Tusk poinformowa\u0142, \u017ce podczas rozmowy z Markiem Ruttem otrzyma\u0142 ocen\u0119 sytuacji dotycz\u0105cej bezpiecze\u0144stwa w regionie i wojny Rosji przeciwko Ukrainie. Premier wskaza\u0142 na konieczno\u015b\u0107 przygotowania Polski oraz NATO na mo\u017cliwy rozw\u00f3j wydarze\u0144.<\/p>\n<p>\u201eSekretarz generalny NATO Mark Rutte przekaza\u0142 mi w\u0142a\u015bnie swoj\u0105 ocen\u0119 sytuacji w regionie i na froncie ukrai\u0144sko-rosyjskim. Tak jak ostrzega\u0142em, eskalacja ze strony Rosji post\u0119puje\u201d \u2014 poda\u0142 Donald Tusk.<\/p>\n<p dir=\"ltr\" lang=\"pl\">Mark Rutte <a href=\"https:\/\/x.com\/SecGenNATO?ref_src=twsrc%5Etfw\" rel=\"nofollow\">@SecGenNATO<\/a> przekaza\u0142 mi w\u0142a\u015bnie swoj\u0105 ocen\u0119 sytuacji w regionie i na froncie ukrai\u0144sko-rosyjskim. Tak jak ostrzega\u0142em, eskalacja ze strony Rosji post\u0119puje. Ukraina potrzebuje wi\u0119kszego wsparcia w powietrzu, co ma tak\u017ce znaczenie dla naszego bezpiecze\u0144stwa. To zadanie\u2026<\/p>\n<p>\u2014 Donald Tusk (@donaldtusk) <a href=\"https:\/\/x.com\/donaldtusk\/status\/2093648423522124282?ref_src=twsrc%5Etfw\" rel=\"nofollow\">August 29, 2026<\/a><\/p>\n<p>Premier zaznaczy\u0142 r\u00f3wnie\u017c, \u017ce najbli\u017csze miesi\u0105ce mog\u0105 mie\u0107 istotne znaczenie dla bezpiecze\u0144stwa Polski i pa\u0144stw Sojuszu. \u201enajbli\u017csze p\u00f3\u0142 roku b\u0119dzie rozstrzygaj\u0105ce i musimy by\u0107 przygotowani jako Polska i NATO na r\u00f3\u017cne scenariusze\u201d \u2014 doda\u0142.<\/p>\n<p>Tusk zwr\u00f3ci\u0142 uwag\u0119 na potrzeb\u0119 zwi\u0119kszenia wsparcia dla ukrai\u0144skiej obrony powietrznej. \u201eUkraina potrzebuje wi\u0119kszego wsparcia w powietrzu, co ma tak\u017ce znaczenie dla naszego bezpiecze\u0144stwa. To zadanie dla ca\u0142ej Europy\u201d \u2014 napisa\u0142 szef polskiego rz\u0105du.<\/p>\n<p>Jednocze\u015bnie premier podkre\u015bli\u0142, \u017ce nie mo\u017cna wykluczy\u0107 dzia\u0142a\u0144 Rosji wymierzonych w pa\u0144stwa nale\u017c\u0105ce do NATO. \u201eNie mo\u017cemy wykluczy\u0107 prowokacji ze strony Rosji wobec kt\u00f3rego\u015b z cz\u0142onk\u00f3w NATO\u201d \u2014 podkre\u015bli\u0142 Donald Tusk.<\/p>\n<p>Czytaj te\u017c:<\/p>\n<p><a title=\"Rosyjscy \u017co\u0142nierze, zdj. ilustr. Fot. MO Rosji\" href=\"https:\/\/kresy.pl\/wydarzenia\/sekretarz-generalny-nato-rosja-bedzie-gotowa-do-ataku-na-panstwo-sojuszu-w-ciagu-pieciu-lat\/\" rel=\"bookmark nofollow noopener\" target=\"_blank\">Sekretarz Generalny NATO: Rosja b\u0119dzie gotowa do ataku na pa\u0144stwo Sojuszu w ci\u0105gu pi\u0119ciu lat<\/a><\/p>\n<p><a title=\"\u017bo\u0142nierze rosyjskiej piechoty morskiej fot: wikipedia.org\" href=\"https:\/\/kresy.pl\/wydarzenia\/usa-ostrzegaja-polske-przed-rosyjska-prowokacja-w-grze-drony-rakiety-i-wtargniecie-zolnierzy\/\" rel=\"bookmark nofollow noopener\" target=\"_blank\">USA ostrzegaj\u0105 Polsk\u0119 przed rosyjsk\u0105 prowokacj\u0105. W grze drony, rakiety i wtargni\u0119cie \u017co\u0142nierzy<\/a><\/p>\n<p>Wcze\u015bniejsze ostrze\u017cenia premiera<\/p>\n<p>Do kwestii rosn\u0105cego zagro\u017cenia ze strony Rosji Donald Tusk odnosi\u0142 si\u0119 r\u00f3wnie\u017c wcze\u015bniej. W\u015br\u00f3d przyk\u0142ad\u00f3w wskazywa\u0142 spraw\u0119 zatrzymania obywatela Rosji podejrzewanego o przygotowanie w Warszawie zamachu na osob\u0119 posiadaj\u0105c\u0105 paszporty Stan\u00f3w Zjednoczonych i Ukrainy.<\/p>\n<p>\u201eJest to pierwsza taka sytuacja, \u017ce kto\u015b na zlecenie rosyjskie decyduje si\u0119 na zamach wobec obywatela ameryka\u0144skiego na terenie innego kraju NATO, w\u0142a\u015bnie na terenie Polski, na terenie Warszawy\u201d \u2014 m\u00f3wi\u0142 w\u00f3wczas Donald Tusk.<\/p>\n<p>\u201eUnikn\u0119li\u015bmy najgorszego, ale w przysz\u0142o\u015bci takiej presji te\u017c b\u0119dziemy poddawani, wi\u0119c czeka nas bardzo ci\u0119\u017cka robota\u201d \u2014 podkre\u015bli\u0142 premier.<\/p>\n<p>W czerwcu, na marginesie Konferencji na rzecz Odbudowy Ukrainy, Tusk r\u00f3wnie\u017c m\u00f3wi\u0142 o niestabilnej sytuacji bezpiecze\u0144stwa. \u201esytuacja jest bardzo niestabilna\u201d \u2014 oceni\u0142 szef rz\u0105du. Nast\u0119pnie przekonywa\u0142: \u201eMo\u017cna spodziewa\u0107 si\u0119 rozmaitego typu eskalacji w najbli\u017cszych tygodniach i miesi\u0105cach\u201d.<\/p>\n<p>Mark Rutte o bezpiecze\u0144stwie Polski<\/p>\n<p>Wojna w Ukrainie pozostaje jednym z g\u0142\u00f3wnych temat\u00f3w dzia\u0142a\u0144 sekretarza generalnego NATO Marka Rutte. Szef Sojuszu odnosi\u0142 si\u0119 tak\u017ce do zagro\u017ce\u0144 zwi\u0105zanych z rosyjskimi dzia\u0142aniami wobec pa\u0144stw NATO, w tym do incydentu z rosyjsk\u0105 rakiet\u0105, kt\u00f3ra spad\u0142a na terytorium Polski.<\/p>\n<p>\u201eSolidaryzujemy si\u0119 z Polsk\u0105 i b\u0119dziemy nadal wzmacnia\u0107 nasz\u0105 gotowo\u015b\u0107 do obrony przed wszelkimi zagro\u017ceniami, w tym atakami rakietowymi\u201d \u2014 zapewni\u0142 w\u00f3wczas Mark Rutte. Oceni\u0142 r\u00f3wnie\u017c zdarzenie jako \u201elekkomy\u015blny akt ze strony Rosji i niebezpieczn\u0105 konsekwencj\u0119 prowadzonej przez ni\u0105 wojny przeciwko Ukrainie\u201d.<\/p>\n<p>Rozmowy o wzmocnieniu ukrai\u0144skiej obrony powietrznej<\/p>\n<p>Na pocz\u0105tku sierpnia Mark Rutte rozmawia\u0142 bezpo\u015brednio z prezydentem Ukrainy Wo\u0142odymyrem Ze\u0142enskim o mo\u017cliwo\u015bciach pozyskania przez Ukrain\u0119 wi\u0119kszej liczby my\u015bliwc\u00f3w przechwytuj\u0105cych oraz wzmocnienia jej obrony powietrznej.<\/p>\n<p>\u201eMark jest dobrze poinformowany o zagro\u017ceniach i skoordynowali\u015bmy nasze dzia\u0142ania z krajami, kt\u00f3re dysponuj\u0105 niezb\u0119dnymi pociskami i mo\u017cliwo\u015bciami udzielenia pomocy\u201d \u2014 przekaza\u0142 w\u00f3wczas Wo\u0142odymyr Ze\u0142enski.<\/p>\n<p>Rozmowa Ruttego z Tuskiem dotyczy\u0142a zatem zar\u00f3wno sytuacji na froncie ukrai\u0144sko-rosyjskim, jak i szerszych zagro\u017ce\u0144 dla bezpiecze\u0144stwa regionu. Premier wskaza\u0142 na post\u0119puj\u0105c\u0105 eskalacj\u0119 ze strony Rosji, potrzeb\u0119 dalszego wsparcia ukrai\u0144skiej obrony powietrznej oraz przygotowanie Polski i NATO na r\u00f3\u017cne scenariusze w najbli\u017cszym p\u00f3\u0142roczu.<\/p>\n<p>\t\t\t<a href=\"https:\/\/kresy.pl\/przekaz-darowizne\/\" rel=\"nofollow noopener\" target=\"_blank\"><img decoding=\"async\" src=\"https:\/\/www.europesays.com\/pl\/wp-content\/uploads\/2026\/08\/1788027133_612_oxfordBanner.png\" alt=\"Jeste\u015bmy najbardziej rzetelnymi mediami w Polsce\"\/><\/a><\/p>\n<p>\t\t\t<a href=\"https:\/\/kresy.pl\/przekaz-darowizne\/\" rel=\"nofollow noopener\" target=\"_blank\"><img decoding=\"async\" src=\"https:\/\/www.europesays.com\/pl\/wp-content\/uploads\/2026\/08\/1788027135_14_oxfordBanner-mobile.png\" alt=\"Jeste\u015bmy najbardziej rzetelnymi mediami w Polsce\"\/><\/a><\/p>\n<p lang=\"pl-PL\">Kresy.pl<\/p>\n","protected":false},"excerpt":{"rendered":"Sekretarz generalny NATO Mark Rutte przekaza\u0142 premierowi Donaldowi Tuskowi swoj\u0105 ocen\u0119 sytuacji w regionie oraz na froncie ukrai\u0144sko-rosyjskim.&hellip;\n","protected":false},"author":2,"featured_media":654265,"comment_status":"","ping_status":"","sticky":false,"template":"","format":"standard","meta":{"footnotes":"","_share_on_mastodon":"0"},"categories":[62713],"tags":[1345,41745,71,23409],"class_list":["post-654264","post","type-post","status-publish","format-standard","has-post-thumbnail","category-donald-tusk","tag-donald-tusk","tag-mark-rutte","tag-usa","tag-wojna-rosyjsko-ukrainska"],"share_on_mastodon":{"url":"https:\/\/pubeurope.com\/@pl\/117180154628079426","error":""},"_links":{"self":[{"href":"https:\/\/www.europesays.com\/pl\/wp-json\/wp\/v2\/posts\/654264","targetHints":{"allow":["GET"]}}],"collection":[{"href":"https:\/\/www.europesays.com\/pl\/wp-json\/wp\/v2\/posts"}],"about":[{"href":"https:\/\/www.europesays.com\/pl\/wp-json\/wp\/v2\/types\/post"}],"author":[{"embeddable":true,"href":"https:\/\/www.europesays.com\/pl\/wp-json\/wp\/v2\/users\/2"}],"replies":[{"embeddable":true,"href":"https:\/\/www.europesays.com\/pl\/wp-json\/wp\/v2\/comments?post=654264"}],"version-history":[{"count":0,"href":"https:\/\/www.europesays.com\/pl\/wp-json\/wp\/v2\/posts\/654264\/revisions"}],"wp:featuredmedia":[{"embeddable":true,"href":"https:\/\/www.europesays.com\/pl\/wp-json\/wp\/v2\/media\/654265"}],"wp:attachment":[{"href":"https:\/\/www.europesays.com\/pl\/wp-json\/wp\/v2\/media?parent=654264"}],"wp:term":[{"taxonomy":"category","embeddable":true,"href":"https:\/\/www.europesays.com\/pl\/wp-json\/wp\/v2\/categories?post=654264"},{"taxonomy":"post_tag","embeddable":true,"href":"https:\/\/www.europesays.com\/pl\/wp-json\/wp\/v2\/tags?post=654264"}],"curies":[{"name":"wp","href":"https:\/\/api.w.org\/{rel}","templated":true}]}}