{"id":654266,"date":"2026-08-29T18:13:11","date_gmt":"2026-08-29T18:13:11","guid":{"rendered":"https:\/\/www.europesays.com\/pl\/654266\/"},"modified":"2026-08-29T18:13:11","modified_gmt":"2026-08-29T18:13:11","slug":"nawrocki-o-braku-finansowania-tk-w-budzecie-i-kandydaturze-berka-wprost","status":"publish","type":"post","link":"https:\/\/www.europesays.com\/pl\/654266\/","title":{"rendered":"Nawrocki o braku finansowania TK w bud\u017cecie i kandydaturze Berka \u2013 Wprost"},"content":{"rendered":"\n<p>&#13;<br \/>\nKarol Nawrocki zabra\u0142 g\u0142os w\u00a0sprawie sporu o\u00a0finansowanie Trybuna\u0142u Konstytucyjnego. Podczas konferencji prasowej na\u00a0wydarzeniu Przysz\u0142o\u015b\u0107.pl w\u00a0Juracie prezydent nazwa\u0142 dzia\u0142ania rz\u0105du \u201eantypa\u0144stwowymi\u201d. &#13;\n<\/p>\n<p>&#13;<br \/>\n\u2013 Co\u00a0do\u00a0g\u0142odzenia Trybuna\u0142u Konstytucyjnego, to\u00a0jest to\u00a0dzia\u0142anie oczywi\u015bcie antypa\u0144stwowe \u2013\u00a0powiedzia\u0142 Karol Nawrocki. \u2013\u00a0Trybuna\u0142 Konstytucyjny odgrywa bardzo wa\u017cn\u0105 funkcj\u0119 w\u00a0polskim systemie ustrojowym i\u00a0nieprzeznaczenie \u015brodk\u00f3w finansowych na\u00a0funkcjonowanie Trybuna\u0142u Konstytucyjnego, my\u015bl\u0119, jest wstydem dla\u00a0obecnie rz\u0105dz\u0105cych \u2013\u00a0doda\u0142. &#13;\n<\/p>\n<p>TK nie\u00a0zosta\u0142 uj\u0119ty w\u00a0projekcie bud\u017cetu<\/p>\n<p>&#13;<br \/>\nRz\u0105d przyj\u0105\u0142 w\u00a0pi\u0105tek 28 sierpnia wst\u0119pny projekt bud\u017cetu pa\u0144stwa na\u00a02027 rok. Nie\u00a0uwzgl\u0119dniono w\u00a0nim planu dochod\u00f3w i\u00a0wydatk\u00f3w Trybuna\u0142u Konstytucyjnego. Minister finans\u00f3w i\u00a0gospodarki Andrzej Doma\u0144ski przekaza\u0142, \u017ce\u00a0plan finansowy TK nie\u00a0zosta\u0142 skutecznie dostarczony do\u00a0resortu. W\u00a0konsekwencji dochody i\u00a0wydatki Trybuna\u0142u nie\u00a0znalaz\u0142y si\u0119 w\u00a0projekcie ustawy bud\u017cetowej. &#13;\n<\/p>\n<p>&#13;<br \/>\nKonflikt dotyczy sposobu przygotowania dokumentu. Plan finansowy TK powinien zosta\u0107 przyj\u0119ty przez Zgromadzenie Og\u00f3lne S\u0119dzi\u00f3w Trybuna\u0142u Konstytucyjnego. Posiedzenia nie\u00a0uda\u0142o si\u0119 jednak przeprowadzi\u0107 ze\u00a0wzgl\u0119du na\u00a0brak wymaganego kworum. &#13;\n<\/p>\n<p>&#13;<br \/>\nPrezes TK Bogdan \u015awi\u0119czkowski przes\u0142a\u0142 dokument do\u00a0Ministerstwa Finans\u00f3w, ale\u00a0rz\u0105d zakwestionowa\u0142 skuteczno\u015b\u0107 tej procedury. Sam Trybuna\u0142 odrzuci\u0142 argumentacj\u0119 resortu. Stwierdzi\u0142, \u017ce\u00a0plan zosta\u0142 przekazany prawid\u0142owo, a\u00a0jego nieuwzgl\u0119dnienie stanowi \u201ejaskrawe naruszenie prawa przez ministra Andrzeja Doma\u0144skiego\u201d. &#13;\n<\/p>\n<p>Nawrocki o\u00a0kandydaturze Macieja Berka<\/p>\n<p>&#13;<br \/>\nPrezydent zosta\u0142 r\u00f3wnie\u017c zapytany o\u00a0kandydatur\u0119 Macieja Berka na\u00a0s\u0119dziego Trybuna\u0142u Konstytucyjnego. By\u0142y minister do\u00a0spraw nadzoru nad wdra\u017caniem polityki rz\u0105du zosta\u0142 oficjalnie zg\u0142oszony przez pos\u0142\u00f3w Koalicji Obywatelskiej. \u2013\u00a0Pan premier Donald Tusk nie\u00a0jest w\u00a0olimpijskiej formie, jak\u0105 znamy sprzed lat, wi\u0119c nie\u00a0wiem, czy\u00a0ta\u00a0kandydatura przejdzie przez polski parlament. Zobaczymy. Jak przejdzie, to\u00a0oczywi\u015bcie zajm\u0119 si\u0119 t\u0105\u00a0kandydatur\u0105 \u2013\u00a0stwierdzi\u0142 Nawrocki. &#13;\n<\/p>\n<p>&#13;<br \/>\n<a href=\"https:\/\/www.wprost.pl\/kraj\/12427020\/tusk-zapowiada-ruch-w-sprawie-tk-ostra-reakcja-palacu-prezydenckiego.html\" title=\"Rewolucja w\u00a0TK ju\u017c pewna. Zapowied\u017a Tuska rozsierdzi\u0142a Pa\u0142ac Prezydencki\" target=\"_blank\" rel=\"nofollow noopener\">Kandydatura Berka<\/a> ma\u00a0zosta\u0107 zaopiniowana przez sejmow\u0105 Komisj\u0119 Sprawiedliwo\u015bci i\u00a0Praw Cz\u0142owieka. O\u00a0jego wyborze na\u00a0s\u0119dziego TK zdecyduje nast\u0119pnie Sejm. &#13;\n<\/p>\n<p>\u201eSpektakl\u201d w\u00a0Sali Kolumnowej<\/p>\n<p>&#13;<br \/>\nKarol Nawrocki odni\u00f3s\u0142 si\u0119 r\u00f3wnie\u017c do\u00a0czterech os\u00f3b wybranych w\u00a0marcu przez Sejm na\u00a0s\u0119dzi\u00f3w TK, od\u00a0kt\u00f3rych nie\u00a0odebra\u0142 \u015blubowania. Chodzi o\u00a0Macieja Taborowskiego, Krystiana Markiewicza, Marcina Dziurd\u0119 i\u00a0Ann\u0119 Korwin-Piotrowsk\u0105. &#13;\n<\/p>\n<p>&#13;<br \/>\nW kwietniu z\u0142o\u017cyli oni \u015blubowanie w\u00a0Sali Kolumnowej Sejmu, bez udzia\u0142u prezydenta. Pa\u0142ac Prezydencki nie\u00a0uzna\u0142 tej uroczysto\u015bci. &#13;\n<\/p>\n<p>\u2013 Mamy do\u00a0czynienia z\u00a0czterema s\u0119dziami, kt\u00f3rzy wzi\u0119li udzia\u0142 w\u00a0pewnym spektaklu, przysi\u0119gaj\u0105c przed kolumn\u0105 w\u00a0Sali Kolumnowej. Tych s\u0119dzi\u00f3w oczywi\u015bcie nie\u00a0mog\u0119 powo\u0142a\u0107 na\u00a0s\u0119dzi\u00f3w Trybuna\u0142u Konstytucyjnego \u2013\u00a0powiedzia\u0142 Nawrocki.  <\/p>\n<p>&#13;<br \/>\nZgodnie z\u00a0konstytucj\u0105 s\u0119dzi\u00f3w Trybuna\u0142u Konstytucyjnego wybiera Sejm. Rol\u0105 prezydenta jest odebranie od\u00a0nich \u015blubowania. Sp\u00f3r o\u00a0cztery osoby wybrane przez parlament pozostaje jednym z\u00a0element\u00f3w szerszego konfliktu dotycz\u0105cego przysz\u0142o\u015bci TK. &#13;\n<\/p>\n<p>&#13;<br \/>\n   Czytaj te\u017c:<br \/><a href=\"https:\/\/www.wprost.pl\/kraj\/12426774\/maciej-berek-w-tk-donald-tusk-na-campusie-polska-tlumaczy-powody.html\" rel=\"follow nofollow noopener\" data-schema=\"WPROST\" data-image=\"https:\/\/img.wprost.pl\/_thumb\/a0\/e2\/6c1315dcd082ab58f8c3aa3d2d93.jpeg\" target=\"_blank\">Pomys\u0142 Tuska wywo\u0142a\u0142 burz\u0119. \u201eNie mam zamiaru kapitulowa\u0107\u201d<\/a>   Czytaj te\u017c:<br \/><a href=\"https:\/\/www.wprost.pl\/kraj\/12426663\/zurek-ani-zlotowki-dla-tk-trybunal-odpowiada.html\" rel=\"follow nofollow noopener\" data-schema=\"WPROST\" data-image=\"https:\/\/img.wprost.pl\/_thumb\/31\/ae\/027de88306c50078b89c083c6f35.jpeg\" target=\"_blank\">Trybuna\u0142 Konstytucyjny odpowiada \u017burkowi i\u00a0Doma\u0144skiemu. \u201eAni z\u0142ot\u00f3wki\u201d<\/a>&#13;<\/p>\n","protected":false},"excerpt":{"rendered":"&#13; Karol Nawrocki zabra\u0142 g\u0142os w\u00a0sprawie sporu o\u00a0finansowanie Trybuna\u0142u Konstytucyjnego. Podczas konferencji prasowej na\u00a0wydarzeniu Przysz\u0142o\u015b\u0107.pl w\u00a0Juracie prezydent nazwa\u0142&hellip;\n","protected":false},"author":2,"featured_media":654267,"comment_status":"","ping_status":"","sticky":false,"template":"","format":"standard","meta":{"footnotes":"","_share_on_mastodon":"0"},"categories":[62712],"tags":[31362,127702,105682,7976,690,49,127700,51372,127699,127701,59734,907,11829,423,49933,8233,8232,43315],"class_list":["post-654266","post","type-post","status-publish","format-standard","has-post-thumbnail","category-karol-nawrocki","tag-andrzej-domanski","tag-anna-korwin-piotrowska","tag-artur-siekaczynski","tag-bogdan-swieczkowski","tag-karol-nawrocki","tag-kraj","tag-krystian-markiewicz","tag-maciej-berek","tag-maciej-taborowski","tag-marcin-dziurda","tag-opinie-i-komentarze","tag-polityka","tag-sedziowie","tag-sejm","tag-slubowanie","tag-tk","tag-trybunal-konstytucyjny","tag-wprost"],"share_on_mastodon":{"url":"https:\/\/pubeurope.com\/@pl\/117180157521568728","error":""},"_links":{"self":[{"href":"https:\/\/www.europesays.com\/pl\/wp-json\/wp\/v2\/posts\/654266","targetHints":{"allow":["GET"]}}],"collection":[{"href":"https:\/\/www.europesays.com\/pl\/wp-json\/wp\/v2\/posts"}],"about":[{"href":"https:\/\/www.europesays.com\/pl\/wp-json\/wp\/v2\/types\/post"}],"author":[{"embeddable":true,"href":"https:\/\/www.europesays.com\/pl\/wp-json\/wp\/v2\/users\/2"}],"replies":[{"embeddable":true,"href":"https:\/\/www.europesays.com\/pl\/wp-json\/wp\/v2\/comments?post=654266"}],"version-history":[{"count":0,"href":"https:\/\/www.europesays.com\/pl\/wp-json\/wp\/v2\/posts\/654266\/revisions"}],"wp:featuredmedia":[{"embeddable":true,"href":"https:\/\/www.europesays.com\/pl\/wp-json\/wp\/v2\/media\/654267"}],"wp:attachment":[{"href":"https:\/\/www.europesays.com\/pl\/wp-json\/wp\/v2\/media?parent=654266"}],"wp:term":[{"taxonomy":"category","embeddable":true,"href":"https:\/\/www.europesays.com\/pl\/wp-json\/wp\/v2\/categories?post=654266"},{"taxonomy":"post_tag","embeddable":true,"href":"https:\/\/www.europesays.com\/pl\/wp-json\/wp\/v2\/tags?post=654266"}],"curies":[{"name":"wp","href":"https:\/\/api.w.org\/{rel}","templated":true}]}}