{"id":654312,"date":"2026-08-29T18:43:08","date_gmt":"2026-08-29T18:43:08","guid":{"rendered":"https:\/\/www.europesays.com\/pl\/654312\/"},"modified":"2026-08-29T18:43:08","modified_gmt":"2026-08-29T18:43:08","slug":"prezydent-grzmi-ws-braku-pieniedzy-dla-tk-wstyd-dla-obecnie-rzadzacych","status":"publish","type":"post","link":"https:\/\/www.europesays.com\/pl\/654312\/","title":{"rendered":"Prezydent grzmi ws. braku pieni\u0119dzy dla TK: Wstyd dla obecnie rz\u0105dz\u0105cych"},"content":{"rendered":"\n<p>&#13;<br \/>\nPodczas konferencji prasowej w\u00a0Juracie, zorganizowanej w\u00a0ramach wydarzenia \u201ePrzysz\u0142o\u015b\u0107.pl\u201d, odni\u00f3s\u0142 si\u0119 te\u017c do\u00a0czworga s\u0119dzi\u00f3w, od\u00a0kt\u00f3rych nie\u00a0odebra\u0142 \u015blubowania, oraz\u00a0kandydatury Macieja Berka do\u00a0TK. &#13;\n<\/p>\n<p>Nawrocki o\u00a0finansowaniu TK: Wstyd dla\u00a0obecnie rz\u0105dz\u0105cych<\/p>\n<p>&#13;<br \/>\nPrezydent zosta\u0142 zapytany o\u00a0sytuacj\u0119 Trybuna\u0142u Konstytucyjnego w\u00a0zwi\u0105zku z\u00a0projektem bud\u017cetu na\u00a0kolejny rok, w\u00a0kt\u00f3rym nie\u00a0uwzgl\u0119dniono wydatk\u00f3w na\u00a0funkcjonowanie TK. Nawrocki jednoznacznie skrytykowa\u0142 sytuacj\u0119. &#13;\n<\/p>\n<p>&#13;<br \/>\n\u2013 Trybuna\u0142 Konstytucyjny odgrywa bardzo wa\u017cn\u0105 funkcj\u0119 w\u00a0polskim systemie ustrojowym i\u00a0nieprzeznaczanie \u015brodk\u00f3w finansowych dla\u00a0funkcjonowania Trybuna\u0142u Konstytucyjnego, my\u015bl\u0119, jest wstydem dla\u00a0obecnie rz\u0105dz\u0105cych \u2013\u00a0powiedzia\u0142. &#13;\n<\/p>\n<p>&#8222;Przysi\u0119gali przed kolumn\u0105&#8221;<\/p>\n<p>&#13;<br \/>\nW kontek\u015bcie pyta\u0144 dotycz\u0105cych funkcjonowania Trybuna\u0142u Konstytucyjnego, prezydent Karol Nawrocki odni\u00f3s\u0142 si\u0119 r\u00f3wnie\u017c do\u00a0czworga s\u0119dzi\u00f3w TK, od\u00a0kt\u00f3rych nie\u00a0odebra\u0142 \u015blubowania. Chodzi o\u00a0Krystiana Markiewicza, Macieja Taborowskiego, Marcina Dziurd\u0119 i\u00a0Ann\u0119 Korwin-Piotrowsk\u0105. \u2013\u00a0Mamy do\u00a0czynienia z\u00a0czterema s\u0119dziami, kt\u00f3rzy wzi\u0119li udzia\u0142 w\u00a0pewnym spektaklu, przysi\u0119gaj\u0105c przed kolumn\u0105 w\u00a0Sali Kolumnowej. Tych s\u0119dzi\u00f3w oczywi\u015bcie nie\u00a0mog\u0119 powo\u0142a\u0107 na\u00a0s\u0119dzi\u00f3w Trybuna\u0142u Konstytucyjnego \u2013\u00a0stwierdzi\u0142 prezydent. &#13;\n<\/p>\n<p>&#13;<br \/>\nNawrocki nawi\u0105za\u0142 w\u00a0ten spos\u00f3b do\u00a0wydarze\u0144 z\u00a09 kwietnia. Czworo wybranych przez Sejm s\u0119dzi\u00f3w z\u0142o\u017cy\u0142o w\u00f3wczas \u015blubowanie w\u00a0Sejmie pod\u00a0nieobecno\u015b\u0107, ale\u00a0jak t\u0142umaczyli przedstawiciele obozu rz\u0105dz\u0105cego \u2013\u00a0&#8222;wobec prezydenta&#8221;. Wcze\u015bniej zaprosili Nawrockiego na\u00a0uroczysto\u015b\u0107, jednak prezydent si\u0119 na\u00a0niej nie\u00a0pojawi\u0142. &#13;\n<\/p>\n<p>Co z\u00a0kandydatur\u0105 Macieja Berka?<\/p>\n<p>&#13;<br \/>\nPodczas konferencji Nawrocki zosta\u0142 r\u00f3wnie\u017c zapytany o\u00a0<a href=\"https:\/\/dorzeczy.pl\/kraj\/929902\/berek-odwolany-z-rzadu-opublikowano-postanowienie-prezydenta.html\" rel=\"nofollow noopener\" target=\"_blank\">Macieja Berka<\/a>, by\u0142ego ministra ds. nadzoru nad wdra\u017caniem polityki rz\u0105du i\u00a0jednego z\u00a0najbli\u017cszych wsp\u00f3\u0142pracownik\u00f3w Donalda Tuska. Berek zosta\u0142 w\u00a0sierpniu kandydatem Koalicji Obywatelskiej na\u00a0s\u0119dziego Trybuna\u0142u Konstytucyjnego. &#13;\n<\/p>\n<p>&#13;<br \/>\nPrezydent nie\u00a0przes\u0105dzi\u0142, jak zachowa si\u0119, je\u015bli kandydatura zostanie przeg\u0142osowana przez Sejm. \u2013\u00a0Nie\u00a0wiem, czy\u00a0ta\u00a0kandydatura przejdzie przez parlament. Zobaczymy. Jak przejdzie, to\u00a0oczywi\u015bcie zajm\u0119 si\u0119 t\u0105\u00a0kandydatur\u0105 \u2013\u00a0powiedzia\u0142 Nawrocki. &#13;\n<\/p>\n<p>&#13;<br \/>\n   Czytaj te\u017c:<br \/><a href=\"https:\/\/dorzeczy.pl\/opinie\/935770\/nawrocki-o-lobbingu-ws-zondacrypto-nietrafiona-propaganda-uderza-w-tuska.html\" rel=\"follow nofollow noopener\" data-schema=\"DORZECZY\" data-image=\"https:\/\/img.dorzeczy.pl\/_thumb\/aa\/e4\/8b3758e7047f6033666aeb74a4f4.jpeg\" target=\"_blank\">Nawrocki o\u00a0lobbingu ws. Zondacrypto: Nietrafiona propaganda. Uderza w\u00a0s\u0142u\u017cby Tuska<\/a>   Czytaj te\u017c:<br \/><a href=\"https:\/\/dorzeczy.pl\/opinie\/935422\/premier-tusk-o-przejeciu-tk-miec-pewnosc-ze-nasi-sedziowie-wejda-do-budynku.html\" rel=\"follow nofollow noopener\" data-schema=\"DORZECZY\" data-image=\"https:\/\/img.dorzeczy.pl\/_thumb\/d9\/bd\/df5ccb79d0ec911c502a48d6fe78.jpeg\" target=\"_blank\">Tusk o\u00a0przej\u0119ciu TK. &#8222;Mie\u0107 pewno\u015b\u0107, \u017ce\u00a0nasi s\u0119dziowie wejd\u0105 do\u00a0budynku&#8221;<\/a>&#13;<\/p>\n","protected":false},"excerpt":{"rendered":"&#13; Podczas konferencji prasowej w\u00a0Juracie, zorganizowanej w\u00a0ramach wydarzenia \u201ePrzysz\u0142o\u015b\u0107.pl\u201d, odni\u00f3s\u0142 si\u0119 te\u017c do\u00a0czworga s\u0119dzi\u00f3w, od\u00a0kt\u00f3rych nie\u00a0odebra\u0142 \u015blubowania, oraz\u00a0kandydatury&hellip;\n","protected":false},"author":2,"featured_media":654313,"comment_status":"","ping_status":"","sticky":false,"template":"","format":"standard","meta":{"footnotes":"","_share_on_mastodon":"0"},"categories":[62712],"tags":[31362,387,1345,98,14121,690,49,51372,249,102,380,63314,423,8233,8232],"class_list":["post-654312","post","type-post","status-publish","format-standard","has-post-thumbnail","category-karol-nawrocki","tag-andrzej-domanski","tag-budzet","tag-donald-tusk","tag-dorzeczy","tag-kancelaria-prezydenta","tag-karol-nawrocki","tag-kraj","tag-maciej-berek","tag-ministerstwo-finansow","tag-opinie","tag-rzad","tag-sedziowie-tk","tag-sejm","tag-tk","tag-trybunal-konstytucyjny"],"share_on_mastodon":{"url":"https:\/\/pubeurope.com\/@pl\/117180275318928580","error":""},"_links":{"self":[{"href":"https:\/\/www.europesays.com\/pl\/wp-json\/wp\/v2\/posts\/654312","targetHints":{"allow":["GET"]}}],"collection":[{"href":"https:\/\/www.europesays.com\/pl\/wp-json\/wp\/v2\/posts"}],"about":[{"href":"https:\/\/www.europesays.com\/pl\/wp-json\/wp\/v2\/types\/post"}],"author":[{"embeddable":true,"href":"https:\/\/www.europesays.com\/pl\/wp-json\/wp\/v2\/users\/2"}],"replies":[{"embeddable":true,"href":"https:\/\/www.europesays.com\/pl\/wp-json\/wp\/v2\/comments?post=654312"}],"version-history":[{"count":0,"href":"https:\/\/www.europesays.com\/pl\/wp-json\/wp\/v2\/posts\/654312\/revisions"}],"wp:featuredmedia":[{"embeddable":true,"href":"https:\/\/www.europesays.com\/pl\/wp-json\/wp\/v2\/media\/654313"}],"wp:attachment":[{"href":"https:\/\/www.europesays.com\/pl\/wp-json\/wp\/v2\/media?parent=654312"}],"wp:term":[{"taxonomy":"category","embeddable":true,"href":"https:\/\/www.europesays.com\/pl\/wp-json\/wp\/v2\/categories?post=654312"},{"taxonomy":"post_tag","embeddable":true,"href":"https:\/\/www.europesays.com\/pl\/wp-json\/wp\/v2\/tags?post=654312"}],"curies":[{"name":"wp","href":"https:\/\/api.w.org\/{rel}","templated":true}]}}