{"id":654344,"date":"2026-08-29T19:10:11","date_gmt":"2026-08-29T19:10:11","guid":{"rendered":"https:\/\/www.europesays.com\/pl\/654344\/"},"modified":"2026-08-29T19:10:11","modified_gmt":"2026-08-29T19:10:11","slug":"raport-czytelnika-auto-wjechalo-doslownie-na-plaze-trojmiasto-pl","status":"publish","type":"post","link":"https:\/\/www.europesays.com\/pl\/654344\/","title":{"rendered":"[Raport czytelnika] Auto wjecha\u0142o &#8211; dos\u0142ownie &#8211; na pla\u017c\u0119 &#8211; Trojmiasto.pl"},"content":{"rendered":"<ol>\n<li><a href=\"https:\/\/news.google.com\/rss\/articles\/CBMihgFBVV95cUxQVnp5RUI2Q2tGSHBnV0dudFFrbV9Kd0Vjal9HZHQzdFAyMC1PWUFBZjEwdEVkaGI3UjFFRUhSWGU2eUZvbDZMODgwTklnWDhOWWNDQnZaZDRueWVRTXMzOFVVMWdzZ2VrVmlJSGZGZW9QWXJPemNNSkdKRkR6aVRuTWtQV3I4QQ?oc=5\" target=\"_blank\" rel=\"nofollow noopener\">[Raport czytelnika] Auto wjecha\u0142o &#8211; dos\u0142ownie &#8211; na pla\u017c\u0119<\/a>&nbsp;&nbsp;Trojmiasto.pl<\/li>\n<li><a href=\"https:\/\/news.google.com\/rss\/articles\/CBMirgFBVV95cUxPcVRoSF9KNmtpUEVCNEx4R3puNkF5RlItbHJuTHRHODdDZlNmNzFqeENvUnZhQ3JETldTY0dUNnJjd0dDUGctX2xxbTQxbF8zTnlKMFY0emJpUXo5a0ViWWNyeWpjMXZEaTRmQUw4U3NHMkc1S1hyUWVabGdPZGpRVDFzNUZXbXdOQVVzaDczR09Ka3hNbmp1dTNaRDM0Q2hsVXhDVlFIa1BZYUNCZnc?oc=5\" target=\"_blank\" rel=\"nofollow noopener\">G\u0105ski: kto\u015b wjecha\u0142 po skuter wodny prawie do morza i utkn\u0105\u0142 na brzegu<\/a>&nbsp;&nbsp;Donald.pl<\/li>\n<li><a href=\"https:\/\/news.google.com\/rss\/articles\/CBMixAFBVV95cUxQeWV3RjFXcFJCWnNvbUE1amhtM0pyRWl4aGVORnllUkxETDQySmZJTEVydXI5T3JkNGd0R3hxS3RnMWFSanVwTHoySFY0ZldfaWpyNUEwT0RacjJyX3V2UlRYRmk4REZUeHB5cEFxWk5taXdTVzB4LVdIQ2pydWt0QVlMVXRyWGNXVkJOaGt0OURtdDctTzhYdU5SdnBjY3pJZDVKVFhhMlI4ZTBpWm04T2o4cFZsa2ZvMlIwcVZPaURVQWFP?oc=5\" target=\"_blank\" rel=\"nofollow noopener\">Wjecha\u0142 SUV-em niemal do morza. Chcia\u0142 zabra\u0107 skuter, utkn\u0105\u0142 w piasku<\/a>&nbsp;&nbsp;Onet<\/li>\n<li><a href=\"https:\/\/news.google.com\/rss\/articles\/CBMiqAFBVV95cUxPU200a3Bhc2dudHVqUGZtWGpjRUxKcUNJR2Rqb2dSd3FjMEVKZFFFNFlzNjZibm10ZFZ0R0FCcWZXQ2RUSDR1dEJkX0pTMUZ1NWw1WE12YXZNTzIyTlM5NGFkQTNOdTNLOEU4SlJZeFhyWWllZ1pVMGJKekktcnJPMmZWXy1MbE9TU0tfdGxKRVZyWmtrT2l0c0twQkhZaUJhSlY1eTR2QkM?oc=5\" target=\"_blank\" rel=\"nofollow noopener\">Wjecha\u0142 SUV-em na pla\u017c\u0119 w G\u0105skach. &#8222;Ca\u0142kowicie poza kontrol\u0105&#8221;<\/a>&nbsp;&nbsp;o2<\/li>\n<li><a href=\"https:\/\/news.google.com\/rss\/articles\/CBMihAFBVV95cUxOcmhmeVpkTWtFMlVXV3RLejAxLVpKMHpMdlY2ZHBEMk9pbUJXTkp1R3cyMkFDSzMzQVNQS18wdmY5SXpRcHNXS0ktbGVCdVUtM2JEdkNwLUR1NWh5blNhT0h2MjdNdmVjam5UaDVYNmZYbTltSFo4NDczUFJoOU5vdEtCZ2Q?oc=5\" target=\"_blank\" rel=\"nofollow noopener\">SUV utkn\u0105\u0142 na pla\u017cy w G\u0105skach przy samej wodzie<\/a>&nbsp;&nbsp;MotoGuru.pl<\/li>\n<\/ol>\n","protected":false},"excerpt":{"rendered":"[Raport czytelnika] Auto wjecha\u0142o &#8211; dos\u0142ownie &#8211; na pla\u017c\u0119&nbsp;&nbsp;Trojmiasto.pl G\u0105ski: kto\u015b wjecha\u0142 po skuter wodny prawie do morza&hellip;\n","protected":false},"author":2,"featured_media":654345,"comment_status":"","ping_status":"","sticky":false,"template":"","format":"standard","meta":{"footnotes":"","_share_on_mastodon":"0"},"categories":[16],"tags":[127706,113,112,6485,1064,42,38,40,39,41,1063,6486],"class_list":["post-654344","post","type-post","status-publish","format-standard","has-post-thumbnail","category-biznes","tag-auto-wjechalo-doslownie-na-plaze-aktualnosci","tag-biznes","tag-business","tag-filmy-czytelnikow","tag-gdynia","tag-pl","tag-poland","tag-polish","tag-polska","tag-polski","tag-sopot","tag-zdjecia-gdansk"],"share_on_mastodon":{"url":"https:\/\/pubeurope.com\/@pl\/117180381583784161","error":""},"_links":{"self":[{"href":"https:\/\/www.europesays.com\/pl\/wp-json\/wp\/v2\/posts\/654344","targetHints":{"allow":["GET"]}}],"collection":[{"href":"https:\/\/www.europesays.com\/pl\/wp-json\/wp\/v2\/posts"}],"about":[{"href":"https:\/\/www.europesays.com\/pl\/wp-json\/wp\/v2\/types\/post"}],"author":[{"embeddable":true,"href":"https:\/\/www.europesays.com\/pl\/wp-json\/wp\/v2\/users\/2"}],"replies":[{"embeddable":true,"href":"https:\/\/www.europesays.com\/pl\/wp-json\/wp\/v2\/comments?post=654344"}],"version-history":[{"count":0,"href":"https:\/\/www.europesays.com\/pl\/wp-json\/wp\/v2\/posts\/654344\/revisions"}],"wp:featuredmedia":[{"embeddable":true,"href":"https:\/\/www.europesays.com\/pl\/wp-json\/wp\/v2\/media\/654345"}],"wp:attachment":[{"href":"https:\/\/www.europesays.com\/pl\/wp-json\/wp\/v2\/media?parent=654344"}],"wp:term":[{"taxonomy":"category","embeddable":true,"href":"https:\/\/www.europesays.com\/pl\/wp-json\/wp\/v2\/categories?post=654344"},{"taxonomy":"post_tag","embeddable":true,"href":"https:\/\/www.europesays.com\/pl\/wp-json\/wp\/v2\/tags?post=654344"}],"curies":[{"name":"wp","href":"https:\/\/api.w.org\/{rel}","templated":true}]}}