{"id":654346,"date":"2026-08-29T19:11:09","date_gmt":"2026-08-29T19:11:09","guid":{"rendered":"https:\/\/www.europesays.com\/pl\/654346\/"},"modified":"2026-08-29T19:11:09","modified_gmt":"2026-08-29T19:11:09","slug":"tak-putin-wytlumaczyl-dlaczego-rosja-zaatakowala-ukraine-kuriozalne-porownanie","status":"publish","type":"post","link":"https:\/\/www.europesays.com\/pl\/654346\/","title":{"rendered":"Tak Putin wyt\u0142umaczy\u0142, dlaczego Rosja zaatakowa\u0142a Ukrain\u0119. Kuriozalne por\u00f3wnanie"},"content":{"rendered":"<p>\u2014 One [orki] jedz\u0105 te nied\u017awiedzie jak drobnic\u0119. Po prostu rzucaj\u0105 si\u0119 na nie watah\u0105 i rozrywaj\u0105 na kawa\u0142ki. To bardzo ciekawe. Taki \u0142a\u0144cuch pokarmowy. O tym r\u00f3wnie\u017c trzeba m\u00f3wi\u0107 dzieciom, \u017ceby rozumia\u0142y, w jakim \u015bwiecie \u017cyjemy i dlaczego prowadzimy specjaln\u0105 operacj\u0119 wojskow\u0105 \u2014 powiedzia\u0142 Putin w chwili, gdy nauczyciel opowiada\u0142 mu o swojej wyprawie na biegun p\u00f3\u0142nocny (cytat za TASS).<\/p>\n<p>Putin przypomnia\u0142 tak\u017ce tw\u00f3rczo\u015b\u0107 Jacka Londona i opisywane przez niego zwyczaje lud\u00f3w p\u00f3\u0142nocy, kt\u00f3re zostawia\u0142y starszych ludzi na pastw\u0119 wilk\u00f3w, poniewa\u017c plemi\u0119 nie mog\u0142o ich &#8222;ci\u0105gn\u0105\u0107 ze sob\u0105&#8221;. \u2014 Tak, to wygl\u0105da do\u015b\u0107 brutalnie, ale tak wygl\u0105da ich \u017cycie \u2014 doda\u0142 prezydent Rosji.<\/p>\n<p>&#8222;Fronty Wojny&#8221;. Ekspert: Rosja szykuje si\u0119 do zadania masowych strat na terytorium NATO. Najgro\u017aniejsze miesi\u0105ce przed nami<\/p>\n<p class=\"ods-o-frame-in-text__paragraph\"><a href=\"https:\/\/wiadomosci.onet.pl\/tylko-w-onecie\/fronty-wojny-ekspert-rosja-szykuje-sie-do-zadania-masowych-strat-najgrozniejsze\/n4b6wqj?tpcc=202608_bloczek_newsroom\" id=\"d77e35e1-547f-4373-b1e8-c3b53be49d4b\" rel=\"nofollow noopener\" target=\"_blank\">Przeczytaj ca\u0142o\u015b\u0107 artyku\u0142u!<\/a><\/p>\n<p><img class=\"ods-a-photo ods-a-photo--background\" src=\"https:\/\/www.europesays.com\/pl\/wp-content\/uploads\/2026\/08\/H0xk9lBaHR0cHM6Ly9vY2RuLmV1L3B1bHNjbXMvTURBXy85MGM3ZWZmZjMyMjZhMWNkMmUyYmNiMzE5NWVlNjRhZi5qcGeRlQLNA.jpeg\" height=\"299\" width=\"450\" alt=\"W\u0142adimir Putin\" loading=\"lazy\" fetchpriority=\"low\" decoding=\"async\"\/><\/p>\n<p>Rozp\u0119tana przez Putina pe\u0142noskalowa wojna przeciwko Ukrainie przynios\u0142a Rosji ogromne straty ludzkie. Wed\u0142ug Centrum Studi\u00f3w Strategicznych i Mi\u0119dzynarodowych (CSIS) do lipca 2026 r. ca\u0142kowite straty rosyjskiej armii przekroczy\u0142y 1,4 mln zabitych i ci\u0119\u017cko rannych, kt\u00f3rzy nie byli w stanie wr\u00f3ci\u0107 do s\u0142u\u017cby. Obecnie rosyjska armia co miesi\u0105c traci w Ukrainie oko\u0142o 6 tys. \u017co\u0142nierzy wi\u0119cej, ni\u017c udaje si\u0119 zwerbowa\u0107 Ministerstwu Obrony.<\/p>\n<p>Ponadto po rozpocz\u0119ciu pe\u0142noskalowej wojny i og\u0142oszeniu mobilizacji w 2022 r. Rosj\u0119 opu\u015bci\u0142o \u2014 wed\u0142ug r\u00f3\u017cnych szacunk\u00f3w \u2014 od 600 tys. do ponad miliona os\u00f3b.<\/p>\n<p>\u0179r\u00f3d\u0142o:The Moscow Times<\/p>\n<p>Data utworzenia:29 sierpnia 2026, 20:07<\/p>\n","protected":false},"excerpt":{"rendered":"\u2014 One [orki] jedz\u0105 te nied\u017awiedzie jak drobnic\u0119. Po prostu rzucaj\u0105 si\u0119 na nie watah\u0105 i rozrywaj\u0105 na&hellip;\n","protected":false},"author":2,"featured_media":654347,"comment_status":"","ping_status":"","sticky":false,"template":"","format":"standard","meta":{"footnotes":"","_share_on_mastodon":"0"},"categories":[14],"tags":[61195,32,33,27,76,34,35,28,31,48,25,46,55,40,41,87,47,80,29,30,415,26,408,82,83,84],"class_list":["post-654346","post","type-post","status-publish","format-standard","has-post-thumbnail","category-swiat","tag-bottomfeed_styl","tag-breaking-news","tag-breakingnews","tag-headlines","tag-inwazja_rosji_na_ukraine","tag-latest-news","tag-latestnews","tag-naglowki","tag-najwazniejsze-artykuly","tag-nat_styl","tag-news","tag-omp","tag-phx","tag-polish","tag-polski","tag-rosja","tag-screening_general","tag-swiat","tag-top-stories","tag-topstories","tag-ukraina","tag-wiadomosci","tag-wladimir_putin","tag-world","tag-world-news","tag-worldnews"],"share_on_mastodon":{"url":"https:\/\/pubeurope.com\/@pl\/117180386480972154","error":""},"_links":{"self":[{"href":"https:\/\/www.europesays.com\/pl\/wp-json\/wp\/v2\/posts\/654346","targetHints":{"allow":["GET"]}}],"collection":[{"href":"https:\/\/www.europesays.com\/pl\/wp-json\/wp\/v2\/posts"}],"about":[{"href":"https:\/\/www.europesays.com\/pl\/wp-json\/wp\/v2\/types\/post"}],"author":[{"embeddable":true,"href":"https:\/\/www.europesays.com\/pl\/wp-json\/wp\/v2\/users\/2"}],"replies":[{"embeddable":true,"href":"https:\/\/www.europesays.com\/pl\/wp-json\/wp\/v2\/comments?post=654346"}],"version-history":[{"count":0,"href":"https:\/\/www.europesays.com\/pl\/wp-json\/wp\/v2\/posts\/654346\/revisions"}],"wp:featuredmedia":[{"embeddable":true,"href":"https:\/\/www.europesays.com\/pl\/wp-json\/wp\/v2\/media\/654347"}],"wp:attachment":[{"href":"https:\/\/www.europesays.com\/pl\/wp-json\/wp\/v2\/media?parent=654346"}],"wp:term":[{"taxonomy":"category","embeddable":true,"href":"https:\/\/www.europesays.com\/pl\/wp-json\/wp\/v2\/categories?post=654346"},{"taxonomy":"post_tag","embeddable":true,"href":"https:\/\/www.europesays.com\/pl\/wp-json\/wp\/v2\/tags?post=654346"}],"curies":[{"name":"wp","href":"https:\/\/api.w.org\/{rel}","templated":true}]}}