{"id":654364,"date":"2026-08-29T19:26:21","date_gmt":"2026-08-29T19:26:21","guid":{"rendered":"https:\/\/www.europesays.com\/pl\/654364\/"},"modified":"2026-08-29T19:26:21","modified_gmt":"2026-08-29T19:26:21","slug":"pamietamy-o-bohaterach-gdansk-oddal-hold-ince-i-zagonczykowi","status":"publish","type":"post","link":"https:\/\/www.europesays.com\/pl\/654364\/","title":{"rendered":"Pami\u0119tamy o bohaterach &#8211; Gda\u0144sk odda\u0142 ho\u0142d &#8222;Ince&#8221; i &#8222;Zago\u0144czykowi&#8221;"},"content":{"rendered":"<p>Obchody rozpocz\u0119\u0142a Msza \u015bw. w Bazylice Mariackiej. Nast\u0119pnie ulicami Gda\u0144ska ruszy\u0142 uroczysty poch\u00f3d pod has\u0142em &#8222;Inka i Zago\u0144czyk. Pami\u0119tamy o bohaterach\u201d. Jego uczestnicy nie\u015bli wielk\u0105 bia\u0142o-czerwon\u0105 flag\u0119. Trasa prowadzi\u0142a m.in. ulicami Piwn\u0105, Szerok\u0105, Hucisko i 3 Maja.<\/p>\n<p>Szczeg\u00f3lnym momentem przemarszu by\u0142o zatrzymanie przy Areszcie \u015aledczym przy ul. Kurkowej. To w\u0142a\u015bnie w gda\u0144skim wi\u0119zieniu 28 sierpnia 1946 roku wykonano wyroki \u015bmierci na &#8222;Ince\u201d i &#8222;Zago\u0144czyku\u201d.<\/p>\n<p>Kulminacj\u0105 obchod\u00f3w by\u0142y uroczysto\u015bci na Cmentarzu Garnizonowym, gdzie dzi\u015b spoczywaj\u0105 oboje bohaterowie. Przy ich grobach zgromadzili si\u0119 przedstawiciele w\u0142adz pa\u0144stwowych i samorz\u0105dowych, Instytutu Pami\u0119ci Narodowej, Wojska Polskiego, \u015brodowisk kombatanckich i antykomunistycznych, harcerze, m\u0142odzie\u017c, mieszka\u0144cy Gda\u0144ska oraz go\u015bcie przybyli z r\u00f3\u017cnych cz\u0119\u015bci kraju. W uroczysto\u015bciach uczestniczyli tak\u017ce dzia\u0142acze antykomunistyczni Joanna i Andrzej Gwiazdowie.<\/p>\n<p>Wyra\u017anie widoczne by\u0142y r\u00f3wnie\u017c \u015brodowiska kibicowskie. Do Gda\u0144ska przyby\u0142y delegacje kibic\u00f3w, m.in. Lechii Gda\u0144sk, Zawiszy Bydgoszcz i Ba\u0142tyku Gdynia. Wsp\u00f3lnie z pozosta\u0142ymi uczestnikami oddali ho\u0142d &#8222;Ince\u201d i &#8222;Zago\u0144czykowi\u201d, pokazuj\u0105c, \u017ce pami\u0119\u0107 o \u017co\u0142nierzach podziemia niepodleg\u0142o\u015bciowego pozostaje \u017cywa tak\u017ce w \u015brodowiskach kibicowskich.<\/p>\n<p>Na Cmentarzu Garnizonowym mo\u017cna by\u0142o spotka\u0107 ludzi, kt\u00f3rzy specjalnie na rocznicowe obchody pokonali setki kilometr\u00f3w. W\u015br\u00f3d nich by\u0142a pani Anna z Bydgoszczy.<\/p>\n<p>&#8211; Przyjecha\u0142am tutaj, bo 28 sierpnia to wa\u017cna data i nie mo\u017cemy o niej zapomina\u0107. &#8222;Inka\u201d i &#8222;Zago\u0144czyk\u201d zap\u0142acili \u017cyciem za wierno\u015b\u0107 Polsce i swoim przekonaniom. Jeste\u015bmy im winni pami\u0119\u0107 i szacunek. Chcia\u0142am by\u0107 dzisiaj przy ich grobach i osobi\u015bcie odda\u0107 im ho\u0142d &#8211; m\u00f3wi\u0142a.<\/p>\n<p>Z Podlasia przyjecha\u0142a Joasia, harcerka, dla kt\u00f3rej historia niespe\u0142na osiemnastoletniej Danuty Siedzik\u00f3wny jest tak\u017ce opowie\u015bci\u0105 o warto\u015bciach wa\u017cnych dla wsp\u00f3\u0142czesnego m\u0142odego pokolenia.<\/p>\n<p>&#8211; &#8222;Inka\u201d pokazuje nam, czym s\u0105 odwaga, honor i wierno\u015b\u0107 warto\u015bciom. By\u0142a bardzo m\u0142oda, a mimo tego w najtrudniejszej chwili nie wyrzek\u0142a si\u0119 tego, w co wierzy\u0142a. Dla mnie jest wzorem postawy prawdziwej Polki. Chc\u0119 pami\u0119ta\u0107 o takich ludziach i przekazywa\u0107 t\u0119 pami\u0119\u0107 dalej &#8211; podkre\u015bla\u0142a Joasia.<\/p>\n<p>Takich os\u00f3b by\u0142o tego dnia wi\u0119cej. Starsi i m\u0142odsi, harcerze, kibice, rodziny z dzie\u0107mi, mieszka\u0144cy Gda\u0144ska i osoby, kt\u00f3re przyjecha\u0142y z odleg\u0142ych cz\u0119\u015bci Polski. Obok oficjalnych delegacji stali ludzie, kt\u00f3rzy pojawili si\u0119 na Cmentarzu Garnizonowym z w\u0142asnej potrzeby pami\u0119ci i oddania ho\u0142du bohaterom.<\/p>\n<p>Jednym z najbardziej osobistych moment\u00f3w uroczysto\u015bci by\u0142o wyst\u0105pienie Anny Tertel, wnuczki siostry Danuty Siedzik\u00f3wny. Apelowa\u0142a, by pami\u0119ta\u0107 o &#8222;Ince\u201d nie tylko jako o symbolu i bohaterce znanej z podr\u0119cznik\u00f3w historii, lecz r\u00f3wnie\u017c jako o m\u0142odej dziewczynie, kt\u00f3rej brutalnie odebrano \u017cycie.<\/p>\n<p>&#8211; Historyk powie nam, gdzie by\u0142a i z kim walczy\u0142a. Rodzina pami\u0119ta cz\u0142owieka, a ten nigdy nie sk\u0142ada si\u0119 wy\u0142\u0105cznie z wielkich czyn\u00f3w. Sk\u0142ada si\u0119 tak\u017ce z drobiazg\u00f3w: sposobu, w jaki si\u0119 \u015bmia\u0142, tego, co lubi\u0142, z relacji z bliskimi. Pami\u0119tajmy &#8222;Ink\u0119\u201d nie tylko jako sanitariuszk\u0119, \u0142\u0105czniczk\u0119 i \u017co\u0142nierza podziemia niepodleg\u0142o\u015bciowego, ale tak\u017ce jako m\u0142od\u0105 kobiet\u0119, kt\u00f3rej brutalnie odebrano \u017cycie &#8211; m\u00f3wi\u0142a Anna Tertel.<\/p>\n<p>Jej s\u0142owa nada\u0142y obchodom szczeg\u00f3lnie osobisty wymiar. Za jednym z najbardziej rozpoznawalnych symboli polskiego podziemia niepodleg\u0142o\u015bciowego sta\u0142a przecie\u017c siedemnastoletnia dziewczyna, kt\u00f3ra za wierno\u015b\u0107 swoim warto\u015bciom zap\u0142aci\u0142a najwy\u017csz\u0105 cen\u0119.<\/p>\n<p>Uroczysto\u015bci na Cmentarzu Garnizonowym &#8211; fragment przem\u00f3wienia min. Jana J. Kasprzyka<\/p>\n<p><a href=\"https:\/\/www.youtube.com\/@goscgdanski5969\" target=\"_blank\" rel=\"nofollow noopener\">Piotr Piotrowski \/Foto Go\u015b\u0107<\/a><\/p>\n<p><a class=\"cm-i-sub nu\" href=\"https:\/\/www.youtube.com\/\" rel=\"nofollow noopener\" target=\"_blank\"><br \/>\n<\/a><\/p>\n<p>Podczas uroczysto\u015bci Kancelari\u0119 Prezydenta RP reprezentowa\u0142 doradca prezydenta Jan J\u00f3zef Kasprzyk. Przekazuj\u0105c pozdrowienia od prezydenta Karola Nawrockiego, podkre\u015bli\u0142, \u017ce &#8222;Inka\u201d i &#8222;Zago\u0144czyk\u201d nale\u017celi do pokolenia, dla kt\u00f3rego wolno\u015b\u0107 Polski by\u0142a warto\u015bci\u0105 nadrz\u0119dn\u0105.<\/p>\n<p>&#8211; Nale\u017celi do pokolenia, dla kt\u00f3rego niepodleg\u0142o\u015b\u0107 by\u0142a absolutem. Inka w swoim kr\u00f3tkim grypsie przekaza\u0142a nam testament tamtego pokolenia. W s\u0142owach &#8222;zachowa\u0142am si\u0119 jak trzeba\u201d jest wszystko: duma, honor i przywi\u0105zanie do najpi\u0119kniejszych warto\u015bci, kt\u00f3rych nawet w obliczu \u015bmierci nie mo\u017cna zdradzi\u0107 &#8211; m\u00f3wi\u0142 Jan J\u00f3zef Kasprzyk.<\/p>\n<p>Do odpowiedzialno\u015bci za zachowanie pami\u0119ci o bohaterach podziemia niepodleg\u0142o\u015bciowego nawi\u0105za\u0142 zast\u0119pca prezesa Instytutu Pami\u0119ci Narodowej dr hab. Karol Polejowski. &#8211; Osiemdziesi\u0105t lat temu komunistyczni zbrodniarze, zdrajcy i zaprza\u0144cy na us\u0142ugach Moskwy, zamordowali dw\u00f3jk\u0119 polskich patriot\u00f3w &#8211; m\u00f3wi\u0142.<\/p>\n<p>Jak podkre\u015bli\u0142, \u015bmier\u0107 &#8222;Inki\u201d i &#8222;Zago\u0144czyka\u201d nie oznacza\u0142a kl\u0119ski warto\u015bci, kt\u00f3rym pozostali wierni. &#8211; Jestem g\u0142\u0119boko przekonany o tym, \u017ce kiedy oddawali oni \u017cycie, to widzieli Polsk\u0119 woln\u0105 i czyst\u0105 jak \u0142za. Tak jak \u015bpiewali w hymnie 5. Wile\u0144skiej Brygady Armii Krajowej &#8211; powiedzia\u0142 Karol Polejowski.<\/p>\n<p>Zwracaj\u0105c si\u0119 do uczestnik\u00f3w uroczysto\u015bci zaznaczy\u0142, \u017ce pami\u0119\u0107 historyczna nie mo\u017ce ogranicza\u0107 si\u0119 do kolejnych rocznic. &#8211; My dzisiaj, polscy patrioci zgromadzeni tutaj, w Gda\u0144sku, jeste\u015bmy zobowi\u0105zani do tego, aby t\u0119 tradycj\u0119, t\u0119 histori\u0119 i te warto\u015bci kultywowa\u0107 i przenie\u015b\u0107 w przysz\u0142e pokolenia &#8211; podkre\u015bli\u0142.<\/p>\n<p>Wiceprezes IPN zapowiedzia\u0142 r\u00f3wnie\u017c kontynuacj\u0119 poszukiwa\u0144 bezimiennych miejsc poch\u00f3wku kolejnych \u017co\u0142nierzy podziemia niepodleg\u0142o\u015bciowego. &#8211; Praca Instytutu Pami\u0119ci Narodowej jest jeszcze daleka od zako\u0144czenia. Musimy odnale\u017a\u0107 dow\u00f3dc\u0119 &#8222;Inki\u201d, porucznika Zdzis\u0142awa Badoch\u0119 &#8222;\u017belaznego\u201d, a tak\u017ce ich towarzyszy broni &#8211; zadeklarowa\u0142.<\/p>\n<p>Uroczysto\u015bci na Cmentarzu Garnizonowym &#8211; fragment przem\u00f3wienia prezesa Karola Polejowskiego z IPN<\/p>\n<p><a href=\"https:\/\/www.youtube.com\/@goscgdanski5969\" target=\"_blank\" rel=\"nofollow noopener\">Piotr Piotrowski \/Foto Go\u015b\u0107<\/a><\/p>\n<p><a class=\"cm-i-sub nu\" href=\"https:\/\/www.youtube.com\/\" rel=\"nofollow noopener\" target=\"_blank\"><br \/>\n<\/a><\/p>\n<p>Danuta Siedzik\u00f3wna &#8222;Inka\u201d urodzi\u0142a si\u0119 3 wrze\u015bnia 1928 roku. W wieku 15 lat z\u0142o\u017cy\u0142a przysi\u0119g\u0119 Armii Krajowej i odby\u0142a szkolenie sanitarne. W czerwcu 1946 roku zosta\u0142a wys\u0142ana do Gda\u0144ska po zaopatrzenie medyczne. Tutaj aresztowa\u0142 j\u0105 Urz\u0105d Bezpiecze\u0144stwa. Po ci\u0119\u017ckim \u015bledztwie zosta\u0142a skazana na kar\u0119 \u015bmierci.<\/p>\n<p>Razem z ni\u0105 zgin\u0105\u0142 Feliks Selmanowicz &#8222;Zago\u0144czyk\u201d, do\u015bwiadczony \u017co\u0142nierz, kt\u00f3ry jako ochotnik uczestniczy\u0142 w wojnie polsko-bolszewickiej 1920 roku. W czasie II wojny \u015bwiatowej s\u0142u\u017cy\u0142 m.in. w 3 i 5 Wile\u0144skiej Brygadzie AK mjr. Zygmunta Szendzielarza &#8222;\u0141upaszki\u201d. Zosta\u0142 aresztowany w lipcu 1946 roku.<\/p>\n<p>Wyroki na &#8222;Ince\u201d i &#8222;Zago\u0144czyku\u201d wykonano 28 sierpnia 1946 roku. Przez kolejne dziesi\u0119ciolecia miejsce ukrycia ich szcz\u0105tk\u00f3w pozostawa\u0142o nieznane. Komunistyczne w\u0142adze pr\u00f3bowa\u0142y odebra\u0107 im nie tylko \u017cycie, ale tak\u017ce gr\u00f3b i pami\u0119\u0107. Szcz\u0105tki odnaleziono na Cmentarzu Garnizonowym w Gda\u0144sku. 1 marca 2015 roku Instytut Pami\u0119ci Narodowej poinformowa\u0142, \u017ce badania genetyczne potwierdzi\u0142y identyfikacj\u0119 Danuty Siedzik\u00f3wny. W czerwcu 2016 roku IPN og\u0142osi\u0142, \u017ce odnalezione obok m\u0119skie szcz\u0105tki nale\u017c\u0105 do Feliksa Selmanowicza. Rodziny zdecydowa\u0142y o ich wsp\u00f3lnym poch\u00f3wku. 28 sierpnia 2016 roku, dok\u0142adnie 70 lat po egzekucji, na Cmentarzu Garnizonowym odby\u0142 si\u0119 uroczysty pa\u0144stwowy pogrzeb. Danuta Siedzik\u00f3wna zosta\u0142a po\u015bmiertnie awansowana na stopie\u0144 podporucznika, a Feliks Selmanowicz na podpu\u0142kownika.<\/p>\n<p>Dziesi\u0119\u0107 lat p\u00f3\u017aniej uczestnicy obchod\u00f3w ponownie stan\u0119li przy ich grobach. Odby\u0142 si\u0119 uroczysty apel pami\u0119ci, a modlitw\u0119 poprowadzi\u0142 bp Wies\u0142aw Szlachetka. Przedstawiciele instytucji, organizacji i licznych \u015brodowisk z\u0142o\u017cyli kwiaty i zapalili znicze. Mocnym fina\u0142em obchod\u00f3w by\u0142a oprawa przygotowana przez kibic\u00f3w. Gdy uroczysto\u015bci dobiega\u0142y ko\u0144ca, na Cmentarzu Garnizonowym zap\u0142on\u0119\u0142y race. Ich blask roz\u015bwietli\u0142 miejsce spoczynku &#8222;Inki\u201d i &#8222;Zago\u0144czyka\u201d, tworz\u0105c symboliczn\u0105 opraw\u0119 ko\u0144cz\u0105c\u0105 rocznicowe obchody.<\/p>\n<p>Osiemdziesi\u0105t lat temu komunistyczni oprawcy chcieli, by po zamordowanych \u017co\u0142nierzach nie pozosta\u0142 nawet gr\u00f3b. Dzi\u015b przy ich mogi\u0142ach gromadz\u0105 si\u0119 ludzie przyje\u017cd\u017caj\u0105cy z ca\u0142ej Polski, by powiedzie\u0107, \u017ce pami\u0119taj\u0105.<\/p>\n","protected":false},"excerpt":{"rendered":"Obchody rozpocz\u0119\u0142a Msza \u015bw. w Bazylice Mariackiej. Nast\u0119pnie ulicami Gda\u0144ska ruszy\u0142 uroczysty poch\u00f3d pod has\u0142em &#8222;Inka i Zago\u0144czyk.&hellip;\n","protected":false},"author":2,"featured_media":654365,"comment_status":"","ping_status":"","sticky":false,"template":"","format":"standard","meta":{"footnotes":"","_share_on_mastodon":"0"},"categories":[51610],"tags":[127709,58809,127708,1048,59306,21690,7988,127707,42,38,40,39,41,9378],"class_list":["post-654364","post","type-post","status-publish","format-standard","has-post-thumbnail","category-gdansk","tag-80-rocznica-smierci-inki-i-zagonczyka","tag-archidiecezja-gdanska","tag-cmentarz-garnizonowy","tag-gdansk","tag-gosc-gdanski","tag-gosc-niedzielny","tag-ipn","tag-obchody-patriotyczne","tag-pl","tag-poland","tag-polish","tag-polska","tag-polski","tag-tygodnik-katolicki"],"share_on_mastodon":{"url":"https:\/\/pubeurope.com\/@pl\/117180444641443931","error":""},"_links":{"self":[{"href":"https:\/\/www.europesays.com\/pl\/wp-json\/wp\/v2\/posts\/654364","targetHints":{"allow":["GET"]}}],"collection":[{"href":"https:\/\/www.europesays.com\/pl\/wp-json\/wp\/v2\/posts"}],"about":[{"href":"https:\/\/www.europesays.com\/pl\/wp-json\/wp\/v2\/types\/post"}],"author":[{"embeddable":true,"href":"https:\/\/www.europesays.com\/pl\/wp-json\/wp\/v2\/users\/2"}],"replies":[{"embeddable":true,"href":"https:\/\/www.europesays.com\/pl\/wp-json\/wp\/v2\/comments?post=654364"}],"version-history":[{"count":0,"href":"https:\/\/www.europesays.com\/pl\/wp-json\/wp\/v2\/posts\/654364\/revisions"}],"wp:featuredmedia":[{"embeddable":true,"href":"https:\/\/www.europesays.com\/pl\/wp-json\/wp\/v2\/media\/654365"}],"wp:attachment":[{"href":"https:\/\/www.europesays.com\/pl\/wp-json\/wp\/v2\/media?parent=654364"}],"wp:term":[{"taxonomy":"category","embeddable":true,"href":"https:\/\/www.europesays.com\/pl\/wp-json\/wp\/v2\/categories?post=654364"},{"taxonomy":"post_tag","embeddable":true,"href":"https:\/\/www.europesays.com\/pl\/wp-json\/wp\/v2\/tags?post=654364"}],"curies":[{"name":"wp","href":"https:\/\/api.w.org\/{rel}","templated":true}]}}