{"id":654366,"date":"2026-08-29T19:27:17","date_gmt":"2026-08-29T19:27:17","guid":{"rendered":"https:\/\/www.europesays.com\/pl\/654366\/"},"modified":"2026-08-29T19:27:17","modified_gmt":"2026-08-29T19:27:17","slug":"terminarz-lecha-poznan-w-fazie-ligowej-ligi-europy","status":"publish","type":"post","link":"https:\/\/www.europesays.com\/pl\/654366\/","title":{"rendered":"Terminarz Lecha Pozna\u0144 w fazie ligowej Ligi Europy"},"content":{"rendered":"<p>W pi\u0105tek, 28 sierpnia 2026, o godzinie 13:00 w Monako odby\u0142o si\u0119 losowanie fazy ligowej Ligi Europy 2026\/2027. B\u0119dzie to trzecia edycja fazy ligowej tych rozgrywek wprowadzonej dzi\u0119ki reformie UEFA na lata 2024-2027. W sobot\u0119, 29 sierpnia, o godzinie 20:30 UEFA og\u0142osi\u0142a szczeg\u00f3\u0142owy terminarz Lecha Pozna\u0144.<\/p>\n<p>Reklama<\/p>\n<p><img decoding=\"async\" src=\"https:\/\/www.europesays.com\/pl\/wp-content\/uploads\/2026\/08\/1788031631_753_uwaga.jpg\" alt=\"null\"\/> WARTO PRZECZYTA\u0106:<br \/>\u2014<br \/><img decoding=\"async\" src=\"https:\/\/www.europesays.com\/pl\/wp-content\/uploads\/2026\/08\/1788031632_426_tekst.png\" alt=\"null\"\/> <a href=\"https:\/\/kkslech.com\/2026\/08\/22\/nowa-rzeczywistosc-w-lidze-europy\/\" rel=\"nofollow noopener\" target=\"_blank\">Nowa rzeczywisto\u015b\u0107 w Lidze Europy<\/a><br \/><img decoding=\"async\" src=\"https:\/\/www.europesays.com\/pl\/wp-content\/uploads\/2026\/08\/1788031632_426_tekst.png\" alt=\"null\"\/> <a href=\"https:\/\/kkslech.com\/2026\/08\/23\/laczone-losowanie-ligi-europy-i-ligi-konferencji\/\" rel=\"nofollow noopener\" target=\"_blank\">\u0141\u0105czone losowanie Ligi Europy i Ligi Konferencji<\/a><br \/><img decoding=\"async\" src=\"https:\/\/www.europesays.com\/pl\/wp-content\/uploads\/2026\/08\/1788031632_426_tekst.png\" alt=\"null\"\/> <a href=\"https:\/\/kkslech.com\/2026\/08\/24\/tak-przez-lata-zmieniala-sie-liga-europy\/\" rel=\"nofollow noopener\" target=\"_blank\">Tak przez lata zmienia\u0142a si\u0119 Liga Europy<\/a><br \/><img decoding=\"async\" src=\"https:\/\/www.europesays.com\/pl\/wp-content\/uploads\/2026\/08\/1788031632_426_tekst.png\" alt=\"null\"\/> <a href=\"https:\/\/kkslech.com\/2026\/08\/25\/roznice-pomiedzy-liga-europy-a-liga-konferencji\/\" rel=\"nofollow noopener\" target=\"_blank\">R\u00f3\u017cnice pomi\u0119dzy Lig\u0105 Europy a Lig\u0105 Konferencji<\/a><br \/><img decoding=\"async\" src=\"https:\/\/www.europesays.com\/pl\/wp-content\/uploads\/2026\/08\/1788031632_426_tekst.png\" alt=\"null\"\/> <a href=\"https:\/\/kkslech.com\/2026\/08\/27\/lech-poznan-awansowal-do-ligi-europy\/\" rel=\"nofollow noopener\" target=\"_blank\">Lech Pozna\u0144 awansowa\u0142 do Ligi Europy<\/a><br \/><img decoding=\"async\" src=\"https:\/\/www.europesays.com\/pl\/wp-content\/uploads\/2026\/08\/1788031632_426_tekst.png\" alt=\"null\"\/> <a href=\"https:\/\/kkslech.com\/2026\/08\/28\/liga-europy-lech-poznan-poznaje-8-rywali-w-fazie-ligowej\/\" rel=\"nofollow noopener\" target=\"_blank\">Losowanie fazy ligowej Ligi Europy<\/a><br \/><img decoding=\"async\" src=\"https:\/\/www.europesays.com\/pl\/wp-content\/uploads\/2026\/08\/1788031632_426_tekst.png\" alt=\"null\"\/> <a href=\"https:\/\/kkslech.com\/2026\/08\/28\/pierwsze-rozpoznanie-osmiu-rywali-w-lidze-europy\/\" rel=\"nofollow noopener\" target=\"_blank\">Pierwsze rozpoznanie o\u015bmiu rywali w Lidze Europy<\/a><br \/><img decoding=\"async\" src=\"https:\/\/www.europesays.com\/pl\/wp-content\/uploads\/2026\/08\/1788031632_426_tekst.png\" alt=\"null\"\/> <a href=\"https:\/\/kkslech.com\/2026\/08\/29\/reakcje-po-losowaniu-fazy-ligowej-ligi-europy\/\" rel=\"nofollow noopener\" target=\"_blank\">Reakcje po losowaniu fazy ligowej Ligi Europy<\/a><\/p>\n<p>W Lidze Europy 2026\/2027 zagra \u0142\u0105cznie 36 klub\u00f3w. Do 1\/8 fina\u0142u dostan\u0105 si\u0119 dru\u017cyny z miejsc 1-8, zespo\u0142y z lokat 9-24 zagraj\u0105 w fazie bara\u017cowej (potocznie 1\/16 fina\u0142u), a ekipy z pozycji 25-36 odpadn\u0105 z Ligi Europy. Lech Pozna\u0144 ze sprzeda\u017c\u0105 pakiet\u00f3w na 4 domowe mecze w UEFA Europa League 2026\/2027 ruszy 1 wrze\u015bnia.<\/p>\n<p>Lech Pozna\u0144 zacznie faz\u0119 ligow\u0105 od wylotu do Londynu. U siebie zagra 2 razy w pa\u017adzierniku, a p\u00f3\u017aniej w grudniu i raz w styczniu. Rozgrywki fazy ligowej zako\u0144czy w czwartek, 28 stycznia przysz\u0142ego roku i w Grecji.<\/p>\n<p><img decoding=\"async\" src=\"https:\/\/www.europesays.com\/pl\/wp-content\/uploads\/2026\/08\/1788031633_608_termin.jpg\" alt=\"null\"\/> TERMINARZ LECHA POZJNA\u0143 W LIDZE EUROPY 2026\/2027:<br \/>\u2014<br \/>17.09, Crystal Palace \u2013 Lech Pozna\u0144 (21:00)<br \/>15.10, Lech Pozna\u0144 \u2013 Bayer Leverkusen (18:45)<br \/>22.10, Lech Pozna\u0144 \u2013 Sunderland (18:45)<br \/>05.11, Benfica Lizbona \u2013 Lech Pozna\u0144 (21:00)<br \/>26.11, Union SG \u2013 Lech Pozna\u0144 (18:45)<br \/>10.12, Lech Pozna\u0144 \u2013 Ferencvaros Budapeszt (21:00)<br \/>21.01, Lech Pozna\u0144 \u2013 Torreense (21:00)<br \/>28.01, OFI Kreta \u2013 Lech Pozna\u0144 (21:00)<\/p>\n<p><img decoding=\"async\" src=\"https:\/\/www.europesays.com\/pl\/wp-content\/uploads\/2026\/08\/1788031634_550_mecz.png\" alt=\"null\"\/> <a href=\"https:\/\/kkslech.com\/terminarz-lecha-poznan-2026-2027\/\" rel=\"nofollow noopener\" target=\"_blank\">Pe\u0142en terminarz Lecha Pozna\u0144 w sezonie 2026\/2027<\/a><\/p>\n<p>Reklama<\/p>\n<p><img decoding=\"async\" src=\"https:\/\/www.europesays.com\/pl\/wp-content\/uploads\/2026\/08\/1788031635_230_europa.jpg\" alt=\"\"\/> NAJWA\u017bNIEJSZE FINANSE W LIDZE EUROPY 2026\/2027:<br \/>\u2014<br \/>Awans do fazy ligowej: 4,31 mln euro<br \/>Wygrana w fazie ligowej: 450 tys. euro<br \/>Remis w fazie ligowej: 150 tys. euro<br \/>Premia za miejsce ko\u0144cowe (razy liczba miejsc w tabeli od ko\u0144ca): 75 tys. euro<br \/>Miejsca 1-8: 600 tys. euro<br \/>Miejsca 9-16: 300 tys. euro<br \/>Awans do 1\/16: 300 tys. euro<\/p>\n<p><img decoding=\"async\" src=\"https:\/\/www.europesays.com\/pl\/wp-content\/uploads\/2026\/08\/1788031636_972_analiza.png\" alt=\"null\"\/> PUNKTY BONUSOWE W LIDZE EUROPY PO FAZIE LIGOWEJ 2026\/2027:<br \/>\u2014<br \/>1. miejsce \u2013 6.000<br \/>2. miejsce \u2013 5.750<br \/>3. miejsce \u2013 5.500<br \/>4. miejsce \u2013 5.250<br \/>5. miejsce \u2013 5.000<br \/>6. miejsce \u2013 4.750<br \/>7. miejsce \u2013 4.500<br \/>8. miejsce \u2013 4.250<br \/>9. miejsce \u2013 4.000<br \/>10. miejsce \u2013 3.750<br \/>11. miejsce \u2013 3.500<br \/>12. miejsce \u2013 3.250<br \/>13. miejsce \u2013 3.000<br \/>14. miejsce \u2013 2.750<br \/>15. miejsce \u2013 2.500<br \/>16. miejsce \u2013 2.250<br \/>17. miejsce \u2013 2.000<br \/>18. miejsce \u2013 1.750<br \/>19. miejsce \u2013 1.500<br \/>20. miejsce \u2013 1.250<br \/>21. miejsce \u2013 1.000<br \/>22. miejsce \u2013 0.750<br \/>23. miejsce \u2013 0.500<br \/>24. miejsce \u2013 0.250<br \/>25. miejsce \u2013 brak bonusu (0)<br \/>26. miejsce \u2013 brak bonusu (0)<br \/>27. miejsce \u2013 brak bonusu (0)<br \/>28. miejsce \u2013 brak bonusu (0)<br \/>29. miejsce \u2013 brak bonusu (0)<br \/>30. miejsce \u2013 brak bonusu (0)<br \/>31. miejsce \u2013 brak bonusu (0)<br \/>32. miejsce \u2013 brak bonusu (0)<br \/>33. miejsce \u2013 brak bonusu (0)<br \/>34. miejsce \u2013 brak bonusu (0)<br \/>35. miejsce \u2013 brak bonusu (0)<br \/>36. miejsce \u2013 brak bonusu (0)<\/p>\n<p>Chcesz wiedzie\u0107 wi\u0119cej o europejskich pucharach? Zbi\u00f3r wszystkich pucharowych tekst\u00f3w KKSLECH.com od sezonu 2025\/2026 znajdziesz w dziale -&gt; <a href=\"https:\/\/kkslech.com\/category\/europa\/\" rel=\"nofollow noopener\" target=\"_blank\">EUROPA<\/a>. W tym miejscu -&gt; <a href=\"https:\/\/kkslech.com\/2026\/06\/14\/pucharowy-kociol-lato-2026\/\" rel=\"nofollow noopener\" target=\"_blank\">TUTAJ<\/a> trwa za to pucharowy kocio\u0142 na lato 2026.<\/p>\n<p><img decoding=\"async\" src=\"https:\/\/www.europesays.com\/pl\/wp-content\/uploads\/2026\/08\/1788031637_147_kibice.png\" alt=\"null\"\/> <a href=\"https:\/\/kkslech.com\/mistrzowski-smietnik-kibica-2026-2027\/\" rel=\"nofollow noopener\" target=\"_blank\">\u015amietnik Kibica \u2013 (komentuj nie na temat)<\/a> <\/p>\n","protected":false},"excerpt":{"rendered":"W pi\u0105tek, 28 sierpnia 2026, o godzinie 13:00 w Monako odby\u0142o si\u0119 losowanie fazy ligowej Ligi Europy 2026\/2027.&hellip;\n","protected":false},"author":2,"featured_media":654367,"comment_status":"","ping_status":"","sticky":false,"template":"","format":"standard","meta":{"footnotes":"","_share_on_mastodon":"0"},"categories":[51609],"tags":[6226,9873,274,7747,9881,4449,9880,9871,9872,9877,6221,6222,215,9878,5240,5635,3749,9875,9879,42,38,40,39,41,1817,550,9874,9876,9882,2817],"class_list":["post-654366","post","type-post","status-publish","format-standard","has-post-thumbnail","category-poznan","tag-bilety","tag-bulgarska","tag-ekstraklasa","tag-forum","tag-forum-lecha","tag-futbol","tag-kibice","tag-kks","tag-kks-lech","tag-kkslech-com","tag-kolejorz","tag-lech","tag-lech-poznan","tag-lechpoznan-pl","tag-liga-europy","tag-liga-konferencji","tag-mecz","tag-nieoficjalny","tag-oficjalna","tag-pl","tag-poland","tag-polish","tag-polska","tag-polski","tag-poznan","tag-pzpn","tag-serwis","tag-stadion","tag-strona","tag-transfery"],"share_on_mastodon":{"url":"https:\/\/pubeurope.com\/@pl\/117180450094244021","error":""},"_links":{"self":[{"href":"https:\/\/www.europesays.com\/pl\/wp-json\/wp\/v2\/posts\/654366","targetHints":{"allow":["GET"]}}],"collection":[{"href":"https:\/\/www.europesays.com\/pl\/wp-json\/wp\/v2\/posts"}],"about":[{"href":"https:\/\/www.europesays.com\/pl\/wp-json\/wp\/v2\/types\/post"}],"author":[{"embeddable":true,"href":"https:\/\/www.europesays.com\/pl\/wp-json\/wp\/v2\/users\/2"}],"replies":[{"embeddable":true,"href":"https:\/\/www.europesays.com\/pl\/wp-json\/wp\/v2\/comments?post=654366"}],"version-history":[{"count":0,"href":"https:\/\/www.europesays.com\/pl\/wp-json\/wp\/v2\/posts\/654366\/revisions"}],"wp:featuredmedia":[{"embeddable":true,"href":"https:\/\/www.europesays.com\/pl\/wp-json\/wp\/v2\/media\/654367"}],"wp:attachment":[{"href":"https:\/\/www.europesays.com\/pl\/wp-json\/wp\/v2\/media?parent=654366"}],"wp:term":[{"taxonomy":"category","embeddable":true,"href":"https:\/\/www.europesays.com\/pl\/wp-json\/wp\/v2\/categories?post=654366"},{"taxonomy":"post_tag","embeddable":true,"href":"https:\/\/www.europesays.com\/pl\/wp-json\/wp\/v2\/tags?post=654366"}],"curies":[{"name":"wp","href":"https:\/\/api.w.org\/{rel}","templated":true}]}}