{"id":654442,"date":"2026-08-29T20:11:13","date_gmt":"2026-08-29T20:11:13","guid":{"rendered":"https:\/\/www.europesays.com\/pl\/654442\/"},"modified":"2026-08-29T20:11:13","modified_gmt":"2026-08-29T20:11:13","slug":"jaroslaw-kaczynski-komentuje-afere-zondacrypto-zakpil-z-donalda-tuska-2","status":"publish","type":"post","link":"https:\/\/www.europesays.com\/pl\/654442\/","title":{"rendered":"Jaros\u0142aw Kaczy\u0144ski komentuje afer\u0119 Zondacrypto. Zakpi\u0142 z Donalda Tuska"},"content":{"rendered":"<p>\u2014 Wiedzieli, byli o tym informowani oficjalnie i nic nie zrobili. Teraz jest pytanie, czy [dlatego], \u017ce w og\u00f3le nic nie robi\u0105, czy te\u017c dlatego, \u017ce co\u015b z t\u0105 afer\u0105 maj\u0105 wsp\u00f3lnego. Ja bym by\u0142 za tym drugim rozwi\u0105zaniem \u2014 powiedzia\u0142 Jaros\u0142aw Kaczy\u0144ski.<\/p>\n<p>Dalszy ci\u0105g artyku\u0142u pod materia\u0142em wideo<\/p>\n<p>W opinii prezesa PiS to, \u017ce teraz rz\u0105dz\u0105cy chc\u0105 obarczy\u0107 win\u0105 PiS, to &#8222;jest metoda przez nich stosowana regularnie&#8221;.<\/p>\n<p>O co dok\u0142adnie chodzi w aferze Zondacrypto [WYJA\u015aNIAMY]<\/p>\n<p class=\"ods-o-frame-in-text__paragraph\"><a href=\"https:\/\/wiadomosci.onet.pl\/kraj\/afera-zondacrypto-o-co-chodzi-kim-jest-przemyslaw-kral-wyjasniamy\/pxh2d46?tpcc=202608_bloczek_newsroom\" id=\"ae077465-c330-47dd-91ae-0e20af73b55f\" rel=\"nofollow noopener\" target=\"_blank\">Przeczytaj ca\u0142o\u015b\u0107 artyku\u0142u!<\/a><\/p>\n<p><img class=\"ods-a-photo ods-a-photo--background\" src=\"https:\/\/www.europesays.com\/pl\/wp-content\/uploads\/2026\/08\/xEgk9lBaHR0cHM6Ly9vY2RuLmV1L3B1bHNjbXMvTURBXy85MDMzNTYwMmI3MTczYjkyYWUyN2I3MmM1ODA3OGE2ZC5qcGeRlQLNA.jpeg\" height=\"253\" width=\"450\" alt=\"By\u0142y szef Zondacrypto Przemys\u0142aw Kral\" loading=\"lazy\" fetchpriority=\"low\" decoding=\"async\"\/><a href=\"https:\/\/wiadomosci.onet.pl\/kraj\/tajemnicze-spotkanie-na-ibizie-posel-pis-spotkal-sie-z-szefem-zondacrypto\/brmb989\" id=\"1bf2e7a1-9587-47fd-b827-cb82f886e407\" rel=\"nofollow noopener\" target=\"_blank\">Prowadz\u0105ca wywiad Danuta Holecka poruszy\u0142a temat spotkania Micha\u0142a Moskala i Przemys\u0142awa Krala na Ibizie w 2025 r. <\/a>Po spotkaniu pose\u0142 PiS zaanga\u017cowa\u0142 si\u0119 w prace nad ustaw\u0105 o kryptoaktywach. \u2014 Ja nie mia\u0142em poj\u0119cia, \u017ce m\u00f3j m\u0142ody kolega i wsp\u00f3\u0142pracownik wybra\u0142 si\u0119 na Ibiz\u0119 i spotka\u0142 si\u0119 z tym panem Kralem. Po powrocie zaj\u0105\u0142 si\u0119 rzeczywi\u015bcie t\u0105 spraw\u0105 i wprowadza\u0142 poprawki do tej ustawy, kt\u00f3re by\u0142y dla Krala bardzo niedobre, bo dawa\u0142y podstawy do tworzenia dla niego konkurencji \u2014 przekonywa\u0142 Kaczy\u0144ski.<\/p>\n<p>Prezes PiS przypomnia\u0142, \u017ce jest zdecydowanym przeciwnikiem kryptowalut. \u2014 To jest jeden ze z\u0142ych objaw\u00f3w dzisiejszej epoki \u2014 oceni\u0142.<\/p>\n<p>\u2014 Je\u017celi chodzi o sytuacj\u0119 w naszej partii w tej kwestii [kryptowalut], to zostanie ona wyja\u015bniona do ko\u0144ca. Natomiast, jak chodzi o to, kto naprawd\u0119 to tolerowa\u0142 i jakie mia\u0142 profity, to te\u017c trzeba wyja\u015bni\u0107 \u2014 zadeklarowa\u0142 Kaczy\u0144ski.<\/p>\n<p>Odni\u00f3s\u0142 si\u0119 tak\u017ce do propozycji Mateusza Morawieckiego, kt\u00f3ry chce powo\u0142ania komisji \u015bledczej. \u2014 Ona dobrze brzmi, ale kto b\u0119dzie w tej komisji \u015bledczej? Przecie\u017c widzieli\u015bmy w tych komisjach \u015bledczych. Od nas tych, kt\u00f3rzy pr\u00f3bowali stawia\u0107 pytania, to wyrzucano z sali \u2014 m\u00f3wi\u0142 prezes PiS. Jego zdaniem dopiero nowy rz\u0105d b\u0119dzie m\u00f3g\u0142 si\u0119 tym &#8222;uczciwie zaj\u0105\u0107&#8221;.<\/p>\n<p>Opracowanie:Dominik Pinkowski<\/p>\n<p>Data utworzenia:29 sierpnia 2026, 21:08<\/p>\n","protected":false},"excerpt":{"rendered":"\u2014 Wiedzieli, byli o tym informowani oficjalnie i nic nie zrobili. Teraz jest pytanie, czy [dlatego], \u017ce w&hellip;\n","protected":false},"author":2,"featured_media":654443,"comment_status":"","ping_status":"","sticky":false,"template":"","format":"standard","meta":{"footnotes":"","_share_on_mastodon":"0"},"categories":[62713],"tags":[61195,1345,422,49,15327,48,46,55,529,47,17994],"class_list":["post-654442","post","type-post","status-publish","format-standard","has-post-thumbnail","category-donald-tusk","tag-bottomfeed_styl","tag-donald-tusk","tag-jaroslaw_kaczynski","tag-kraj","tag-kryptowaluta","tag-nat_styl","tag-omp","tag-phx","tag-pis","tag-screening_general","tag-zondacrypto"],"share_on_mastodon":{"url":"https:\/\/pubeurope.com\/@pl\/117180622599066156","error":""},"_links":{"self":[{"href":"https:\/\/www.europesays.com\/pl\/wp-json\/wp\/v2\/posts\/654442","targetHints":{"allow":["GET"]}}],"collection":[{"href":"https:\/\/www.europesays.com\/pl\/wp-json\/wp\/v2\/posts"}],"about":[{"href":"https:\/\/www.europesays.com\/pl\/wp-json\/wp\/v2\/types\/post"}],"author":[{"embeddable":true,"href":"https:\/\/www.europesays.com\/pl\/wp-json\/wp\/v2\/users\/2"}],"replies":[{"embeddable":true,"href":"https:\/\/www.europesays.com\/pl\/wp-json\/wp\/v2\/comments?post=654442"}],"version-history":[{"count":0,"href":"https:\/\/www.europesays.com\/pl\/wp-json\/wp\/v2\/posts\/654442\/revisions"}],"wp:featuredmedia":[{"embeddable":true,"href":"https:\/\/www.europesays.com\/pl\/wp-json\/wp\/v2\/media\/654443"}],"wp:attachment":[{"href":"https:\/\/www.europesays.com\/pl\/wp-json\/wp\/v2\/media?parent=654442"}],"wp:term":[{"taxonomy":"category","embeddable":true,"href":"https:\/\/www.europesays.com\/pl\/wp-json\/wp\/v2\/categories?post=654442"},{"taxonomy":"post_tag","embeddable":true,"href":"https:\/\/www.europesays.com\/pl\/wp-json\/wp\/v2\/tags?post=654442"}],"curies":[{"name":"wp","href":"https:\/\/api.w.org\/{rel}","templated":true}]}}