{"id":654528,"date":"2026-08-29T21:08:16","date_gmt":"2026-08-29T21:08:16","guid":{"rendered":"https:\/\/www.europesays.com\/pl\/654528\/"},"modified":"2026-08-29T21:08:16","modified_gmt":"2026-08-29T21:08:16","slug":"klatwa-pge-narodowego-trwa-w-najlepsze-polacy-zdetronizowani","status":"publish","type":"post","link":"https:\/\/www.europesays.com\/pl\/654528\/","title":{"rendered":"Kl\u0105twa PGE Narodowego trwa w najlepsze. Polacy zdetronizowani"},"content":{"rendered":"\n<p class=\"contentpart contentpart--default contentpart--text\" data-position=\"0\">\u017bu\u017clowa reprezentacja Polski po raz pierwszy od lat nie by\u0142a faworytem Fina\u0142u Dru\u017cynowego Pucharu \u015awiata. G\u0142\u00f3wnym kandydatem do z\u0142ota byli Australijczycy, nie tylko dlatego, \u017ce uwielbiaj\u0105 \u015bciga\u0107 si\u0119 na torze na PGE Narodowym. Nie zmieni\u0142 tego nawet fakt, \u017ce jechali os\u0142abieni brakiem kontuzjowanego jednego z lider\u00f3w <a href=\"https:\/\/sportowefakty.wp.pl\/zuzel\/jack-holder\" rel=\"nofollow noopener\" target=\"_blank\">Jacka Holdera<\/a>.<\/p>\n<p class=\"contentpart contentpart--default contentpart--text\" data-position=\"1\">Polscy \u017cu\u017clowcy wygrali dziewi\u0119\u0107 na 18 edycji Dru\u017cynowego Pucharu \u015awiata. \u0141\u0105cznie w historii Bia\u0142o-Czerwoni tytu\u0142 Dru\u017cynowych Mistrz\u00f3w \u015awiata zdobywali a\u017c 14 razy. Niestety, dziesi\u0105tego triumfu w DP\u015a i 15. z\u0142ota w historii nie b\u0119dzie, przynajmniej na razie.<\/p>\n<p>  <img decoding=\"async\" src=\"https:\/\/v.wpimg.pl\/X3dwLnN2d1IFFTpdYUl6R0ZNbgcnEHQREVV2TGEGbUtRT2MdOlZ2RBQUKABgQjQcDRotCStBd1IAAWMeIlM7VgwYIAorQAdEFFk_GCkQJQ\" alt=\"\" width=\"45\" height=\"58\" loading=\"lazy\"\/>  <\/p>\n<p class=\"contentpart contentpart--default contentpart--text\" data-position=\"2\">ZOBACZ WIDEO: Magazyn PGE Ekstraligi. Go\u015bcie: St\u0119pniewski, Chomski<\/p>\n<p class=\"contentpart contentpart--default contentpart--text\" data-position=\"4\">Polacy trzy razy z rz\u0119du triumfowali w Dru\u017cynowym Pucharze \u015awiata, kt\u00f3rego fina\u0142 po raz dziewi\u0105ty w historii odby\u0142 si\u0119 w Polsce. W poprzednich imprezach na polskiej ziemi gospodarze wygrywali siedem razy.  Niestety, tym razem z\u0142ota nie by\u0142o, co specjaln\u0105 niespodziank\u0105 nie jest. W momencie, gdy og\u0142oszono, \u017ce aren\u0105 fina\u0142u b\u0119dzie tor czasowy uk\u0142adany na PGE Narodowym, pojawi\u0142y si\u0119 g\u0142osy, \u017ce taki owal nie b\u0119dzie dla Polak\u00f3w \u017cadnym handicapem, nie tylko dlatego, \u017ce \u017cadnej z dziewi\u0119ciu rund Grand Prix nie wygra\u0142 reprezentant Polski.<\/p>\n<p>Australijczycy od pocz\u0105tku rozdawali karty<\/p>\n<p class=\"contentpart contentpart--default contentpart--text\" data-position=\"6\">Te wszystkie przewidywania potwierdzi\u0142y si\u0119 ju\u017c na pi\u0105tkowym treningu, gdzie najlepsze czasy uzyskiwali Australijczycy, a p\u00f3\u017aniej w pierwszej serii \u017cu\u017clowcy z Antypod\u00f3w mieli komplet 12 punkt\u00f3w i wygrywali z dziecinn\u0105 wr\u0119cz \u0142atwo\u015bci\u0105 po atomowych startach. Polacy byli dla nich t\u0142em, a kiedy kapitan Bia\u0142o-Czerwonych i lider cyklu Grand Prix <a href=\"https:\/\/sportowefakty.wp.pl\/zuzel\/bartosz-zmarzlik\" rel=\"nofollow noopener\" target=\"_blank\">Bartosz Zmarzlik<\/a>\u00a0przyjecha\u0142 do mety dopiero trzeci &#8211; za plecami <a href=\"https:\/\/sportowefakty.wp.pl\/zuzel\/adam-ellis\" rel=\"nofollow noopener\" target=\"_blank\">Adama Ellisa<\/a>, je\u017cd\u017c\u0105cego na co dzie\u0144 w Polsce w najni\u017cszej klasie rozgrywkowej &#8211; na PGE Narodowym zrobi\u0142o si\u0119 cicho.<\/p>\n<p>  <img decoding=\"async\" src=\"https:\/\/v.wpimg.pl\/X3dwLnN2d1IFFTpdYUl6R0ZNbgcnEHQREVV2TGEGbUtRT2MdOlZ2RBQUKABgQjQcDRotCStBd1IAAWMeIlM7VgwYIAorQAdEFFk_GCkQJQ\" alt=\"\" width=\"45\" height=\"58\" loading=\"lazy\"\/>  <\/p>\n<p class=\"contentpart contentpart--default contentpart--text\" data-position=\"7\">Kiedy na pocz\u0105tku drugiej serii, po znakomitym starcie, <a href=\"https:\/\/sportowefakty.wp.pl\/zuzel\/patryk-dudek\" rel=\"nofollow noopener\" target=\"_blank\">Patryk Dudek<\/a>\u00a0spad\u0142 na ostatnie miejsce, a p\u00f3\u017aniej wyprzedzi\u0142 <a href=\"https:\/\/sportowefakty.wp.pl\/zuzel\/max-fricke\" rel=\"nofollow noopener\" target=\"_blank\">Maxa Fricke&#8217;a<\/a>, sta\u0142o si\u0119 jasne, \u017ce Polacy b\u0119d\u0105 mieli tego wieczoru problem z obron\u0105 mistrzowskiego tytu\u0142u. Kiedy nawet wygrywali starty, pope\u0142niali b\u0142\u0119dy i tracili punkty na dystansie. Pierwsze zwyci\u0119stwo dla Polski przywi\u00f3z\u0142 dopiero w \u00f3smym wy\u015bcigu nie kto inny jak Bartosz Zmarzlik, kt\u00f3ry porozstawia\u0142 po k\u0105tach wicemistrza \u015bwiata <a href=\"https:\/\/sportowefakty.wp.pl\/zuzel\/brady-kurtz\" rel=\"nofollow noopener\" target=\"_blank\">Brady&#8217;ego Kurtza<\/a>. Dzi\u0119ki tej wygranej gospodarze po dw\u00f3ch seriach wr\u00f3cili na drugie miejsce. Do Australii tracili jednak ju\u017c 8 punkt\u00f3w.<\/p>\n<p>Medal Polak\u00f3w przesta\u0142 by\u0107 pewny<\/p>\n<p class=\"contentpart contentpart--default contentpart--text\" data-position=\"9\">W trzeciej serii prze\u0142omu nie przynios\u0142a nawet zmiana taktyczna Bartosza Zmarzlika, kt\u00f3ry zast\u0105pi\u0142 <a href=\"https:\/\/sportowefakty.wp.pl\/zuzel\/dominik-kubera\" rel=\"nofollow noopener\" target=\"_blank\">Dominika Kuber\u0119<\/a>, oraz desygnowanie do walki rezerwowego <a href=\"https:\/\/sportowefakty.wp.pl\/zuzel\/kacper-woryna\" rel=\"nofollow noopener\" target=\"_blank\">Kacpra Woryny<\/a>. Polacy nie zanotowali w tej serii ani jednego indywidualnego zwyci\u0119stwa i cho\u0107 Australijczycy zdobyli tylko 5 punkt\u00f3w, nadal prowadzili z 23 punktami. Polscy kibice musieli si\u0119 za to zacz\u0105\u0107 martwi\u0107, czy Bia\u0142o-Czerwoni na PGE Narodowym w og\u00f3le zdob\u0119d\u0105 medal. Nawet Bartoszowi Zmarzlikowi brakowa\u0142o szybko\u015bci, kiedy trzyma\u0142 si\u0119 kurczowo kraw\u0119\u017cnika, a przemkn\u0105\u0142 obok niego <a href=\"https:\/\/sportowefakty.wp.pl\/zuzel\/anders-thomsen\" rel=\"nofollow noopener\" target=\"_blank\">Anders Thomsen<\/a>.<\/p>\n<p>  <img decoding=\"async\" src=\"https:\/\/v.wpimg.pl\/X3dwLnN2d1IFFTpdYUl6R0ZNbgcnEHQREVV2TGEGbUtRT2MdOlZ2RBQUKABgQjQcDRotCStBd1IAAWMeIlM7VgwYIAorQAdEFFk_GCkQJQ\" alt=\"\" width=\"45\" height=\"58\" loading=\"lazy\"\/>  <\/p>\n<p class=\"contentpart contentpart--default contentpart--text\" data-position=\"10\">Nadzieje Polakom &#8211; na moment &#8211; przywr\u00f3ci\u0142 rezerwowy Kacper Woryna, kt\u00f3ry wygra\u0142 wy\u015bcig 13. Po nim Bia\u0142o-Czerwoni tracili do Australijczyk\u00f3w tylko 4 punkty. Niestety, chwil\u0119 p\u00f3\u017aniej Dudek straci\u0142 do lider\u00f3w kolejny punkt, a w kolejnym biegu ponownie jad\u0105cy z rezerwy Woryna walczy\u0142 jak lew, ale przewr\u00f3ci\u0142 si\u0119, rywalizuj\u0105c o punkt z <a href=\"https:\/\/sportowefakty.wp.pl\/zuzel\/charles-wright\" rel=\"nofollow noopener\" target=\"_blank\">Charlesem Wrightem<\/a>. S\u0119dzia <a href=\"https:\/\/sportowefakty.wp.pl\/zuzel\/aleksander-latosinski\" rel=\"nofollow noopener\" target=\"_blank\">Aleksander Latosi\u0144ski<\/a>\u00a0wykluczy\u0142 Polaka z powt\u00f3rki, co PGE Narodowy skwitowa\u0142 gwizdami. W tym momencie szanse gospodarzy na obron\u0119 tytu\u0142u stopnia\u0142y praktycznie do zera.<\/p>\n<p class=\"contentpart contentpart--default contentpart--text\" data-position=\"11\">Po czterech seriach Polacy spadli na trzecie miejsce. Prowadzi\u0142a Australia z 29 punktami, przed Dani\u0105 z 25, Polsk\u0105 22 i Wielk\u0105 Brytani\u0105 20. Ju\u017c nie z\u0142oto, ale nawet medal dla gospodarzy by\u0142 pod znakiem zapytania.<\/p>\n<p>Michelsen ruszy\u0142 do Zmarzlika<\/p>\n<p class=\"contentpart contentpart--default contentpart--text\" data-position=\"13\">Atmosfera podgrza\u0142a si\u0119 w ostatniej serii. W 18. wy\u015bcigu Bartosz Zmarzlik po czystym ataku przedar\u0142 si\u0119 na drugie miejsce przed <a href=\"https:\/\/sportowefakty.wp.pl\/zuzel\/mikkel-michelsen\" rel=\"nofollow noopener\" target=\"_blank\">Mikkelem Michelsenem<\/a>, walcz\u0105c z Du\u0144czykiem o srebrny medal. Michelsen przewr\u00f3ci\u0142 si\u0119, a kiedy wsta\u0142, sam chcia\u0142 wymierzy\u0107 sprawiedliwo\u015b\u0107 Polakowi. Na szcz\u0119\u015bcie zosta\u0142 zatrzymany przez cz\u0142onk\u00f3w swojej ekipy. G\u0142owa Michelsena zagotowa\u0142a si\u0119 totalnie. Wymachiwa\u0142 r\u0119kami do polskich kibic\u00f3w. Kiedy publika gwizda\u0142a ostentacyjnie, pokazywa\u0142, \u017ce nas\u0142uchuje tych gwizd\u00f3w. Ukrai\u0144ski arbiter wykluczy\u0142 Michelsena z powt\u00f3rki. Przy ataku Zmarzlika nie dosz\u0142o do \u017cadnego kontaktu pomi\u0119dzy zawodnikami.<\/p>\n<p>  <img decoding=\"async\" src=\"https:\/\/v.wpimg.pl\/X3dwLnN2d1IFFTpdYUl6R0ZNbgcnEHQREVV2TGEGbUtRT2MdOlZ2RBQUKABgQjQcDRotCStBd1IAAWMeIlM7VgwYIAorQAdEFFk_GCkQJQ\" alt=\"\" width=\"45\" height=\"58\" loading=\"lazy\"\/>  <\/p>\n<p class=\"contentpart contentpart--default contentpart--text\" data-position=\"14\">W powt\u00f3rce Zmarzlik przegra\u0142 start i pocz\u0105tkowo jecha\u0142 trzeci. Wyprzedzi\u0142 Ellisa, ale na Fricke zabrak\u0142o szybko\u015bci i okr\u0105\u017ce\u0144 warszawskiego owalu. Polacy zr\u00f3wnali si\u0119 na dwa biegi przed ko\u0144cem z Du\u0144czykami. Australijczycy byli jedn\u0105 nog\u0105 mistrzami \u015bwiata.<\/p>\n<p>Australijczycy dopi\u0119li swego. Polacy nawet bez srebra<\/p>\n<p class=\"contentpart contentpart--default contentpart--text\" data-position=\"16\">Z\u0142oto \u017cu\u017clowcy z Antypod\u00f3w zapewnili sobie po wy\u015bcigu 19., w kt\u00f3rym Polacy zn\u00f3w stracili dwa punkty do Du\u0144czyk\u00f3w. Trener Stanis\u0142aw Chomski w ostatniej serii start\u00f3w a\u017c trzykrotnie desygnowa\u0142 do walki Kacpra Woryn\u0119.<\/p>\n<p class=\"contentpart contentpart--default contentpart--text\" data-position=\"17\">Zwyci\u0119zca Grand Prix z Landshut dwoi\u0142 si\u0119 i troi\u0142. Wy\u015bcig 20. tak naprawd\u0119 powinien by\u0107 przerwany, gdy poci\u0105gn\u0119\u0142o Michaela Jepsena Jensena i ten omal nie staranowa\u0142 Polaka. Ten przyjecha\u0142 do mety trzeci i sta\u0142o si\u0119 jasne, \u017ce Polacy tylko z br\u0105zem, a srebro dla Du\u0144czyk\u00f3w.<\/p>\n<p>  <img decoding=\"async\" src=\"https:\/\/v.wpimg.pl\/X3dwLnN2d1IFFTpdYUl6R0ZNbgcnEHQREVV2TGEGbUtRT2MdOlZ2RBQUKABgQjQcDRotCStBd1IAAWMeIlM7VgwYIAorQAdEFFk_GCkQJQ\" alt=\"\" width=\"45\" height=\"58\" loading=\"lazy\"\/>  <\/p>\n<p class=\"contentpart contentpart--default contentpart--text\" data-position=\"18\">W reprezentacji Polski najlepsze wra\u017cenie zrobi\u0142 oczywi\u015bcie Bartosz Zmarzlik, ale nawet sze\u015bciokrotny indywidualny mistrz \u015bwiata na u\u0142o\u017conym torze na PGE Narodowym nie brylowa\u0142, jak zwykle w Grand Prix. M\u0119czy\u0142 si\u0119 niemi\u0142osiernie, pr\u00f3buj\u0105c znale\u017a\u0107 szybko\u015b\u0107.<\/p>\n<p class=\"contentpart contentpart--default contentpart--text\" data-position=\"19\">Bez b\u0142ysku jecha\u0142 Patryk Dudek, kt\u00f3ry gubi\u0142 punkty na dystansie. <a href=\"https:\/\/sportowefakty.wp.pl\/zuzel\/1270889\/zabraklo-go-podczas-dekoracji-na-pge-narodowym-mial-pewne-problemy\" rel=\"nofollow noopener\" target=\"_blank\">Jednak zwa\u017cywszy na samopoczucie i tak pojecha\u0142 przyzwoicie<\/a>. Dominik Kubera dosta\u0142 dwie szanse. Podobnie jak Maciej Janowski. P\u00f3\u017aniej byli zast\u0119powani. Stanis\u0142aw Chomski ratowa\u0107 wynik pr\u00f3bowa\u0142 w ko\u0144c\u00f3wce rezerwowym Kacprem Woryn\u0105, kt\u00f3ry nie zawi\u00f3d\u0142 i walczy\u0142 bardzo ambitnie.<\/p>\n<p class=\"contentpart contentpart--default contentpart--text\" data-position=\"20\">Polacy nie byli faworytem do z\u0142ota, ale nasi kibice liczyli, \u017ce zdob\u0119d\u0105 minimum srebro. Sko\u0144czy\u0142o si\u0119 tylko na br\u0105zowy medalu, co jest rozczarowaniem.<\/p>\n<p class=\"contentpart contentpart--default contentpart--text\" data-position=\"21\">Punktacja:<\/p>\n<p class=\"contentpart contentpart--default contentpart--text\" data-position=\"22\">I. <a href=\"https:\/\/sportowefakty.wp.pl\/zuzel\/reprezentacja-australii\" rel=\"nofollow noopener\" target=\"_blank\">Reprezentacja Australii<\/a> &#8211; 38 pkt.<br \/>1. Ryan Douglas &#8211;  10 (3,3,3,0,1)<br \/>2. Brady Kurtz &#8211;  11 (3,2,1,3,2)<br \/>3. Jason Doyle &#8211;  10 (3,2,w,2,3)<br \/>4. Max Fricke &#8211;  7 (3,0,0,1,3)<br \/>5. Rohan Tungate &#8211; ns<\/p>\n<p class=\"contentpart contentpart--default contentpart--text\" data-position=\"23\">II. <a href=\"https:\/\/sportowefakty.wp.pl\/zuzel\/reprezentacja-danii\" rel=\"nofollow noopener\" target=\"_blank\">Reprezentacja Danii<\/a> &#8211; 30 pkt.<br \/>1. Mikkel Michelsen &#8211;  12 (2,3,2,3,2,w)<br \/>2. Leon Madsen &#8211;  5 (0,1,0,2,2)<br \/>3. Michael Jepsen Jensen &#8211;  5 (0,-,2,3,0)<br \/>4. Anders Thomsen &#8211;  8 (0,-,3,2,3)<br \/>5. Frederik Jakobsen &#8211;  0 (0)<\/p>\n<p class=\"contentpart contentpart--default contentpart--text\" data-position=\"24\">III. <a href=\"https:\/\/sportowefakty.wp.pl\/zuzel\/reprezentacja-polski\" rel=\"nofollow noopener\" target=\"_blank\">Reprezentacja Polski<\/a> &#8211; 29 pkt.<br \/>1. Bartosz Zmarzlik &#8211;  11 (1,3,2,2,1,2)<br \/>2. Maciej Janowski &#8211;  2 (1,1,-,-,-)<br \/>3. Dominik Kubera &#8211;  2 (2,0,-,-,-)<br \/>4. Patryk Dudek &#8211;  5 (2,1,1,1,-)<br \/>5. Kacper Woryna &#8211;  9 (1,3,w,3,1,1)<\/p>\n<p class=\"contentpart contentpart--default contentpart--text\" data-position=\"25\">IV. <a href=\"https:\/\/sportowefakty.wp.pl\/zuzel\/reprezentacja-wielkiej-brytanii\" rel=\"nofollow noopener\" target=\"_blank\">Reprezentacja Wielkiej Brytanii<\/a> &#8211; 23 pkt.<br \/>1. Robert Lambert &#8211;  14 (1,3,2,3,3,2)<br \/>2. Charles Wright &#8211;  5 (1,2,1,1,0)<br \/>3. Adam Ellis &#8211;  3 (2,0,0,0,1)<br \/>4. Leon Flint &#8211;  1 (0,1,-,0,0)<br \/>5. Tom Brennan &#8211; ns<\/p>\n<p class=\"contentpart contentpart--default contentpart--text\" data-position=\"26\">Bieg po biegu:<br \/>1.\t(55,15) Kurtz, Dudek, Lambert, Thomsen\t&#8211; (2:1:0:3)<br \/>2.\t(55,41) Douglas, Kubera, Wright, Jepsen Jensen\t&#8211; (4:2:0:6)<br \/>3.\t(54,32) Doyle, Michelsen, Janowski, Flint\t&#8211; (5:2:2:9)<br \/>4.\t(54,35) Fricke, Ellis, Zmarzlik, Madsen\t&#8211; (6:4:2:12)<br \/>5.\t(54,53) Michelsen, Wright, Dudek, Fricke\t&#8211; (7:6:5:12)<br \/>6.\t(54,20) Lambert, Doyle, Madsen, Kubera\t&#8211; (7:9:6:14)<br \/>7.\t(55,36) Douglas, Michelsen, Janowski, Ellis\t&#8211; (8:9:8:17)<br \/>8.\t(54,52) Zmarzlik, Kurtz, Flint, Jakobsen\t&#8211; (11:10:8:19)<br \/>9.\t(54,94) Douglas, Lambert, Dudek, Madsen\t&#8211; (12:12:8:22)<br \/>10.\t(54,25) Michelsen, Zmarzlik, Kurtz, Ellis\t&#8211; (14:12:11:23)<br \/>11.\t(54,84) Lambert, Jepsen Jensen, Woryna, Fricke\t&#8211; (15:15:13:23)<br \/>12.\t(55,72) Thomsen, Zmarzlik, Wright, Doyle (w)\t&#8211; (17:16:16:23)<br \/>13.\t(54,99) Woryna, Thomsen, Fricke, Flint\t&#8211; (20:16:18:24)<br \/>14.\t(54,57) Jepsen Jensen, Doyle, Dudek, Ellis\t&#8211; (21:16:21:26)<br \/>15.\t(54,86) Kurtz, Madsen, Wright, Woryna (w)\t&#8211; (21:17:23:29)<br \/>16.\t(54,54) Lambert, Michelsen, Zmarzlik, Douglas\t&#8211; (22:20:25:29)<br \/>17.\t(54,94) Woryna, Madsen, Douglas, Flint\t&#8211; (25:20:27:30)<br \/>18.\t(55,24) Fricke, Zmarzlik, Ellis, Michelsen (w)\t&#8211; (27:21:27:33)<br \/>19.\t(55,19) Thomsen, Kurtz, Woryna, Wright\t&#8211; (28:21:30:35)<br \/>20.\u00a0(55,42) Doyle, Lambert, Woryna, Jepsen Jensen\t&#8211; (29:23:30:38)<\/p>\n","protected":false},"excerpt":{"rendered":"\u017bu\u017clowa reprezentacja Polski po raz pierwszy od lat nie by\u0142a faworytem Fina\u0142u Dru\u017cynowego Pucharu \u015awiata. G\u0142\u00f3wnym kandydatem do&hellip;\n","protected":false},"author":2,"featured_media":654529,"comment_status":"","ping_status":"","sticky":false,"template":"","format":"standard","meta":{"footnotes":"","_share_on_mastodon":"0"},"categories":[5],"tags":[995,32,33,2787,22865,36,37,27,34,35,28,31,25,21246,42,38,40,39,41,94601,23161,537,85862,29,30,435,26,106,174,9802,10524],"class_list":["post-654528","post","type-post","status-publish","format-standard","has-post-thumbnail","category-naglowki","tag-australia","tag-breaking-news","tag-breakingnews","tag-dania","tag-dps","tag-featured-news","tag-featurednews","tag-headlines","tag-latest-news","tag-latestnews","tag-naglowki","tag-najwazniejsze-artykuly","tag-news","tag-pge-narodowy-w-warszawie","tag-pl","tag-poland","tag-polish","tag-polska","tag-polski","tag-reprezentacja-australii","tag-reprezentacja-danii","tag-reprezentacja-polski","tag-reprezentacja-wielkiej-brytanii","tag-top-stories","tag-topstories","tag-warszawa","tag-wiadomosci","tag-wielka-brytania","tag-zuzel","tag-zuzel-na-swiecie","tag-zuzel-w-europie"],"share_on_mastodon":{"url":"https:\/\/pubeurope.com\/@pl\/117180847120842440","error":""},"_links":{"self":[{"href":"https:\/\/www.europesays.com\/pl\/wp-json\/wp\/v2\/posts\/654528","targetHints":{"allow":["GET"]}}],"collection":[{"href":"https:\/\/www.europesays.com\/pl\/wp-json\/wp\/v2\/posts"}],"about":[{"href":"https:\/\/www.europesays.com\/pl\/wp-json\/wp\/v2\/types\/post"}],"author":[{"embeddable":true,"href":"https:\/\/www.europesays.com\/pl\/wp-json\/wp\/v2\/users\/2"}],"replies":[{"embeddable":true,"href":"https:\/\/www.europesays.com\/pl\/wp-json\/wp\/v2\/comments?post=654528"}],"version-history":[{"count":0,"href":"https:\/\/www.europesays.com\/pl\/wp-json\/wp\/v2\/posts\/654528\/revisions"}],"wp:featuredmedia":[{"embeddable":true,"href":"https:\/\/www.europesays.com\/pl\/wp-json\/wp\/v2\/media\/654529"}],"wp:attachment":[{"href":"https:\/\/www.europesays.com\/pl\/wp-json\/wp\/v2\/media?parent=654528"}],"wp:term":[{"taxonomy":"category","embeddable":true,"href":"https:\/\/www.europesays.com\/pl\/wp-json\/wp\/v2\/categories?post=654528"},{"taxonomy":"post_tag","embeddable":true,"href":"https:\/\/www.europesays.com\/pl\/wp-json\/wp\/v2\/tags?post=654528"}],"curies":[{"name":"wp","href":"https:\/\/api.w.org\/{rel}","templated":true}]}}