{"id":654536,"date":"2026-08-29T21:14:16","date_gmt":"2026-08-29T21:14:16","guid":{"rendered":"https:\/\/www.europesays.com\/pl\/654536\/"},"modified":"2026-08-29T21:14:16","modified_gmt":"2026-08-29T21:14:16","slug":"media-goncalo-feio-moze-wrocic-do-pko-bp-ekstraklasy-rozpatruje-jego-powrot-futbol","status":"publish","type":"post","link":"https:\/\/www.europesays.com\/pl\/654536\/","title":{"rendered":"Media: Goncalo Feio mo\u017ce wr\u00f3ci\u0107 do PKO BP Ekstraklasy. &#8222;Rozpatruje jego powr\u00f3t&#8221; | Futbol"},"content":{"rendered":"<p>Doda\u0142: Futbol.pl<\/p>\n<p>Data dodania: 29-08-2026 22:00<\/p>\n<p>            <img decoding=\"async\" src=\"https:\/\/www.europesays.com\/pl\/wp-content\/uploads\/2026\/08\/big_1788034457_Goncalo_Feio.png\" title=\"Media: Goncalo Feio mo\u017ce wr\u00f3ci\u0107 do PKO BP Ekstraklasy. \" rozpatruje=\"\" jego=\"\" powr=\"\" alt=\"Media: Goncalo Feio mo\u017ce wr\u00f3ci\u0107 do PKO BP Ekstraklasy. \"\/>            <\/p>\n<p style=\"text-align:justify\">Goncalo Feio mo\u017ce po raz kolejny wr\u00f3ci\u0107 do Polski. Niedawno portugalski trener by\u0142 \u0142\u0105czony z Wieczyst\u0105 Krak\u00f3w, ale teraz pojawi\u0142a si\u0119 opcja, \u017ce b\u0119dzie pracowa\u0142 w klubie, w kt\u00f3rym ju\u017c by\u0142!<\/p>\n<p>&#13;<br \/>\n&#13;<\/p>\n<p style=\"text-align:justify\">Feio w Polsce pracowa\u0142 jako asystent i trener zespo\u0142\u00f3w m\u0142odzie\u017cowych oraz analityk video w Legii Warszawa i w Wi\u015ble Krak\u00f3w oraz w Rakowie Cz\u0119stochowa. W 2022 roku doczeka\u0142 si\u0119 szansy jako g\u0142\u00f3wny szkoleniowiec. Zaufali mu w Motorze Lublin. Rozstanie by\u0142o burzliwe, ale potem Portugalczyk trafi\u0142 jeszcze do Legii Warszawa i Radomiaka w PKO BP Ekstraklasie. W marcu 2026 roku straci\u0142 prac\u0119 w Radomiu, a do ko\u0144ca sezonu zd\u0105\u017cy\u0142 si\u0119 jeszcze zahaczy\u0107 w CD Tondela w ojczy\u017anie.<\/p>\n<p>&#13;<br \/>\n&#13;<\/p>\n<p style=\"text-align:justify\">Teraz Feio jest bez pracy. Ostatnio przymierzano go do Wieczystej, ale trener odm\u00f3wi\u0142. Jeszcze niedawno m\u00f3wi\u0142, \u017ce w Polsce interesuje go praca tylko w dw\u00f3ch klubach. M\u00f3wi\u0142 te\u017c, \u017ce zaliczy\u0142by do nich powr\u00f3t. Mo\u017cna w ciemno zak\u0142ada\u0107, \u017ce chodzi o Legi\u0119 i&#8230; by\u0107 mo\u017ce Motor.<\/p>\n<p>&#13;<br \/>\n&#13;<\/p>\n<p style=\"text-align:justify\">I to w\u0142a\u015bnie w Motorze my\u015bl\u0119 o ponownym zatrudnieniu Feio. Takie wie\u015bci przekaza\u0142 Piotr Ko\u017ami\u0144ski, kt\u00f3ry uwa\u017ca, \u017ce w klubie po sobotniej pora\u017cce z Piastem Gliwice robi si\u0119 nerwowo. Szefowie Motoru mog\u0105 jeszcze chwil\u0119 wytrzyma\u0107, ale za moment jest dwumecz z Legi\u0105 Warszawa u siebie &#8211; w Pucharze Polski i w PKO BP Ekstraklasie. A potem lubinian czekaj\u0105 spotkania z Rakowem i G\u00f3rnikiem Zabrze. Po nich los Mariusza Misiury, kt\u00f3ry latem zast\u0105pi\u0142 Mateusza Stolarskiego mo\u017ce by\u0107 przes\u0105dzony. Do tej pory Misiura w 6 meczach zanotowa\u0142 wygran\u0105, 2 remisy i 3 pora\u017cki.<\/p>\n<p>&#13;<br \/>\n&#13;<\/p>\n<p style=\"text-align:justify\">Feio w Motorze pracowa\u0142 od wrze\u015bnia 2022 roku do marca 2024 roku. Prowadzi\u0142 dru\u017cyn\u0119 w I lidze. Odni\u00f3s\u0142 31 zwyci\u0119stw, zanotowa\u0142 10 remis\u00f3w i poni\u00f3s\u0142 13 pora\u017cek. Odszed\u0142 w napi\u0119tej atmosferze, ale w\u0142a\u015bciciel Motoru Zbigniew Jakubas ma o nim jednak dobre zdanie i uwa\u017ca, \u017ce Portugalczyk pom\u00f3g\u0142 klubowi.<\/p>\n<p>&#13;<br \/>\n&#13;<\/p>\n<p style=\"text-align:justify\">\u00a0<\/p>\n<p>&#13;<br \/>\n&#13;<br \/>\n&#13;<\/p>\n<p>Docieraj\u0105 do mnie wie\u015bci, \u017ce w Motorze za moment mo\u017ce si\u0119 zrobi\u0107 nerwowo. Zbigniew Jakubas mia\u0142by rozpatrywa\u0107&#8230; powr\u00f3t Goncalo Feio w przypadku braku poprawy wynik\u00f3w. Niekt\u00f3rzy przekonuj\u0105, \u017ce to dlatego Feio odm\u00f3wi\u0142 Wieczystej. No ciekaw jestem jak to si\u0119 potoczy.<\/p>\n<p>&#13;<br \/>\n\u2014 Piotr Ko\u017ami\u0144ski (@UEFAComPiotrK) <a href=\"https:\/\/x.com\/UEFAComPiotrK\/status\/2093759842544464320?ref_src=twsrc%5Etfw\" rel=\"nofollow\">August 29, 2026<\/a>&#13;<br \/>\n&#13;<\/p>\n<p>\u00a0<\/p>\n<p>&#13;<br \/>\n&#13;<\/p>\n<p><a href=\"https:\/\/futbol.pl\/news\/602793_Lechia_Gdansk_oglosila_pozyskanie_nastepcy_Tomasa_Bobcka_Przymierzano_go_do_Legii_Rakowa_i_Wieczystej\" rel=\"nofollow noopener\" target=\"_blank\"><img decoding=\"async\" alt=\"Lechia Gda\u0144sk og\u0142osi\u0142a pozyskanie nast\u0119pcy Tomasa Bobcka. Przymierzano go do Legii, Rakowa i Wieczystej\" src=\"https:\/\/www.europesays.com\/pl\/wp-content\/uploads\/2026\/08\/mini_1788023701_blanuta_screen - Copy 1.png\" title=\"Lechia Gda\u0144sk og\u0142osi\u0142a pozyskanie nast\u0119pcy Tomasa Bobcka. Przymierzano go do Legii, Rakowa i Wieczystej\"\/><\/a><\/p>\n<p>&#13;<br \/>\n&#13;<br \/>\n&#13;<br \/>\n&#13;<\/p>\n<p style=\"text-align:right\">Futbol.pl<\/p>\n<p>&#13;<\/p>\n<p>                    TAGI<\/p>\n","protected":false},"excerpt":{"rendered":"Doda\u0142: Futbol.pl Data dodania: 29-08-2026 22:00 Goncalo Feio mo\u017ce po raz kolejny wr\u00f3ci\u0107 do Polski. Niedawno portugalski trener&hellip;\n","protected":false},"author":2,"featured_media":654537,"comment_status":"","ping_status":"","sticky":false,"template":"","format":"standard","meta":{"footnotes":"","_share_on_mastodon":"0"},"categories":[52122],"tags":[6968,1157,970,971,274,57133,127731,16219,4449,1725,127729,9880,13155,2153,270,57134,936,1914,127730,3364,269,6010,752,42,38,40,39,41,127728,19691,10607],"class_list":["post-654536","post","type-post","status-publish","format-standard","has-post-thumbnail","category-pko-bank-polski","tag-arsenal","tag-barcelona","tag-bayern","tag-chelsea","tag-ekstraklasa","tag-euro2021","tag-feio-za-misiure","tag-football","tag-futbol","tag-goncalo-feio","tag-jakubas-chce-feio","tag-kibice","tag-liga","tag-liga-angielska","tag-liga-mistrzow","tag-liga-polska","tag-liverpool","tag-manchester","tag-mariusz-misiura-zwolniony-z-motor","tag-motor-lublin","tag-pilka-nozna","tag-pko-bank-polski","tag-pko-bp","tag-pl","tag-poland","tag-polish","tag-polska","tag-polski","tag-powrot-feio-do-motoru","tag-reprezentacja","tag-zbigniew-jakubas"],"share_on_mastodon":{"url":"https:\/\/pubeurope.com\/@pl\/117180870318195970","error":""},"_links":{"self":[{"href":"https:\/\/www.europesays.com\/pl\/wp-json\/wp\/v2\/posts\/654536","targetHints":{"allow":["GET"]}}],"collection":[{"href":"https:\/\/www.europesays.com\/pl\/wp-json\/wp\/v2\/posts"}],"about":[{"href":"https:\/\/www.europesays.com\/pl\/wp-json\/wp\/v2\/types\/post"}],"author":[{"embeddable":true,"href":"https:\/\/www.europesays.com\/pl\/wp-json\/wp\/v2\/users\/2"}],"replies":[{"embeddable":true,"href":"https:\/\/www.europesays.com\/pl\/wp-json\/wp\/v2\/comments?post=654536"}],"version-history":[{"count":0,"href":"https:\/\/www.europesays.com\/pl\/wp-json\/wp\/v2\/posts\/654536\/revisions"}],"wp:featuredmedia":[{"embeddable":true,"href":"https:\/\/www.europesays.com\/pl\/wp-json\/wp\/v2\/media\/654537"}],"wp:attachment":[{"href":"https:\/\/www.europesays.com\/pl\/wp-json\/wp\/v2\/media?parent=654536"}],"wp:term":[{"taxonomy":"category","embeddable":true,"href":"https:\/\/www.europesays.com\/pl\/wp-json\/wp\/v2\/categories?post=654536"},{"taxonomy":"post_tag","embeddable":true,"href":"https:\/\/www.europesays.com\/pl\/wp-json\/wp\/v2\/tags?post=654536"}],"curies":[{"name":"wp","href":"https:\/\/api.w.org\/{rel}","templated":true}]}}