{"id":654630,"date":"2026-08-29T22:08:15","date_gmt":"2026-08-29T22:08:15","guid":{"rendered":"https:\/\/www.europesays.com\/pl\/654630\/"},"modified":"2026-08-29T22:08:15","modified_gmt":"2026-08-29T22:08:15","slug":"kghm-zaglebie-zremisowalo-z-pogonia-w-ekstraklasie-czerwona-kartka-odmienila-losy-meczu","status":"publish","type":"post","link":"https:\/\/www.europesays.com\/pl\/654630\/","title":{"rendered":"KGHM Zag\u0142\u0119bie zremisowa\u0142o z Pogoni\u0105 w Ekstraklasie. Czerwona kartka odmieni\u0142a losy meczu"},"content":{"rendered":"<p>W rozegranym spotkaniu Ekstraklasy KGHM Zag\u0142\u0119bie Lubin podzieli\u0142o si\u0119 punktami z dru\u017cyn\u0105 Pogo\u0144 Szczecin, remisuj\u0105c 0:0. Kluczowym momentem okaza\u0142a si\u0119 czerwona kartka dla gracza go\u015bci w 23. minucie. Mimo gry w przewadze gospodarze nie zdo\u0142ali zdoby\u0107 bramki.<\/p>\n<p class=\"toc__title\">Spis tre\u015bci<\/p>\n<p><a class=\"toc__link\" href=\"#poczatek-dla-pogoni-i-czerwona-kartka\">Pocz\u0105tek dla Pogoni i czerwona kartka<\/a><a class=\"toc__link\" href=\"#nerwowa-druga-polowa-i-niewykorzystane-szanse\">Nerwowa druga po\u0142owa i niewykorzystane szanse<\/a><\/p>\n<p>Pocz\u0105tek dla Pogoni i czerwona kartka<\/p>\n<p>W pierwszych minutach meczu Pogo\u0144 Szczecin d\u0142u\u017cej utrzymywa\u0142a si\u0119 przy pi\u0142ce i cz\u0119\u015bciej atakowa\u0142a bramk\u0119 rywali. Zag\u0142\u0119bie Lubin przyj\u0119\u0142o wycofan\u0105 postaw\u0119, licz\u0105c na szybkie kontrataki, jednak gra toczy\u0142a si\u0119 g\u0142\u00f3wnie z dala od p\u00f3l karnych. Prze\u0142om nast\u0105pi\u0142 w 23. minucie, kiedy to Filip Cui\u0107 wda\u0142 si\u0119 w starcie z Damianem Michalskim. Po upadku na muraw\u0119 gracz go\u015bci kopn\u0105\u0142 le\u017c\u0105cego rywala, za co s\u0119dzia Pawe\u0142 Raczkowski natychmiast wyrzuci\u0142 go z boiska.<\/p>\n<p>To wydarzenie wywo\u0142a\u0142o fal\u0119 nerwowo\u015bci w\u015br\u00f3d zawodnik\u00f3w obu dru\u017cyn, co poskutkowa\u0142o seri\u0105 przepychanek. W ci\u0105gu dziesi\u0119ciu minut arbiter pokaza\u0142 a\u017c sze\u015b\u0107 kartek. Cho\u0107 Zag\u0142\u0119bie zyska\u0142o przewag\u0119 liczebn\u0105 i przej\u0119\u0142o inicjatyw\u0119, nie potrafi\u0142o udokumentowa\u0107 tego stworzeniem dogodnych okazji do zdobycia gola, a gra w pierwszej po\u0142owie by\u0142a ma\u0142o efektowna.<\/p>\n<p>Nerwowa druga po\u0142owa i niewykorzystane szanse<\/p>\n<p>Po zmianie stron na boisku wci\u0105\u017c iskrzy\u0142o, a pierwsz\u0105 wart\u0105 odnotowania sytuacj\u0105 by\u0142a \u017c\u00f3\u0142ta kartka dla Benjamina Mendy&#8217;ego. Chwil\u0119 p\u00f3\u017aniej Valentin Cojocaru pr\u00f3bowa\u0142 wymusi\u0107 drug\u0105 \u017c\u00f3\u0142t\u0105 kartk\u0119 dla Michalisa Kossidisa, co jednak nie usz\u0142o uwadze arbitra. W ko\u0144cu zacz\u0119\u0142y pojawia\u0107 si\u0119 sytuacje podbramkowe. Marcel Regu\u0142a celnie uderzy\u0142 po szybkiej akcji, ale bramkarz by\u0142 na posterunku, a gol Sebastiana Kerka zosta\u0142 anulowany z powodu spalonego.<\/p>\n<p>Pogo\u0144 odpowiedzia\u0142a pr\u00f3bami po sta\u0142ym fragmencie gry, jednak wszystkie strza\u0142y zosta\u0142y zablokowane. Gospodarze naciskali, ale defensywa szczecinian spisywa\u0142a si\u0119 bez zarzutu. Najlepsz\u0105 okazj\u0119 Zag\u0142\u0119bie Lubin mia\u0142o w doliczonym czasie gry, gdy po zgraniu g\u0142ow\u0105 od Damiana Michalskiego Marcel Regu\u0142a odda\u0142 strza\u0142, ale \u015bwietna interwencja Cojocaru na linii bramkowej uratowa\u0142a remis. Spotkanie zako\u0144czy\u0142o si\u0119 podzia\u0142em punkt\u00f3w.<\/p>\n","protected":false},"excerpt":{"rendered":"W rozegranym spotkaniu Ekstraklasy KGHM Zag\u0142\u0119bie Lubin podzieli\u0142o si\u0119 punktami z dru\u017cyn\u0105 Pogo\u0144 Szczecin, remisuj\u0105c 0:0. Kluczowym momentem&hellip;\n","protected":false},"author":2,"featured_media":654631,"comment_status":"","ping_status":"","sticky":false,"template":"","format":"standard","meta":{"footnotes":"","_share_on_mastodon":"0"},"categories":[52220],"tags":[3953,52221,42,38,40,39,41],"class_list":["post-654630","post","type-post","status-publish","format-standard","has-post-thumbnail","category-kghm","tag-kghm","tag-kghm-polska-miedz","tag-pl","tag-poland","tag-polish","tag-polska","tag-polski"],"share_on_mastodon":{"url":"https:\/\/pubeurope.com\/@pl\/117181081528554659","error":""},"_links":{"self":[{"href":"https:\/\/www.europesays.com\/pl\/wp-json\/wp\/v2\/posts\/654630","targetHints":{"allow":["GET"]}}],"collection":[{"href":"https:\/\/www.europesays.com\/pl\/wp-json\/wp\/v2\/posts"}],"about":[{"href":"https:\/\/www.europesays.com\/pl\/wp-json\/wp\/v2\/types\/post"}],"author":[{"embeddable":true,"href":"https:\/\/www.europesays.com\/pl\/wp-json\/wp\/v2\/users\/2"}],"replies":[{"embeddable":true,"href":"https:\/\/www.europesays.com\/pl\/wp-json\/wp\/v2\/comments?post=654630"}],"version-history":[{"count":0,"href":"https:\/\/www.europesays.com\/pl\/wp-json\/wp\/v2\/posts\/654630\/revisions"}],"wp:featuredmedia":[{"embeddable":true,"href":"https:\/\/www.europesays.com\/pl\/wp-json\/wp\/v2\/media\/654631"}],"wp:attachment":[{"href":"https:\/\/www.europesays.com\/pl\/wp-json\/wp\/v2\/media?parent=654630"}],"wp:term":[{"taxonomy":"category","embeddable":true,"href":"https:\/\/www.europesays.com\/pl\/wp-json\/wp\/v2\/categories?post=654630"},{"taxonomy":"post_tag","embeddable":true,"href":"https:\/\/www.europesays.com\/pl\/wp-json\/wp\/v2\/tags?post=654630"}],"curies":[{"name":"wp","href":"https:\/\/api.w.org\/{rel}","templated":true}]}}