{"id":654674,"date":"2026-08-29T22:34:11","date_gmt":"2026-08-29T22:34:11","guid":{"rendered":"https:\/\/www.europesays.com\/pl\/654674\/"},"modified":"2026-08-29T22:34:11","modified_gmt":"2026-08-29T22:34:11","slug":"prezydent-przerwal-konferencje-prasowa-w-juracie-interweniowali-ratownicy","status":"publish","type":"post","link":"https:\/\/www.europesays.com\/pl\/654674\/","title":{"rendered":"Prezydent przerwa\u0142 konferencj\u0119 prasow\u0105 w Juracie. Interweniowali ratownicy"},"content":{"rendered":"\n<p>&#13;<br \/>\nJedna z\u00a0uczestniczek spotkania zorganizowanego przez prezydenta w\u00a0Juracie &#8222;Przysz\u0142o\u015b\u0107.pl&#8221; straci\u0142a przytomno\u015b\u0107 i\u00a0osun\u0119\u0142a si\u0119 na\u00a0ziemi\u0119 tu\u017c za\u00a0g\u0142ow\u0105 pa\u0144stwa. Nawrocki przerwa\u0142 wypowied\u017a i\u00a0ruszy\u0142 w\u00a0jej stron\u0119. Po\u00a0chwili wy\u0142\u0105czono mikrofony i\u00a0kamery. Na\u00a0miejscu interweniowali ratownicy medyczni. &#13;\n<\/p>\n<p>&#8222;Przerwijmy na\u00a0moment&#8221;. Prezydent odszed\u0142 od\u00a0mikrofonu<\/p>\n<p>&#13;<br \/>\nDziennikarz \u201eFaktu\u201d pyta\u0142 prezydenta o\u00a0inicjatywy, kt\u00f3re mog\u0142yby zach\u0119ci\u0107 m\u0142odych ludzi do\u00a0aktywniejszego udzia\u0142u w\u00a0\u017cyciu politycznym. Wtedy uwag\u0119 Nawrockiego zwr\u00f3ci\u0142o zamieszanie za\u00a0jego plecami. \u2013\u00a0Przerwijmy na\u00a0moment \u2013\u00a0powiedzia\u0142 prezydent. Nawrocki odszed\u0142 od\u00a0mikrofonu. Jak si\u0119 okaza\u0142o, jedna z\u00a0uczestniczek spotkania nagle zas\u0142ab\u0142a i\u00a0straci\u0142a przytomno\u015b\u0107. &#13;\n<\/p>\n<p>&#13;<br \/>\nPo chwili wy\u0142\u0105czono mikrofony, a\u00a0nast\u0119pnie kamery. Transmisja z\u00a0konferencji zosta\u0142a wstrzymana na\u00a0oko\u0142o pi\u0119\u0107 minut. Na\u00a0miejscu pojawili si\u0119 ratownicy medyczni. Jak poda\u0142 &#8222;Fakt&#8221;, udzielili kobiecie pomocy, a\u00a0nast\u0119pnie przenie\u015bli j\u0105 na\u00a0noszach. &#13;\n<\/p>\n<p>Nawrocki wr\u00f3ci\u0142 przed kamery<\/p>\n<p>&#13;<br \/>\nPo opanowaniu sytuacji konferencj\u0119 wznowiono. Prezydent przekaza\u0142 dziennikarzom informacje, kt\u00f3re otrzyma\u0142 od\u00a0ratownik\u00f3w. \u2013\u00a0Najwa\u017cniejsze, \u017ce\u00a0wszystko jest dobrze. Jak m\u00f3wi\u0105 mi ratownicy medyczni, wszystko wr\u00f3ci\u0142o do\u00a0normy \u2013\u00a0powiedzia\u0142 Karol Nawrocki. &#13;\n<\/p>\n<p>&#13;<br \/>\nPrezydent doda\u0142, \u017ce\u00a0wcze\u015bniej by\u0142 ju\u017c \u015bwiadkiem podobnych sytuacji. \u2013\u00a0Nie\u00a0po\u00a0raz pierwszy tego typu sytuacje wyst\u0105pi\u0142y. Sam by\u0142em ich \u015bwiadkiem. Cz\u0119sto tak si\u0119 zdarza, \u017ce\u00a0wysoka temperatura, ale\u00a0te\u017c rodzaj pewnie stresu powoduj\u0105 tego typu sytuacje \u2013\u00a0m\u00f3wi\u0142. \u2013\u00a0Wszystko jest dobrze, z\u00a0tego si\u0119 ciesz\u0119 \u2013\u00a0doda\u0142. &#13;\n<\/p>\n<p>&#8222;Musimy si\u0119 s\u0142ysze\u0107 i\u00a0musimy si\u0119 rozumie\u0107&#8221;<\/p>\n<p>&#13;<br \/>\nPodczas zaplanowanego na\u00a0dwa dni spotkania z\u00a0m\u0142odzie\u017c\u0105 w\u00a0Juracie, w\u00a0sobot\u0119 Karol Nawrocki m\u00f3wi\u0142 m.in. o\u00a0potrzebie zwi\u0119kszenia wp\u0142ywu m\u0142odych ludzi na\u00a0\u017cycie publiczne. \u2013\u00a0M\u0142odzie\u017c nie\u00a0ma\u00a0dzi\u015b poczucia sprawczo\u015bci. Ja prezydentem zosta\u0142em w\u0142a\u015bnie po\u00a0to, aby\u00a0to\u00a0zmieni\u0107. Musimy si\u0119 s\u0142ysze\u0107 i\u00a0musimy si\u0119 rozumie\u0107. Ja musz\u0119 was s\u0142ucha\u0107 i\u00a0dlatego zaprosi\u0142em was do\u00a0Juraty \u2013\u00a0powiedzia\u0142. &#13;\n<\/p>\n<p>&#13;<br \/>\nPrezydent zapowiedzia\u0142 te\u017c mo\u017cliwo\u015b\u0107 organizacji kolejnych edycji wydarzenia. \u2013\u00a0Po\u00a0tym, co\u00a0dzisiaj widzimy, nie\u00a0wyobra\u017cam sobie, aby\u00a0nie zrobi\u0107 kolejnego spotkania wok\u00f3\u0142 przysz\u0142o\u015bci \u2013\u00a0stwierdzi\u0142. &#13;\n<\/p>\n<p>&#13;<br \/>\n   Czytaj te\u017c:<br \/><a href=\"https:\/\/dorzeczy.pl\/opinie\/935776\/prezydent-grzmi-ws-braku-pieniedzy-dla-tk-wstyd-dla-obecnie-rzadzacych.html\" rel=\"follow nofollow noopener\" data-schema=\"DORZECZY\" data-image=\"https:\/\/img.dorzeczy.pl\/_thumb\/df\/bf\/f0c2cec2e59babd58f6c0e997c27.jpeg\" target=\"_blank\">Prezydent grzmi ws. braku pieni\u0119dzy dla\u00a0TK: Wstyd dla\u00a0obecnie rz\u0105dz\u0105cych<\/a>   Czytaj te\u017c:<br \/><a href=\"https:\/\/dorzeczy.pl\/opinie\/935770\/nawrocki-o-lobbingu-ws-zondacrypto-nietrafiona-propaganda-uderza-w-tuska.html\" rel=\"follow nofollow noopener\" data-schema=\"DORZECZY\" data-image=\"https:\/\/img.dorzeczy.pl\/_thumb\/aa\/e4\/8b3758e7047f6033666aeb74a4f4.jpeg\" target=\"_blank\">Nawrocki o\u00a0lobbingu ws. Zondacrypto: Nietrafiona propaganda. Uderza w\u00a0s\u0142u\u017cby Tuska<\/a>&#13;<\/p>\n","protected":false},"excerpt":{"rendered":"&#13; Jedna z\u00a0uczestniczek spotkania zorganizowanego przez prezydenta w\u00a0Juracie &#8222;Przysz\u0142o\u015b\u0107.pl&#8221; straci\u0142a przytomno\u015b\u0107 i\u00a0osun\u0119\u0142a si\u0119 na\u00a0ziemi\u0119 tu\u017c za\u00a0g\u0142ow\u0105 pa\u0144stwa. Nawrocki&hellip;\n","protected":false},"author":2,"featured_media":654675,"comment_status":"","ping_status":"","sticky":false,"template":"","format":"standard","meta":{"footnotes":"","_share_on_mastodon":"0"},"categories":[62712],"tags":[98,994,15802,101779,690,10820,22201,49,10780,103,19165,1005,126700,28411,545,10298],"class_list":["post-654674","post","type-post","status-publish","format-standard","has-post-thumbnail","category-karol-nawrocki","tag-dorzeczy","tag-dziennikarze","tag-interwencja","tag-jurata","tag-karol-nawrocki","tag-konferencja","tag-konferencja-prasowa","tag-kraj","tag-lekarz","tag-obserwator-mediow","tag-pogotowie","tag-prezydent","tag-przyszlosc-pl","tag-ratownicy","tag-transmisja","tag-zaslabniecie"],"share_on_mastodon":{"url":"https:\/\/pubeurope.com\/@pl\/117181183709138309","error":""},"_links":{"self":[{"href":"https:\/\/www.europesays.com\/pl\/wp-json\/wp\/v2\/posts\/654674","targetHints":{"allow":["GET"]}}],"collection":[{"href":"https:\/\/www.europesays.com\/pl\/wp-json\/wp\/v2\/posts"}],"about":[{"href":"https:\/\/www.europesays.com\/pl\/wp-json\/wp\/v2\/types\/post"}],"author":[{"embeddable":true,"href":"https:\/\/www.europesays.com\/pl\/wp-json\/wp\/v2\/users\/2"}],"replies":[{"embeddable":true,"href":"https:\/\/www.europesays.com\/pl\/wp-json\/wp\/v2\/comments?post=654674"}],"version-history":[{"count":0,"href":"https:\/\/www.europesays.com\/pl\/wp-json\/wp\/v2\/posts\/654674\/revisions"}],"wp:featuredmedia":[{"embeddable":true,"href":"https:\/\/www.europesays.com\/pl\/wp-json\/wp\/v2\/media\/654675"}],"wp:attachment":[{"href":"https:\/\/www.europesays.com\/pl\/wp-json\/wp\/v2\/media?parent=654674"}],"wp:term":[{"taxonomy":"category","embeddable":true,"href":"https:\/\/www.europesays.com\/pl\/wp-json\/wp\/v2\/categories?post=654674"},{"taxonomy":"post_tag","embeddable":true,"href":"https:\/\/www.europesays.com\/pl\/wp-json\/wp\/v2\/tags?post=654674"}],"curies":[{"name":"wp","href":"https:\/\/api.w.org\/{rel}","templated":true}]}}