{"id":654676,"date":"2026-08-29T22:37:09","date_gmt":"2026-08-29T22:37:09","guid":{"rendered":"https:\/\/www.europesays.com\/pl\/654676\/"},"modified":"2026-08-29T22:37:09","modified_gmt":"2026-08-29T22:37:09","slug":"ekstraklasa-kghm-zaglebie-lubin-i-pogon-szczecin-bez-goli","status":"publish","type":"post","link":"https:\/\/www.europesays.com\/pl\/654676\/","title":{"rendered":"Ekstraklasa. KGHM Zag\u0142\u0119bie Lubin i Pogo\u0144 Szczecin bez goli"},"content":{"rendered":"<p>Bezbramkowym remisem zako\u0144czy\u0142o si\u0119 spotkanie Ekstraklasy pomi\u0119dzy KGHM Zag\u0142\u0119bie Lubin a Pogoni\u0105 Szczecin. Go\u015bcie przez wi\u0119kszo\u015b\u0107 meczu grali w os\u0142abieniu po czerwonej kartce dla Filipa Cuicia.<\/p>\n<p class=\"toc__title\">Spis tre\u015bci<\/p>\n<p><a class=\"toc__link\" href=\"#mecz-bez-bramek-w-lubinie\">Mecz bez bramek w Lubinie<\/a><a class=\"toc__link\" href=\"#kartki-i-sklady-obu-druzyn\">Kartki i sk\u0142ady obu dru\u017cyn<\/a><\/p>\n<p>Mecz bez bramek w Lubinie<\/p>\n<p>W spotkaniu pi\u0142karskiej Ekstraklasy rozegranym w Lubinie, miejscowe KGHM Zag\u0142\u0119bie zremisowa\u0142o z Pogoni\u0105 Szczecin 0:0. Mimo pr\u00f3b z obu stron, \u017cadnej z dru\u017cyn nie uda\u0142o si\u0119 pokona\u0107 bramkarza rywali. Na trybunach zasiad\u0142o 6 123 widz\u00f3w, a mecz s\u0119dziowa\u0142 Pawe\u0142 Raczkowski z Warszawy.<\/p>\n<p>Kluczowym momentem spotkania by\u0142a 23. minuta, kiedy to zawodnik Pogoni Szczecin, Filip Cui\u0107, otrzyma\u0142 czerwon\u0105 kartk\u0119 za kopni\u0119cie rywala. Od tego momentu go\u015bcie musieli gra\u0107 w dziesi\u0105tk\u0119, co znacz\u0105co wp\u0142yn\u0119\u0142o na przebieg rywalizacji.<\/p>\n<p>Kartki i sk\u0142ady obu dru\u017cyn<\/p>\n<p>W trakcie meczu arbiter pokaza\u0142 kilka \u017c\u00f3\u0142tych kartek. W dru\u017cynie gospodarzy ukarani zostali Filip Kocaba, Michalis Kossidis, Kamil Nowogo\u0144ski i Roman Jakuba. W zespole go\u015bci \u017c\u00f3\u0142te kartoniki obejrzeli Valentin Cojocaru, Kellyn Acosta oraz Benjamin Mendy.<\/p>\n<p>W barwach Zag\u0142\u0119bia wyst\u0105pili m.in. Zlatan Alomerovi\u0107 i Marcel Regu\u0142a, a z \u0142awki rezerwowych pojawili si\u0119 Sebastian Kerk czy Filip Szymczak. Pogo\u0144 Szczecin reprezentowali m.in. Valentin Cojocaru, Patryk Dziczek i Paul Mukairu.<\/p>\n","protected":false},"excerpt":{"rendered":"Bezbramkowym remisem zako\u0144czy\u0142o si\u0119 spotkanie Ekstraklasy pomi\u0119dzy KGHM Zag\u0142\u0119bie Lubin a Pogoni\u0105 Szczecin. Go\u015bcie przez wi\u0119kszo\u015b\u0107 meczu grali&hellip;\n","protected":false},"author":2,"featured_media":654677,"comment_status":"","ping_status":"","sticky":false,"template":"","format":"standard","meta":{"footnotes":"","_share_on_mastodon":"0"},"categories":[52220],"tags":[3953,52221,42,38,40,39,41],"class_list":["post-654676","post","type-post","status-publish","format-standard","has-post-thumbnail","category-kghm","tag-kghm","tag-kghm-polska-miedz","tag-pl","tag-poland","tag-polish","tag-polska","tag-polski"],"share_on_mastodon":{"url":"https:\/\/pubeurope.com\/@pl\/117181195415890152","error":""},"_links":{"self":[{"href":"https:\/\/www.europesays.com\/pl\/wp-json\/wp\/v2\/posts\/654676","targetHints":{"allow":["GET"]}}],"collection":[{"href":"https:\/\/www.europesays.com\/pl\/wp-json\/wp\/v2\/posts"}],"about":[{"href":"https:\/\/www.europesays.com\/pl\/wp-json\/wp\/v2\/types\/post"}],"author":[{"embeddable":true,"href":"https:\/\/www.europesays.com\/pl\/wp-json\/wp\/v2\/users\/2"}],"replies":[{"embeddable":true,"href":"https:\/\/www.europesays.com\/pl\/wp-json\/wp\/v2\/comments?post=654676"}],"version-history":[{"count":0,"href":"https:\/\/www.europesays.com\/pl\/wp-json\/wp\/v2\/posts\/654676\/revisions"}],"wp:featuredmedia":[{"embeddable":true,"href":"https:\/\/www.europesays.com\/pl\/wp-json\/wp\/v2\/media\/654677"}],"wp:attachment":[{"href":"https:\/\/www.europesays.com\/pl\/wp-json\/wp\/v2\/media?parent=654676"}],"wp:term":[{"taxonomy":"category","embeddable":true,"href":"https:\/\/www.europesays.com\/pl\/wp-json\/wp\/v2\/categories?post=654676"},{"taxonomy":"post_tag","embeddable":true,"href":"https:\/\/www.europesays.com\/pl\/wp-json\/wp\/v2\/tags?post=654676"}],"curies":[{"name":"wp","href":"https:\/\/api.w.org\/{rel}","templated":true}]}}