{"id":654746,"date":"2026-08-29T23:28:16","date_gmt":"2026-08-29T23:28:16","guid":{"rendered":"https:\/\/www.europesays.com\/pl\/654746\/"},"modified":"2026-08-29T23:28:16","modified_gmt":"2026-08-29T23:28:16","slug":"impas-w-mostostalu-warszawa-nie-ma-decyzji-o-podwyzszeniu-kapitalu","status":"publish","type":"post","link":"https:\/\/www.europesays.com\/pl\/654746\/","title":{"rendered":"Impas w Mostostalu Warszawa. Nie ma decyzji o podwy\u017cszeniu kapita\u0142u"},"content":{"rendered":"<p>Wznowione po przerwie po raz czwarty nadzwyczajne zgromadzenie akcjonariuszy Mostostalu Warszawa nie przynios\u0142o prze\u0142omu. \u017badna z uchwa\u0142 dotycz\u0105cych podwy\u017cszenia kapita\u0142u nie zosta\u0142a podj\u0119ta. To nie u\u0142atwia funkcjonowania budowlanej sp\u00f3\u0142ce. <\/p>\n<p>28 sierpnia po raz kolejny wznowiono obrady Nadzwyczajnego Walnego Zgromadzenia Akcjonariuszy Mostostalu Warszawa. Akcjonariusze mieli podj\u0105\u0107 kluczowe dla sp\u00f3\u0142ki decyzje o ewentualnym podwy\u017cszeniu kapita\u0142u. Bez tego \u2013 jak przestrzega\u0142 zarz\u0105d \u2013 sp\u00f3\u0142ce gro\u017c\u0105 negatywne scenariusze, nie wykluczaj\u0105c tych zwi\u0105zanych z restrukturyzacja lub upad\u0142o\u015bci\u0105.<\/p>\n<p>\u017badna z g\u0142osowanych w tej sprawie propozycji \u2013 zg\u0142oszonych m.in. przez zarz\u0105d, akcjonariusza OFE PZU Z\u0142ota Jesie\u0144 oraz wi\u0119kszo\u015bciowego udzia\u0142owca Acciona Construcci\u00f3n \u2013 nie uzyska\u0142a wymaganej wi\u0119kszo\u015bci. Nie zosta\u0142a tak\u017ce podj\u0119ta zg\u0142oszona przez zarz\u0105d uchwa\u0142a dotycz\u0105ca dalszego funkcjonowania sp\u00f3\u0142ki (to wym\u00f3g formalny, zwi\u0105zany z trudn\u0105 sytuacj\u0105 finansow\u0105) \u2013 w tej sprawie od g\u0142osu wstrzyma\u0142 si\u0119 wi\u0119kszo\u015bciowy udzia\u0142owiec.<\/p>\n<p>Wiadomo, \u017ce zgromadzenia zwo\u0142ywane we wcze\u015bniejszych terminach by\u0142y przerywane z uwagi na brak decyzji Komisji Nadzoru Finansowego, na kt\u00f3r\u0105 czeka g\u0142\u00f3wny udzia\u0142owiec. Ten informowa\u0142, \u017ce zgadza si\u0119 na dokapitalizowanie sp\u00f3\u0142ki poprzez emisj\u0119 akcji, pod warunkiem jednak, \u017ce w momencie, gdy zajdzie obowi\u0105zek wezwania do sprzeda\u017cy, b\u0119dzie mo\u017cna to zrobi\u0107 po cenie 1 z\u0142 za akcj\u0119. KNF do tej pory nie zabra\u0142 g\u0142osu w tej sprawie.\u00a0<\/p>\n<p>Brak decyzji o dokapitalizowaniu sp\u00f3\u0142ki stawia Mostostal Warszawa w trudnej sytuacji. Ju\u017c wcze\u015bniej zarz\u0105d informowa\u0142, \u017ce ma k\u0142opoty z uzyskaniem \u015brodk\u00f3w od instytucji finansowych, kt\u00f3re wprost odmawiaj\u0105 wsparcia. Dodatkowo potencjalni klienci &#8211; inwestorzy nie chc\u0105 podpisywa\u0107 nowych um\u00f3w z wykonawc\u0105, kt\u00f3ry znajduje si\u0119 w k\u0142opotach finansowych, nawet wtedy, gdy sk\u0142ada on najkorzystniejsz\u0105 ofert\u0119. Bez dokapitalizowania \u2013 przestrzega\u0142 jeszcze na pocz\u0105tku czerwca zarz\u0105d Mostostalu Warszawa \u2013 sp\u00f3\u0142ce gro\u017c\u0105 scenariusze zwi\u0105zane z restrukturyzacj\u0105, upad\u0142o\u015bci\u0105 lub likwidacj\u0105.<\/p>\n<p>Wiadomo, \u017ce do ko\u0144ca sierpnia sp\u00f3\u0142ka powinna sp\u0142aci\u0107 po\u017cyczk\u0119, jakiej udzieli\u0142 jej g\u0142\u00f3wny akcjonariusz. Chodzi o kwot\u0119, kt\u00f3ra na dzie\u0144 30 lipca wynosi\u0142a blisko 115 mln z\u0142. Termin sp\u0142aty by\u0142 ju\u017c kilkakrotnie przed\u0142u\u017cany w \u015blad za og\u0142aszanymi przerwami w posiedzeniu nadzwyczajnego walnego zgromadzenia akcjonariuszy. Sp\u00f3\u0142ka zaznacza\u0142a w\u00f3wczas, \u017ce przed\u0142u\u017cenie terminu sp\u0142aty nie oznacza dla Acciona Construcci\u00f3n \u017cadnego zobowi\u0105zania ani nie rodzi wobec niej dodatkowych oczekiwa\u0144.<\/p>\n<p>G\u0142\u00f3wny akcjonariusz Mostostalu Warszawa komunikowa\u0142 jednocze\u015bnie, \u017ce nie jest zainteresowany przed\u0142u\u017caniem kr\u00f3tkoterminowego finansowania. Konieczne jest \u2013 jego zdaniem \u2013 kompleksowe, d\u0142ugoterminowe rozwi\u0105zanie, w szczeg\u00f3lno\u015bci poprzez podwy\u017cszenie kapita\u0142u lub inne dzia\u0142ania strukturalne. W tym wzgl\u0119dzie nast\u0105pi\u0142 jednak impas.<\/p>\n<p>Mostostal Warszawa jest m.in wykonawc\u0105 S19 Rzesz\u00f3w Po\u0142udnie &#8211; Babica (w konsorcjum z Acciona), S8 Z\u0105bkowice &#8211; Niemcza, a tak\u017ce rozbudowy terminalu pasa\u017cerskiego lotniska w podkrakowskich Balicach <\/p>\n","protected":false},"excerpt":{"rendered":"Wznowione po przerwie po raz czwarty nadzwyczajne zgromadzenie akcjonariuszy Mostostalu Warszawa nie przynios\u0142o prze\u0142omu. \u017badna z uchwa\u0142 dotycz\u0105cych&hellip;\n","protected":false},"author":2,"featured_media":654747,"comment_status":"","ping_status":"","sticky":false,"template":"","format":"standard","meta":{"footnotes":"","_share_on_mastodon":"0"},"categories":[51605],"tags":[127752,7648,113,10951,7650,2624,127751,7651,2995,58110,16481,7649,7653,2801,42,38,40,39,41,6228,7647,7646,7652,435],"class_list":["post-654746","post","type-post","status-publish","format-standard","has-post-thumbnail","category-warszawa","tag-acciona","tag-autostrada","tag-biznes","tag-branza-budowlana","tag-cieplownictwo","tag-energetyka","tag-firmy-budowlane","tag-linie-kolejowe","tag-lotnisko","tag-mostostal-warszawa","tag-nadzwyczajne-walne-zgromadzenie","tag-obwodnica","tag-operatorzy","tag-pkp-plk","tag-pl","tag-poland","tag-polish","tag-polska","tag-polski","tag-porty","tag-porty-lotnicze","tag-stocznie","tag-telekomunikacja","tag-warszawa"],"share_on_mastodon":{"url":"https:\/\/pubeurope.com\/@pl\/117181396278383096","error":""},"_links":{"self":[{"href":"https:\/\/www.europesays.com\/pl\/wp-json\/wp\/v2\/posts\/654746","targetHints":{"allow":["GET"]}}],"collection":[{"href":"https:\/\/www.europesays.com\/pl\/wp-json\/wp\/v2\/posts"}],"about":[{"href":"https:\/\/www.europesays.com\/pl\/wp-json\/wp\/v2\/types\/post"}],"author":[{"embeddable":true,"href":"https:\/\/www.europesays.com\/pl\/wp-json\/wp\/v2\/users\/2"}],"replies":[{"embeddable":true,"href":"https:\/\/www.europesays.com\/pl\/wp-json\/wp\/v2\/comments?post=654746"}],"version-history":[{"count":0,"href":"https:\/\/www.europesays.com\/pl\/wp-json\/wp\/v2\/posts\/654746\/revisions"}],"wp:featuredmedia":[{"embeddable":true,"href":"https:\/\/www.europesays.com\/pl\/wp-json\/wp\/v2\/media\/654747"}],"wp:attachment":[{"href":"https:\/\/www.europesays.com\/pl\/wp-json\/wp\/v2\/media?parent=654746"}],"wp:term":[{"taxonomy":"category","embeddable":true,"href":"https:\/\/www.europesays.com\/pl\/wp-json\/wp\/v2\/categories?post=654746"},{"taxonomy":"post_tag","embeddable":true,"href":"https:\/\/www.europesays.com\/pl\/wp-json\/wp\/v2\/tags?post=654746"}],"curies":[{"name":"wp","href":"https:\/\/api.w.org\/{rel}","templated":true}]}}