{"id":654756,"date":"2026-08-29T23:33:13","date_gmt":"2026-08-29T23:33:13","guid":{"rendered":"https:\/\/www.europesays.com\/pl\/654756\/"},"modified":"2026-08-29T23:33:13","modified_gmt":"2026-08-29T23:33:13","slug":"netanjahu-skrytykowal-dzialania-zydowskich-osadnikow-stanowczo-potepiam","status":"publish","type":"post","link":"https:\/\/www.europesays.com\/pl\/654756\/","title":{"rendered":"Netanjahu skrytykowa\u0142 dzia\u0142ania \u017cydowskich osadnik\u00f3w. &#8222;Stanowczo pot\u0119piam&#8221;"},"content":{"rendered":"<p>Do zdarze\u0144 dosz\u0142o w okolicach wsi Qusra oraz D\u017calud, niedaleko Nablusu. Grupa kilkudziesi\u0119ciu zamaskowanych osadnik\u00f3w zaatakowa\u0142a palesty\u0144skie zabudowania. Netanjahu w specjalnym komunikacie odni\u00f3s\u0142 si\u0119 do sprawc\u00f3w napa\u015bci.<\/p>\n<p>\u2014 Stanowczo pot\u0119piam akty przemocy, kt\u00f3re pope\u0142niono w wioskach Qusra i D\u017calud przez garstk\u0119 buntownik\u00f3w, kt\u00f3rzy \u0142ami\u0105 prawo, wyrz\u0105dzaj\u0105 wielkie szkody przestrzegaj\u0105cej prawa spo\u0142eczno\u015bci \u017cydowskiej, utrudniaj\u0105 IDF (armii) wype\u0142nianie jej misji i szkodz\u0105 mi\u0119dzynarodowej pozycji Izraela \u2014 o\u015bwiadczy\u0142 premier Izraela. Netanjahu okre\u015bli\u0142 napastnik\u00f3w mianem \u201egarstki uczestnik\u00f3w zamieszek\u201d.<\/p>\n<p>Dalszy ci\u0105g artyku\u0142u pod materia\u0142em wideoNapa\u015b\u0107 osadnik\u00f3w w rejonie Qusry i D\u017calud<\/p>\n<p>Reuters, powo\u0142uj\u0105c si\u0119 na \u015bwiadk\u00f3w, opisa\u0142 przebieg jednego z atak\u00f3w. Napastnicy mieli okr\u0105\u017cy\u0107 palesty\u0144ski dom, w kt\u00f3rym znajdowa\u0142o si\u0119 siedem os\u00f3b, i obrzuci\u0107 budynek kamieniami. Relacja jednego z uwi\u0119zionych wewn\u0105trz mieszka\u0144c\u00f3w wskazuje, \u017ce w tym samym momencie izraelska armia u\u017cy\u0142a wobec zabudowania gazu \u0142zawi\u0105cego.<\/p>\n<p>Agencja zaznaczy\u0142a, \u017ce nikt z atakuj\u0105cych nie zosta\u0142 zatrzymany przez s\u0142u\u017cby porz\u0105dkowe. W\u0142a\u015bciciel domu powiedzia\u0142 Reutersowi, \u017ce izraelscy \u017co\u0142nierze zakuli w kajdanki jego oraz cz\u0142onk\u00f3w rodziny, a nast\u0119pnie mieli ich pobi\u0107. Wersja wojska wygl\u0105da jednak inaczej.<\/p>\n<p>W komunikacie izraelskiej armii podkre\u015blono, \u017ce \u017co\u0142nierze wraz z funkcjonariuszami stra\u017cy granicznej pojawili si\u0119 na miejscu, aby \u201eusun\u0105\u0107 chuligan\u00f3w\u201d oraz \u201echroni\u0107 mieszka\u0144c\u00f3w przebywaj\u0105cych w domu\u201d. Wojsko przedstawia swoj\u0105 obecno\u015b\u0107 jako reakcj\u0119 ochronn\u0105, sprzeczn\u0105 z wersj\u0105 palesty\u0144skich \u015bwiadk\u00f3w. Reuters zwr\u00f3ci\u0142 uwag\u0119, \u017ce sobotnie napa\u015bci by\u0142y pierwszymi tak powa\u017cnymi incydentami od pocz\u0105tku miesi\u0105ca.<\/p>\n<p>Osadnictwo \u017cydowskie na Zachodnim Brzegu<\/p>\n<p>Na Zachodnim Brzegu Jordanu oraz we Wschodniej Jerozolimie zamieszkuje ok. 3,8 mln Palesty\u0144czyk\u00f3w. Tereny te Izrael przej\u0105\u0142 w trakcie wojny sze\u015bciodniowej w 1967 r. W kolejnych dekadach powsta\u0142y tam setki osiedli, w kt\u00f3rych \u017cyje dzi\u015b ok. 700 tys. \u017byd\u00f3w.<\/p>\n<p>Zab\u00f3jstwo Polaka w Gazie. Izraelski oficer, kt\u00f3ry wyda\u0142 rozkaz: nie \u017ca\u0142uj\u0119 tego, co zrobi\u0142em<img class=\"ods-a-photo ods-a-photo--background\" src=\"https:\/\/www.europesays.com\/pl\/wp-content\/uploads\/2026\/08\/7Xek9lBaHR0cHM6Ly9vY2RuLmV1L3B1bHNjbXMvTURBXy82NWU4NWVhYTU2MTUyYTRkNTk4NTZhZTJjOTkwMDgyYy5wbmeRlQLNA.jpeg\" height=\"253\" width=\"450\" alt=\"Damiana Sobola i fragment artyku\u0142u na stronie ABC ze zdj\u0119ciem pu\u0142kownika Nocziego Mendela\" loading=\"lazy\" fetchpriority=\"low\" decoding=\"async\"\/><\/p>\n","protected":false},"excerpt":{"rendered":"Do zdarze\u0144 dosz\u0142o w okolicach wsi Qusra oraz D\u017calud, niedaleko Nablusu. Grupa kilkudziesi\u0119ciu zamaskowanych osadnik\u00f3w zaatakowa\u0142a palesty\u0144skie zabudowania.&hellip;\n","protected":false},"author":2,"featured_media":654757,"comment_status":"","ping_status":"","sticky":false,"template":"","format":"standard","meta":{"footnotes":"","_share_on_mastodon":"0"},"categories":[14],"tags":[343,61195,32,33,27,91,34,35,28,31,48,25,46,40,41,47,80,29,30,26,82,83,84],"class_list":["post-654756","post","type-post","status-publish","format-standard","has-post-thumbnail","category-swiat","tag-binjamin_netanjahu","tag-bottomfeed_styl","tag-breaking-news","tag-breakingnews","tag-headlines","tag-izrael","tag-latest-news","tag-latestnews","tag-naglowki","tag-najwazniejsze-artykuly","tag-nat_styl","tag-news","tag-omp","tag-polish","tag-polski","tag-screening_general","tag-swiat","tag-top-stories","tag-topstories","tag-wiadomosci","tag-world","tag-world-news","tag-worldnews"],"share_on_mastodon":{"url":"https:\/\/pubeurope.com\/@pl\/117181415917981631","error":""},"_links":{"self":[{"href":"https:\/\/www.europesays.com\/pl\/wp-json\/wp\/v2\/posts\/654756","targetHints":{"allow":["GET"]}}],"collection":[{"href":"https:\/\/www.europesays.com\/pl\/wp-json\/wp\/v2\/posts"}],"about":[{"href":"https:\/\/www.europesays.com\/pl\/wp-json\/wp\/v2\/types\/post"}],"author":[{"embeddable":true,"href":"https:\/\/www.europesays.com\/pl\/wp-json\/wp\/v2\/users\/2"}],"replies":[{"embeddable":true,"href":"https:\/\/www.europesays.com\/pl\/wp-json\/wp\/v2\/comments?post=654756"}],"version-history":[{"count":0,"href":"https:\/\/www.europesays.com\/pl\/wp-json\/wp\/v2\/posts\/654756\/revisions"}],"wp:featuredmedia":[{"embeddable":true,"href":"https:\/\/www.europesays.com\/pl\/wp-json\/wp\/v2\/media\/654757"}],"wp:attachment":[{"href":"https:\/\/www.europesays.com\/pl\/wp-json\/wp\/v2\/media?parent=654756"}],"wp:term":[{"taxonomy":"category","embeddable":true,"href":"https:\/\/www.europesays.com\/pl\/wp-json\/wp\/v2\/categories?post=654756"},{"taxonomy":"post_tag","embeddable":true,"href":"https:\/\/www.europesays.com\/pl\/wp-json\/wp\/v2\/tags?post=654756"}],"curies":[{"name":"wp","href":"https:\/\/api.w.org\/{rel}","templated":true}]}}