{"id":654798,"date":"2026-08-30T00:02:21","date_gmt":"2026-08-30T00:02:21","guid":{"rendered":"https:\/\/www.europesays.com\/pl\/654798\/"},"modified":"2026-08-30T00:02:21","modified_gmt":"2026-08-30T00:02:21","slug":"bracia-znalezli-na-strychu-komiks-superman-z-1939-r-jest-wart-fortune","status":"publish","type":"post","link":"https:\/\/www.europesays.com\/pl\/654798\/","title":{"rendered":"Bracia znale\u017ali na strychu komiks &#8222;Superman&#8221; z 1939 r. Jest wart fortun\u0119"},"content":{"rendered":"<p>Podczas \u015bwi\u0105tecznych porz\u0105dk\u00f3w w 2024 r. bracia odnale\u017ali w\u015br\u00f3d starych gazet i pami\u0105tek kartonowe pud\u0142o, w kt\u00f3rym znajdowa\u0142o si\u0119 sze\u015b\u0107 komiks\u00f3w, w tym legendarny &#8222;Superman #1&#8221;. Egzemplarz ten zachowa\u0142 si\u0119 w niemal idealnym stanie, co znacz\u0105co wp\u0142yn\u0119\u0142o na jego warto\u015b\u0107. Po kilku miesi\u0105cach od odkrycia w\u0142a\u015bciciele zg\u0142osili si\u0119 do domu aukcyjnego Heritage Auctions z Teksasu, a komiks zosta\u0142 poddany profesjonalnej ocenie.<\/p>\n<p class=\"ods-o-frame-in-text__paragraph\">Dowiedz si\u0119 wi\u0119cej:<\/p>\n<p class=\"ods-o-frame-in-text__paragraph\"><a href=\"https:\/\/kobieta.onet.pl\/wiadomosci\/polska-sie-bogaci-mlodzi-maja-nizszy-dobrostan-socjolog-wyjasnia-paradoks\/lbz6zlh?tpcc=202608_bloczek_LS\" id=\"f1234073-712a-4061-a653-ddfd3bf59f8f\" rel=\"nofollow noopener\" target=\"_blank\">W Polsce \u017cyjemy dostatniej, a czujemy si\u0119 gorzej. &#8222;Odczuwamy b\u00f3l&#8221; <\/a><\/p>\n<p><img class=\"ods-a-photo ods-a-photo--background\" src=\"https:\/\/www.europesays.com\/pl\/wp-content\/uploads\/2026\/08\/1788048141_159_JIAk9lBaHR0cHM6Ly9vY2RuLmV1L3B1bHNjbXMvTURBXy85OTM5Y2E3ZWE3MzI3YzUzMWM1OWUxMjg3NzAyZWM5Ni5qcGeRlQLNA.jpeg\" height=\"300\" width=\"450\" alt=\"M\u0142ody m\u0119\u017cczyzna w komunikacji miejskiej w Warszawie\" loading=\"lazy\" fetchpriority=\"low\" decoding=\"async\"\/>Komiksowa legenda sprzed lat<a href=\"https:\/\/kultura.onet.pl\/wiadomosci\/komiks-superman-ustanowil-rekord-sprzedany-za-zawrotna-sume\/8bzjxhj\" id=\"589b18cd-94ed-4e48-862e-894c051371de\" rel=\"nofollow noopener\" target=\"_blank\">&#8222;Superman #1&#8221;<\/a> z czerwca 1939 r. to wyj\u0105tkowy numer, w kt\u00f3rym po raz pierwszy pojawi\u0142y si\u0119 samodzielne przygody Cz\u0142owieka ze Stali. Wed\u0142ug informacji przekazanych przez braci, pude\u0142ko z komiksami przez wiele lat pozostawa\u0142o zapomniane na strychu, a codzienne sprawy sprawi\u0142y, \u017ce nikt o nim nie pami\u0119ta\u0142. Egzemplarze przetrwa\u0142y w doskona\u0142ym stanie g\u0142\u00f3wnie dzi\u0119ki ch\u0142odnemu klimatowi p\u00f3\u0142nocnej Kalifornii, co \u2014 jak t\u0142umaczy Lon Allen, wiceprezes Heritage Auctions \u2014 pozwoli\u0142o im unikn\u0105\u0107 zniszczenia. Allen podkre\u015bla, \u017ce gdyby komiksy le\u017ca\u0142y na strychu w Teksasie, prawdopodobnie nie zachowa\u0142yby si\u0119 w tak dobrym stanie.<\/p>\n<p>Historia komiksu si\u0119ga lat 30. XX w., gdy matka braci wraz z bratem kupowa\u0142a kolorowe zeszyty, kt\u00f3re stanowi\u0142y dla nich odskoczni\u0119 od trudnej rzeczywisto\u015bci Wielkiego Kryzysu i nadchodz\u0105cej II wojny \u015bwiatowej. Wydawca zach\u0119ca\u0142 dzieci do wycinania tylnej ok\u0142adki z wizerunkiem Supermana i wieszania jej jako plakatu, co dzi\u015b sprawia, \u017ce dobrze zachowane egzemplarze s\u0105 prawdziw\u0105 rzadko\u015bci\u0105. Dodatkowo podczas wojny wiele komiks\u00f3w zniszczono w ramach zbi\u00f3rek makulatury.<\/p>\n<p>Najwy\u017cej oceniony egzemplarz na \u015bwiecie<\/p>\n<p>&#8222;Superman #1&#8221; zosta\u0142 poddany ocenie przez niezale\u017cn\u0105 firm\u0119 CGC, kt\u00f3ra przyzna\u0142a mu a\u017c dziewi\u0119\u0107 punkt\u00f3w w 10-stopniowej skali. To najwy\u017cej oceniony zachowany egzemplarz tego numeru na \u015bwiecie. Warto zaznaczy\u0107, \u017ce istnieje jedynie siedem znanych egzemplarzy &#8222;Superman No. 1&#8221; z ocen\u0105 co najmniej sze\u015b\u0107.<\/p>\n<p>Heritage Auctions og\u0142osi\u0142o, \u017ce komiks osi\u0105gn\u0105\u0142 na aukcji cen\u0119 9,12 mln dol., czyli 33,6 mln z\u0142, bij\u0105c poprzedni rekord o 3 mln dol. Wcze\u015bniej rekord nale\u017ca\u0142 do Action Comics nr 1 z 1938 r., w kt\u00f3rym Superman pojawi\u0142 si\u0119 po raz pierwszy. W 2024 r. ten numer sprzeda\u0142 si\u0119 za 6 mln dol.<\/p>\n<p>Dom aukcyjny Heritage Auctions okre\u015bli\u0142 Superman #1 mianem &#8222;szczytu kolekcjonerstwa komiksowego&#8221;. Matka braci kupi\u0142a go w latach 30. XX w. za 10 cent\u00f3w, a dzi\u015b ten egzemplarz sta\u0142 si\u0119 najdro\u017cszym komiksem w historii.<\/p>\n","protected":false},"excerpt":{"rendered":"Podczas \u015bwi\u0105tecznych porz\u0105dk\u00f3w w 2024 r. bracia odnale\u017ali w\u015br\u00f3d starych gazet i pami\u0105tek kartonowe pud\u0142o, w kt\u00f3rym znajdowa\u0142o&hellip;\n","protected":false},"author":2,"featured_media":654799,"comment_status":"","ping_status":"","sticky":false,"template":"","format":"standard","meta":{"footnotes":"","_share_on_mastodon":"0"},"categories":[20],"tags":[61195,90534,9355,48,120,118,119,46,55,42,38,40,39,41,116,114,115,47,8097,121,117],"class_list":["post-654798","post","type-post","status-publish","format-standard","has-post-thumbnail","category-nauka-i-technika","tag-bottomfeed_styl","tag-komiks","tag-ksiazki","tag-nat_styl","tag-nauka","tag-nauka-i-technika","tag-naukatechnika","tag-omp","tag-phx","tag-pl","tag-poland","tag-polish","tag-polska","tag-polski","tag-science","tag-science-and-technology","tag-sciencetechnology","tag-screening_general","tag-superman","tag-technika","tag-technology"],"share_on_mastodon":{"url":"https:\/\/pubeurope.com\/@pl\/117181530642317549","error":""},"_links":{"self":[{"href":"https:\/\/www.europesays.com\/pl\/wp-json\/wp\/v2\/posts\/654798","targetHints":{"allow":["GET"]}}],"collection":[{"href":"https:\/\/www.europesays.com\/pl\/wp-json\/wp\/v2\/posts"}],"about":[{"href":"https:\/\/www.europesays.com\/pl\/wp-json\/wp\/v2\/types\/post"}],"author":[{"embeddable":true,"href":"https:\/\/www.europesays.com\/pl\/wp-json\/wp\/v2\/users\/2"}],"replies":[{"embeddable":true,"href":"https:\/\/www.europesays.com\/pl\/wp-json\/wp\/v2\/comments?post=654798"}],"version-history":[{"count":0,"href":"https:\/\/www.europesays.com\/pl\/wp-json\/wp\/v2\/posts\/654798\/revisions"}],"wp:featuredmedia":[{"embeddable":true,"href":"https:\/\/www.europesays.com\/pl\/wp-json\/wp\/v2\/media\/654799"}],"wp:attachment":[{"href":"https:\/\/www.europesays.com\/pl\/wp-json\/wp\/v2\/media?parent=654798"}],"wp:term":[{"taxonomy":"category","embeddable":true,"href":"https:\/\/www.europesays.com\/pl\/wp-json\/wp\/v2\/categories?post=654798"},{"taxonomy":"post_tag","embeddable":true,"href":"https:\/\/www.europesays.com\/pl\/wp-json\/wp\/v2\/tags?post=654798"}],"curies":[{"name":"wp","href":"https:\/\/api.w.org\/{rel}","templated":true}]}}