{"id":654812,"date":"2026-08-30T00:15:51","date_gmt":"2026-08-30T00:15:51","guid":{"rendered":"https:\/\/www.europesays.com\/pl\/654812\/"},"modified":"2026-08-30T00:15:51","modified_gmt":"2026-08-30T00:15:51","slug":"ap-2010-orlen-gdansk-pogon-szczecin-transmisja-meczu","status":"publish","type":"post","link":"https:\/\/www.europesays.com\/pl\/654812\/","title":{"rendered":"AP 2010 ORLEN Gda\u0144sk &#8211; Pogo\u0144 Szczecin. Transmisja meczu"},"content":{"rendered":"<p class=\"wp-block-paragraph\">Dzisiaj, o\u00a0godzinie 13:00, pi\u0142karki Pogoni Szczecin zawalcz\u0105 na\u00a0wyje\u017adzie o\u00a0kolejn\u0105 wygran\u0105 i\u00a0komplet punkt\u00f3w. Ich rywalem w\u00a0ramach 5. kolejki Orlen Ekstraligi b\u0119dzie dru\u017cyna AP 2010 ORLEN Gda\u0144sk. Gdzie b\u0119dzie mo\u017cna obejrze\u0107 to\u00a0starcie?<\/p>\n<p>AP 2010 ORLEN Gda\u0144sk \u2013 Pogo\u0144 Szczecin. Gdzie obejrze\u0107?<\/p>\n<p class=\"wp-block-paragraph\">Dzisiejsz\u0105 rywalizacj\u0119 w\u00a0Gda\u0144sku b\u0119dzie mo\u017cna obejrze\u0107 za\u00a0po\u015brednictwem platformy Polskiego Zwi\u0105zku Pi\u0142ki No\u017cnej \u2013 PZPN+. Link do\u00a0transmisji, kt\u00f3ra\u00a0rozpocznie si\u0119 o\u00a0godzinie 12:50, znajdziecie <a href=\"https:\/\/pzpnplus.pl\/match\/34559\" data-type=\"link\" data-id=\"https:\/\/pzpnplus.pl\/match\/34559\" rel=\"nofollow noopener\" target=\"_blank\">tutaj<\/a>.<\/p>\n<p class=\"wp-block-paragraph\">\u017ar\u00f3d\u0142o: <a href=\"https:\/\/x.com\/PogonSzczecin_K?lang=pl\" data-type=\"link\" data-id=\"https:\/\/x.com\/PogonSzczecin_K?lang=pl\" rel=\"nofollow\">Pogo\u0144 Szczecin Kobiety (Twitter\/X)<\/a>, <a href=\"https:\/\/www.ekstraliga-kobiet.pl\/home\" data-type=\"link\" data-id=\"https:\/\/www.ekstraliga-kobiet.pl\/home\" rel=\"nofollow noopener\" target=\"_blank\">Orlen Ekstraliga (oficjalna strona)<\/a><\/p>\n<p class=\"wp-block-yoast-seo-estimated-reading-time yoast-reading-time__wrapper\">1 minuta<\/p>\n<p class=\"p24-last-updated\">Ostatnia aktualizacja: 29\/08\/2026<\/p>\n<p>Wy\u015bwietle\u0144:  32<\/p>\n<p><img loading=\"lazy\" decoding=\"async\" alt=\"Avatar photo\" src=\"https:\/\/www.europesays.com\/pl\/wp-content\/uploads\/2026\/08\/1788048951_0_411997b8e6057b4340773c01ccc226b2x120.jpg\"  class=\"avatar avatar-120 photo lazyload\" height=\"120\" width=\"120\" style=\"--smush-placeholder-width: 120px; --smush-placeholder-aspect-ratio: 120\/120;\" data-\/>Damian Sosna<\/p>\n<p>Redaktor\/dziennikarz portalu Pogo\u0144 24.info. Kibic Pogoni Szczecin i\u00a0pasjonat pi\u0142ki no\u017cnej.<\/p>\n<p>            \u00a0 <a href=\"https:\/\/pogon24.info\/tag\/informacje\/\" rel=\"tag nofollow noopener\" target=\"_blank\">Informacje<\/a>, <a href=\"https:\/\/pogon24.info\/tag\/kobiety\/\" rel=\"tag nofollow noopener\" target=\"_blank\">Kobiety<\/a>, <a href=\"https:\/\/pogon24.info\/tag\/link\/\" rel=\"tag nofollow noopener\" target=\"_blank\">Link<\/a>, <a href=\"https:\/\/pogon24.info\/tag\/orlen-ekstraliga\/\" rel=\"tag nofollow noopener\" target=\"_blank\">Orlen Ekstraliga<\/a>, <a href=\"https:\/\/pogon24.info\/tag\/runda-jesienna\/\" rel=\"tag nofollow noopener\" target=\"_blank\">Runda jesienna<\/a>, <a href=\"https:\/\/pogon24.info\/tag\/sezon-2026-2027\/\" rel=\"tag nofollow noopener\" target=\"_blank\">Sezon 2026\/2027<\/a>, <a href=\"https:\/\/pogon24.info\/tag\/transmisja\/\" rel=\"tag nofollow noopener\" target=\"_blank\">Transmisja<\/a>, <a href=\"https:\/\/pogon24.info\/tag\/zapowiedz-meczu\/\" rel=\"tag nofollow noopener\" target=\"_blank\">Zapowied\u017a meczu<\/a><\/p>\n","protected":false},"excerpt":{"rendered":"Dzisiaj, o\u00a0godzinie 13:00, pi\u0142karki Pogoni Szczecin zawalcz\u0105 na\u00a0wyje\u017adzie o\u00a0kolejn\u0105 wygran\u0105 i\u00a0komplet punkt\u00f3w. Ich rywalem w\u00a0ramach 5. kolejki Orlen&hellip;\n","protected":false},"author":2,"featured_media":654813,"comment_status":"","ping_status":"","sticky":false,"template":"","format":"standard","meta":{"footnotes":"","_share_on_mastodon":"0"},"categories":[52097],"tags":[399,12059,47656,774,52091,42,38,40,39,41,97464,88769,545,88770],"class_list":["post-654812","post","type-post","status-publish","format-standard","has-post-thumbnail","category-orlen","tag-informacje","tag-kobiety","tag-link","tag-orlen","tag-orlen-ekstraliga","tag-pl","tag-poland","tag-polish","tag-polska","tag-polski","tag-runda-jesienna","tag-sezon-2026-2027","tag-transmisja","tag-zapowiedz-meczu"],"share_on_mastodon":{"url":"https:\/\/pubeurope.com\/@pl\/117181585838259727","error":""},"_links":{"self":[{"href":"https:\/\/www.europesays.com\/pl\/wp-json\/wp\/v2\/posts\/654812","targetHints":{"allow":["GET"]}}],"collection":[{"href":"https:\/\/www.europesays.com\/pl\/wp-json\/wp\/v2\/posts"}],"about":[{"href":"https:\/\/www.europesays.com\/pl\/wp-json\/wp\/v2\/types\/post"}],"author":[{"embeddable":true,"href":"https:\/\/www.europesays.com\/pl\/wp-json\/wp\/v2\/users\/2"}],"replies":[{"embeddable":true,"href":"https:\/\/www.europesays.com\/pl\/wp-json\/wp\/v2\/comments?post=654812"}],"version-history":[{"count":0,"href":"https:\/\/www.europesays.com\/pl\/wp-json\/wp\/v2\/posts\/654812\/revisions"}],"wp:featuredmedia":[{"embeddable":true,"href":"https:\/\/www.europesays.com\/pl\/wp-json\/wp\/v2\/media\/654813"}],"wp:attachment":[{"href":"https:\/\/www.europesays.com\/pl\/wp-json\/wp\/v2\/media?parent=654812"}],"wp:term":[{"taxonomy":"category","embeddable":true,"href":"https:\/\/www.europesays.com\/pl\/wp-json\/wp\/v2\/categories?post=654812"},{"taxonomy":"post_tag","embeddable":true,"href":"https:\/\/www.europesays.com\/pl\/wp-json\/wp\/v2\/tags?post=654812"}],"curies":[{"name":"wp","href":"https:\/\/api.w.org\/{rel}","templated":true}]}}