{"id":654824,"date":"2026-08-30T00:26:10","date_gmt":"2026-08-30T00:26:10","guid":{"rendered":"https:\/\/www.europesays.com\/pl\/654824\/"},"modified":"2026-08-30T00:26:10","modified_gmt":"2026-08-30T00:26:10","slug":"szalone-nozyczki-morderstwo-u-fryzjera-w-lodzi-4","status":"publish","type":"post","link":"https:\/\/www.europesays.com\/pl\/654824\/","title":{"rendered":"Szalone no\u017cyczki. Morderstwo u fryzjera w \u0141odzi"},"content":{"rendered":"<p class=\"atomsHappeningContent__desc\">Nowi bohaterowie, nowa przestrze\u0144, nowe konteksty, ale nie zmienia si\u0119 jedno &#8211; to Wy decydujecie, jak zako\u0144czy si\u0119 \u015bledztwo. Ka\u017cdy mo\u017ce okaza\u0107 si\u0119 winny\u2026 Od 19 marca 2026 zapraszamy na Wasz\u0105 ulubion\u0105 komedi\u0119 w nowej ods\u0142onie. Rekordzi\u015bci od polskiej prapremiery w naszym Teatrze w 1999 roku ogl\u0105dali nasze \u201eSzalone no\u017cyczki\u201d oko\u0142o 30 razy, a spektakl zagrali\u015bmy do tej pory oko\u0142o 1500 razy (!) Kto b\u0119dzie nowym rekordzist\u0105 w\u015br\u00f3d widz\u00f3w?<\/p>\n<p>W\u0142a\u015bcicielem nowego salonu jest mistrz no\u017cyczek, kt\u00f3ry uczy\u0142 si\u0119 u najlepszych. Jest spadkobierc\u0105 talentu i niepowtarzalnego stylu \u015bwiatowej s\u0142awy Antoine\u2019a Cierplikowskiego &#8211; wielkiego mistrza z Sieradza, przyjaciela artyst\u00f3w i koronowanych g\u0142\u00f3w, kt\u00f3ry nazywany by\u0142 \u201ekr\u00f3lem fryzjer\u00f3w &#8211; fryzjerem kr\u00f3l\u00f3w\u201d.<\/p>\n<p>Re\u017cyser: Marcin S\u0142awi\u0144ski, Arkadiusz W\u00f3jcik<\/p>\n<p>Obsada: Ma\u0142gorzata Go\u017adzik\/ Paulina Nadel, Marta Jarczewska, Sebastian Jasnoch, Jakub Kryszta\u0142, Micha\u0142 Lacheta, Kamil Suszczyk.<\/p>\n<p>Autor: Paul P\u00f6rtner<br \/>Przek\u0142ad: El\u017cbieta Wo\u017aniak<br \/>Gatunek: inne<br \/>Scenografia: Wojciech Stefaniak<\/p>\n","protected":false},"excerpt":{"rendered":"Nowi bohaterowie, nowa przestrze\u0144, nowe konteksty, ale nie zmienia si\u0119 jedno &#8211; to Wy decydujecie, jak zako\u0144czy si\u0119&hellip;\n","protected":false},"author":2,"featured_media":654825,"comment_status":"","ping_status":"","sticky":false,"template":"","format":"standard","meta":{"footnotes":"","_share_on_mastodon":"0"},"categories":[51608],"tags":[6226,10195,3652,42,38,40,39,41,8812,22920],"class_list":["post-654824","post","type-post","status-publish","format-standard","has-post-thumbnail","category-lodz","tag-bilety","tag-impreza","tag-lodz","tag-pl","tag-poland","tag-polish","tag-polska","tag-polski","tag-spektakle","tag-wydarzenie"],"share_on_mastodon":{"url":"https:\/\/pubeurope.com\/@pl\/117181624006085095","error":""},"_links":{"self":[{"href":"https:\/\/www.europesays.com\/pl\/wp-json\/wp\/v2\/posts\/654824","targetHints":{"allow":["GET"]}}],"collection":[{"href":"https:\/\/www.europesays.com\/pl\/wp-json\/wp\/v2\/posts"}],"about":[{"href":"https:\/\/www.europesays.com\/pl\/wp-json\/wp\/v2\/types\/post"}],"author":[{"embeddable":true,"href":"https:\/\/www.europesays.com\/pl\/wp-json\/wp\/v2\/users\/2"}],"replies":[{"embeddable":true,"href":"https:\/\/www.europesays.com\/pl\/wp-json\/wp\/v2\/comments?post=654824"}],"version-history":[{"count":0,"href":"https:\/\/www.europesays.com\/pl\/wp-json\/wp\/v2\/posts\/654824\/revisions"}],"wp:featuredmedia":[{"embeddable":true,"href":"https:\/\/www.europesays.com\/pl\/wp-json\/wp\/v2\/media\/654825"}],"wp:attachment":[{"href":"https:\/\/www.europesays.com\/pl\/wp-json\/wp\/v2\/media?parent=654824"}],"wp:term":[{"taxonomy":"category","embeddable":true,"href":"https:\/\/www.europesays.com\/pl\/wp-json\/wp\/v2\/categories?post=654824"},{"taxonomy":"post_tag","embeddable":true,"href":"https:\/\/www.europesays.com\/pl\/wp-json\/wp\/v2\/tags?post=654824"}],"curies":[{"name":"wp","href":"https:\/\/api.w.org\/{rel}","templated":true}]}}