{"id":654848,"date":"2026-08-30T00:43:31","date_gmt":"2026-08-30T00:43:31","guid":{"rendered":"https:\/\/www.europesays.com\/pl\/654848\/"},"modified":"2026-08-30T00:43:31","modified_gmt":"2026-08-30T00:43:31","slug":"donald-tusk-alarmuje-po-rozmowie-z-szefem-nato-eskalacja-ze-strony-rosji-postepuje-2","status":"publish","type":"post","link":"https:\/\/www.europesays.com\/pl\/654848\/","title":{"rendered":"Donald Tusk alarmuje po rozmowie z szefem NATO. &#8222;Eskalacja ze strony Rosji post\u0119puje&#8221;"},"content":{"rendered":"<p>&#8222;Mark Rutte przekaza\u0142 mi w\u0142a\u015bnie swoj\u0105 ocen\u0119 sytuacji w regionie i na froncie ukrai\u0144sko-rosyjskim. Tak jak ostrzega\u0142em, eskalacja ze strony Rosji post\u0119puje. Ukraina potrzebuje wi\u0119kszego wsparcia w powietrzu, co ma tak\u017ce znaczenie dla naszego bezpiecze\u0144stwa. To zadanie dla ca\u0142ej Europy&#8221; \u2014 napisa\u0142 w sobot\u0119 Donald Tusk na platformie X.<\/p>\n<p>Podkre\u015bli\u0142, \u017ce &#8222;najbli\u017csze p\u00f3\u0142 roku b\u0119dzie rozstrzygaj\u0105ce&#8221; i zar\u00f3wno Polska, jak i pozosta\u0142e kraje NATO musz\u0105 by\u0107 gotowe na r\u00f3\u017cne scenariusze. &#8222;Nie mo\u017cemy wykluczy\u0107 prowokacji ze strony Rosji wobec kt\u00f3rego\u015b z cz\u0142onk\u00f3w NATO&#8221; \u2014 alarmuje Tusk.<\/p>\n<p>Tusk: Rosja szykuje si\u0119 do eskalacjiO sytuacji w Ukrainie i na \u015bwiecie Donald Tusk m\u00f3wi\u0142 te\u017c w pi\u0105tek podczas pi\u0105tkowego spotkania z uczestnikami Campusu Polska Przysz\u0142o\u015bci w Olsztynie. <a href=\"https:\/\/wiadomosci.onet.pl\/kraj\/donald-tusk-zapytany-o-rosje-musimy-byc-przygotowani-na-rozne-rzeczy\/lf00mz9\" id=\"a960ec61-9635-4ada-9734-cf2f61f7855e\" rel=\"nofollow noopener\" target=\"_blank\">Premiera pytano m.in. o wizyt\u0119 dyrektora CIA Johna Ratcliffe\u2019a w Moskwie.<\/a> Ratcliffe odwiedzi\u0142 we wtorek Moskw\u0119 po to, by ostrzec Rosj\u0119 przed pr\u00f3b\u0105 ataku na pa\u0144stwa NATO \u2014 poda\u0142 w \u015brod\u0119 dziennik &#8222;Wall Street Journal&#8221;. Wed\u0142ug serwisu Politico ostrze\u017cenie dotyczy\u0142o ataku na pa\u0144stwa ba\u0142tyckie.Witold Jurasz: Rosja mo\u017ce dopu\u015bci\u0107 si\u0119 zbrojnej prowokacji wobec Polski<img class=\"ods-a-photo ods-a-photo--background\" src=\"https:\/\/www.europesays.com\/pl\/wp-content\/uploads\/2026\/08\/4i9k9lBaHR0cHM6Ly9vY2RuLmV1L3B1bHNjbXMvTURBXy9kMzk3MWI1YmY5MmQ4YjAxYzg4ZjRhMDViYTVhODkzYi5wbmeRlQLNA.jpeg\" height=\"276\" width=\"450\" alt=\"Witold Jurasz \" loading=\"lazy\" fetchpriority=\"low\" decoding=\"async\"\/><\/p>\n<p>\u2014 Nie mog\u0119 si\u0119 za bardzo rozgada\u0107, ale jeste\u015bmy w sta\u0142ym kontakcie z szefostwem CIA, wi\u0119c nie jeste\u015bmy zaskakiwani \u017cadnymi informacjami dotycz\u0105cymi dzia\u0142a\u0144 i przedsi\u0119wzi\u0119\u0107, kt\u00f3re szef CIA prowadzi. Uprzedzano nas tak\u017ce o potrzebie pilnej rozmowy na mo\u017cliwie najwy\u017cszym szczeblu polsko-ameryka\u0144skim w tej kwestii \u2014 odpowiedzia\u0142 Tusk.<\/p>\n<p>Zdaniem Tuska &#8222;w kwestii naszego bezpiecze\u0144stwa niekt\u00f3re rzeczy musz\u0105 by\u0107 w dyskrecji, ale nie musimy ukrywa\u0107 tych najwa\u017cniejszych spraw&#8221;. \u2014 Wiele tygodni temu powiedzia\u0142em w wywiadzie, chyba dla &#8222;Financial Times&#8221;, \u017ce istnieje realne zagro\u017cenie, \u017ce Rosja zdecyduje si\u0119 na jak\u0105\u015b powa\u017cn\u0105 prowokacj\u0119, albo nawet na ograniczony atak, na kt\u00f3re\u015b z pa\u0144stw Traktatu. I us\u0142ysza\u0142em od wielu komentator\u00f3w, \u017ce Tusk zwariowa\u0142 \u2014 m\u00f3wi\u0142 szef rz\u0105du.<\/p>\n","protected":false},"excerpt":{"rendered":"&#8222;Mark Rutte przekaza\u0142 mi w\u0142a\u015bnie swoj\u0105 ocen\u0119 sytuacji w regionie i na froncie ukrai\u0144sko-rosyjskim. Tak jak ostrzega\u0142em, eskalacja&hellip;\n","protected":false},"author":2,"featured_media":654849,"comment_status":"","ping_status":"","sticky":false,"template":"","format":"standard","meta":{"footnotes":"","_share_on_mastodon":"0"},"categories":[62713],"tags":[61195,1345,212,76,49,13445,48,160,46,55,47,415],"class_list":["post-654848","post","type-post","status-publish","format-standard","has-post-thumbnail","category-donald-tusk","tag-bottomfeed_styl","tag-donald-tusk","tag-donald_tusk","tag-inwazja_rosji_na_ukraine","tag-kraj","tag-mark_rutte","tag-nat_styl","tag-nato","tag-omp","tag-phx","tag-screening_general","tag-ukraina"],"share_on_mastodon":{"url":"https:\/\/pubeurope.com\/@pl\/117181692067793139","error":""},"_links":{"self":[{"href":"https:\/\/www.europesays.com\/pl\/wp-json\/wp\/v2\/posts\/654848","targetHints":{"allow":["GET"]}}],"collection":[{"href":"https:\/\/www.europesays.com\/pl\/wp-json\/wp\/v2\/posts"}],"about":[{"href":"https:\/\/www.europesays.com\/pl\/wp-json\/wp\/v2\/types\/post"}],"author":[{"embeddable":true,"href":"https:\/\/www.europesays.com\/pl\/wp-json\/wp\/v2\/users\/2"}],"replies":[{"embeddable":true,"href":"https:\/\/www.europesays.com\/pl\/wp-json\/wp\/v2\/comments?post=654848"}],"version-history":[{"count":0,"href":"https:\/\/www.europesays.com\/pl\/wp-json\/wp\/v2\/posts\/654848\/revisions"}],"wp:featuredmedia":[{"embeddable":true,"href":"https:\/\/www.europesays.com\/pl\/wp-json\/wp\/v2\/media\/654849"}],"wp:attachment":[{"href":"https:\/\/www.europesays.com\/pl\/wp-json\/wp\/v2\/media?parent=654848"}],"wp:term":[{"taxonomy":"category","embeddable":true,"href":"https:\/\/www.europesays.com\/pl\/wp-json\/wp\/v2\/categories?post=654848"},{"taxonomy":"post_tag","embeddable":true,"href":"https:\/\/www.europesays.com\/pl\/wp-json\/wp\/v2\/tags?post=654848"}],"curies":[{"name":"wp","href":"https:\/\/api.w.org\/{rel}","templated":true}]}}