{"id":654891,"date":"2026-08-30T01:13:28","date_gmt":"2026-08-30T01:13:28","guid":{"rendered":"https:\/\/www.europesays.com\/pl\/654891\/"},"modified":"2026-08-30T01:13:28","modified_gmt":"2026-08-30T01:13:28","slug":"tusk-mowil-o-naszych-sedziach-w-tk-przydacz-zabral-glos","status":"publish","type":"post","link":"https:\/\/www.europesays.com\/pl\/654891\/","title":{"rendered":"Tusk m\u00f3wi\u0142 o &#8222;naszych&#8221; s\u0119dziach w TK. Przydacz zabra\u0142 g\u0142os"},"content":{"rendered":"\n<p>&#13;<br \/>\nPremier Donald Tusk by\u0142 pytany w\u00a0pi\u0105tek podczas wydarzenia &#8222;Campus Polska Przysz\u0142o\u015bci&#8221; w\u00a0Olsztynie o\u00a0Macieja Berka, kt\u00f3ry ma\u00a0zosta\u0107 s\u0119dzi\u0105 Trybuna\u0142u Konstytucyjnego. &#13;\n<\/p>\n<p>Maciej Berek do\u00a0TK. Donald Tusk komentuje<\/p>\n<p>&#13;<br \/>\nMaciej Berek pe\u0142ni\u0142 funkcj\u0119 ministra-cz\u0142onka Rady Ministr\u00f3w i\u00a0szefa Komitetu Sta\u0142ego Rady Ministr\u00f3w od\u00a0powo\u0142ania obecnego gabinetu w\u00a0grudniu 2023\u00a0r. W\u00a0marcu 2025\u00a0r. stan\u0105\u0142 za\u015b\u00a0na\u00a0czele powo\u0142anego w\u00a0kancelarii premiera rz\u0105dowego zespo\u0142u ds. deregulacji. Od\u00a0tego czasu patronowa\u0142 przygotowywanym przez rz\u0105d projektom deregulacyjnym. W\u00a0lipcu 2025\u00a0r., przy okazji rekonstrukcji rz\u0105du, zosta\u0142 ministrem ds. nadzoru nad wdra\u017caniem polityki rz\u0105du. Premier postawi\u0142 przed nim w\u00f3wczas zadanie kontroli i\u00a0rozliczania pracy ministr\u00f3w. &#13;\n<\/p>\n<p>&#13;<br \/>\n\u2013 Wiem, \u017ce\u00a0to\u00a0skaza na\u00a0moim wizerunku. Przeczyta\u0142em wszystkie mo\u017cliwe komentarze. One co\u00a0prawda dziel\u0105 si\u0119 tak p\u00f3\u0142 na\u00a0p\u00f3\u0142. Jestem po\u00a0stronie tych, kt\u00f3rzy m\u00f3wi\u0105: postawili nam takie warunki walki, trzeba prawdopodobnie w\u00a0tym przypadku postawi\u0107 na\u00a0skuteczno\u015b\u0107. Wiecie kto jest dzisiaj szefem TK, tego pseudoTK? To\u00a0go\u015b\u0107, kt\u00f3ry by\u0142 szefem ABW, prokuratorem, wiceministrem, jest autorem s\u0142ynnej ksi\u0105\u017cki &#8222;afery Donalda Tuska&#8221;, pan \u015awi\u0119czkowski. Wiecie jak funkcjonuj\u0105 s\u0119dziowie TK wybrani przez Sejm, a\u00a0bojkotowani przez Nawrockiego? Musz\u0105 siedzie\u0107 tam na\u00a0schodach, bo\u00a0\u015awi\u0119czkowski nie\u00a0chce ich dopu\u015bci\u0107 do\u00a0orzekania \u2013\u00a0powiedzia\u0142 szef rz\u0105du. &#13;\n<\/p>\n<p>&#13;<br \/>\nDonald Tusk oceni\u0142, \u017ce\u00a0Maciej Berek &#8222;nie ma\u00a0nic wsp\u00f3lnego z\u00a0polityk\u0105 rozumian\u0105 tak, jak to\u00a0zabrzmia\u0142o w\u00a0pana pytaniu&#8221;. &#13;\n<\/p>\n<p>&#13;<br \/>\n\u2013 Nie\u00a0nale\u017ca\u0142 do\u00a0\u017cadnej partii politycznej. W\u00a0rz\u0105dzie zajmuje si\u0119 nie\u00a0konfrontacj\u0105 polityczn\u0105, tylko pilnowaniem tego, \u017ceby prawo by\u0142o zgodne z\u00a0Konstytucj\u0105. Wiecie dlaczego mam zaufanie do\u00a0niego jako do\u00a0kandydata? Bo\u00a0ja mam do\u015b\u0107 silny autorytet w\u00a0rz\u0105dzie, nie\u00a0ka\u017cdy ch\u0119tnie si\u0119 stawia mi i\u00a0jako\u015b tam protestuje. Berek zawsze kiedy mia\u0142 problem czy\u00a0nasze pomys\u0142y s\u0105 konstytucyjne, przychodzi\u0142 i\u00a0m\u00f3wi\u0142: ze\u00a0mn\u0105 takie numery nie\u00a0przejd\u0105. Naprawd\u0119 wiem, na\u00a0kogo stawiamy do\u00a0TK, je\u015bli chodzi o\u00a0jego cechy prawdziwe, autentyczne, a\u00a0nie opisane w\u00a0mediach \u2013\u00a0doda\u0142. &#13;\n<\/p>\n<p>Tusk: We\u00a0wrze\u015bniu musz\u0119 mie\u0107 pewno\u015b\u0107, \u017ce\u00a0nasi s\u0119dziowie wejd\u0105 do\u00a0gmachu TK<\/p>\n<p>&#13;<br \/>\nPremier podkre\u015bli\u0142, \u017ce\u00a0nie b\u0119dzie w\u00a0tej sprawie &#8222;pi\u0119knoduchem&#8221;. &#13;\n<\/p>\n<p>&#13;<br \/>\n\u2013 We\u00a0wrze\u015bniu musz\u0119 mie\u0107 pewno\u015b\u0107, \u017ce\u00a0<a href=\"https:\/\/dorzeczy.pl\/opinie\/935422\/premier-tusk-o-przejeciu-tk-miec-pewnosc-ze-nasi-sedziowie-wejda-do-budynku.html\" rel=\"nofollow noopener\" target=\"_blank\">nasi s\u0119dziowie wejd\u0105 do\u00a0tego gmachu,<\/a> \u017ce\u00a0to\u00a0b\u0119dzie wszystko zgodne z\u00a0prawem. Mo\u017ce nie\u00a0b\u0119dzie estetyczne, mo\u017ce cz\u0119\u015b\u0107 z\u00a0was si\u0119 na\u00a0mnie obrazi, ale\u00a0pomy\u015blcie, czy\u00a0wi\u0119cej z\u00a0was nie\u00a0obrazi si\u0119 na\u00a0mnie, je\u015bli b\u0119d\u0119 sta\u0142 o\u00a0tak, z\u00a0rozdziawion\u0105 g\u0119b\u0105 i\u00a0nic si\u0119 nie\u00a0da zrobi\u0107 i\u00a0dalej \u015awi\u0119czkowski b\u0119dzie pomiata\u0142 s\u0119dziami \u2013\u00a0m\u00f3wi\u0142. &#13;\n<\/p>\n<p>Przydacz komentuje s\u0142owa Tuska<\/p>\n<p>&#13;<br \/>\nDo sprawy we\u00a0wpisie na\u00a0X odni\u00f3s\u0142 si\u0119 Marcin Przydacz, szef prezydenckiego Biura Polityki Mi\u0119dzynarodowej. &#13;\n<\/p>\n<p>&#13;<br \/>\n'Premier Tusk m\u00f3wi o\u00a0niekt\u00f3rych s\u0119dziach \u2013\u00a0moi s\u0119dziowie. To\u00a0pokazuje, jaki jest obecny stan niezale\u017cnego s\u0105downictwa w\u00a0Polsce&#8221; \u2013\u00a0oceni\u0142 we\u00a0wpisie. &#13;\n<\/p>\n<p>&#13;<br \/>\n   Czytaj te\u017c:<br \/><a href=\"https:\/\/dorzeczy.pl\/opinie\/935422\/premier-tusk-o-przejeciu-tk-miec-pewnosc-ze-nasi-sedziowie-wejda-do-budynku.html\" rel=\"follow nofollow noopener\" data-schema=\"DORZECZY\" data-image=\"https:\/\/img.dorzeczy.pl\/_thumb\/d9\/bd\/df5ccb79d0ec911c502a48d6fe78.jpeg\" target=\"_blank\">Tusk o\u00a0przej\u0119ciu TK. &#8222;Mie\u0107 pewno\u015b\u0107, \u017ce\u00a0nasi s\u0119dziowie wejd\u0105 do\u00a0budynku&#8221;<\/a>   Czytaj te\u017c:<br \/><a href=\"https:\/\/dorzeczy.pl\/kraj\/935377\/tusk-przyznaje-sie-do-porazki-bardzo-mnie-martwi.html\" rel=\"follow nofollow noopener\" data-schema=\"DORZECZY\" data-image=\"https:\/\/img.dorzeczy.pl\/_thumb\/32\/de\/d2aecc4cd2c163b7b9e884147eeb.jpeg\" target=\"_blank\">Tusk przyznaje si\u0119 do\u00a0pora\u017cki. &#8222;Bardzo mnie martwi&#8221;<\/a> &#13;<\/p>\n","protected":false},"excerpt":{"rendered":"&#13; Premier Donald Tusk by\u0142 pytany w\u00a0pi\u0105tek podczas wydarzenia &#8222;Campus Polska Przysz\u0142o\u015bci&#8221; w\u00a0Olsztynie o\u00a0Macieja Berka, kt\u00f3ry ma\u00a0zosta\u0107 s\u0119dzi\u0105&hellip;\n","protected":false},"author":2,"featured_media":654892,"comment_status":"","ping_status":"","sticky":false,"template":"","format":"standard","meta":{"footnotes":"","_share_on_mastodon":"0"},"categories":[62713],"tags":[126275,1345,98,49,51372,13466,102,101,8233,8232],"class_list":["post-654891","post","type-post","status-publish","format-standard","has-post-thumbnail","category-donald-tusk","tag-campus-polska-przyszlosci","tag-donald-tusk","tag-dorzeczy","tag-kraj","tag-maciej-berek","tag-marcin-przydacz","tag-opinie","tag-premier","tag-tk","tag-trybunal-konstytucyjny"],"share_on_mastodon":{"url":"https:\/\/pubeurope.com\/@pl\/117181808997265755","error":""},"_links":{"self":[{"href":"https:\/\/www.europesays.com\/pl\/wp-json\/wp\/v2\/posts\/654891","targetHints":{"allow":["GET"]}}],"collection":[{"href":"https:\/\/www.europesays.com\/pl\/wp-json\/wp\/v2\/posts"}],"about":[{"href":"https:\/\/www.europesays.com\/pl\/wp-json\/wp\/v2\/types\/post"}],"author":[{"embeddable":true,"href":"https:\/\/www.europesays.com\/pl\/wp-json\/wp\/v2\/users\/2"}],"replies":[{"embeddable":true,"href":"https:\/\/www.europesays.com\/pl\/wp-json\/wp\/v2\/comments?post=654891"}],"version-history":[{"count":0,"href":"https:\/\/www.europesays.com\/pl\/wp-json\/wp\/v2\/posts\/654891\/revisions"}],"wp:featuredmedia":[{"embeddable":true,"href":"https:\/\/www.europesays.com\/pl\/wp-json\/wp\/v2\/media\/654892"}],"wp:attachment":[{"href":"https:\/\/www.europesays.com\/pl\/wp-json\/wp\/v2\/media?parent=654891"}],"wp:term":[{"taxonomy":"category","embeddable":true,"href":"https:\/\/www.europesays.com\/pl\/wp-json\/wp\/v2\/categories?post=654891"},{"taxonomy":"post_tag","embeddable":true,"href":"https:\/\/www.europesays.com\/pl\/wp-json\/wp\/v2\/tags?post=654891"}],"curies":[{"name":"wp","href":"https:\/\/api.w.org\/{rel}","templated":true}]}}