{"id":654895,"date":"2026-08-30T01:20:58","date_gmt":"2026-08-30T01:20:58","guid":{"rendered":"https:\/\/www.europesays.com\/pl\/654895\/"},"modified":"2026-08-30T01:20:58","modified_gmt":"2026-08-30T01:20:58","slug":"pelny-niespodzianek-pierwszy-dzien-rywalizacji-w-orlen-finale-mistrzostw-polski-w-siatkowce-plazowej-super-nowosci","status":"publish","type":"post","link":"https:\/\/www.europesays.com\/pl\/654895\/","title":{"rendered":"Pe\u0142ny niespodzianek pierwszy dzie\u0144 rywalizacji w ORLEN Finale Mistrzostw Polski w siatk\u00f3wce pla\u017cowej &#8211; Super Nowo\u015bci"},"content":{"rendered":"<p> 0 <img fetchpriority=\"high\" decoding=\"async\" width=\"1024\" height=\"666\" src=\"https:\/\/www.europesays.com\/pl\/wp-content\/uploads\/2026\/08\/PLA-1-1024x666.jpg\" alt=\"\" class=\" penci-lazy wp-image-116426\"  \/>Fot. Kamil Pastusiak <\/p>\n<p class=\"has-medium-font-size wp-block-paragraph\">Za nami pierwszy dzie\u0144 rywalizacji w ORLEN Finale Mistrzostw Polski w Siatk\u00f3wce Pla\u017cowej. Rozegrane zosta\u0142o 40 spotka\u0144 pe\u0142nych emocji, walki i niespodziewanych rozstrzygni\u0119\u0107. Poj\u0119cie \u201cfaworyta\u201d w rzeszowskich zmaganiach w pi\u0105tek nie istnia\u0142o.<\/p>\n<p class=\"wp-block-paragraph\">SIATK\u00d3WKA PLA\u017bOWA<\/p>\n<p class=\"wp-block-paragraph\">Dla polskich par pla\u017cowych ko\u0144cz\u0105cy sezon turniej fina\u0142owy jest imprez\u0105 docelow\u0105. Po d\u0142ugiej rywalizacji o punkty do rankingu, kt\u00f3ry decyduje o grze w tych zawodach, uczestnicy szykuj\u0105 najlepsz\u0105 form\u0119 w\u0142a\u015bnie na to wydarzenie. Udowodnili to w pi\u0105tek w Rzeszowie, gdy\u017c w zmaganiach nie brakowa\u0142o zaskakuj\u0105cych wynik\u00f3w, zw\u0142aszcza w turnieju siatkarzy.<\/p>\n<p class=\"wp-block-paragraph\">W rywalizacji siatkarek pierwsze potyczki przynios\u0142y jeden do\u015b\u0107 niespodziewany wynik, a para Lewandowska\/Turkot po d\u0142ugim spotkaniu pokona\u0142y team Chy\u0142a\/Jochym-Florczyk. Przegrane z tego meczu graj\u0105 jednak dalej, gdy\u017c w kolejnym meczu zagra\u0142y zgodnie z planem.<\/p>\n<p class=\"wp-block-paragraph\">Pierwsza faza turnieju siatkarzy by\u0142a zupe\u0142nie inna i wyniki zaskakiwa\u0142y mniej lub bardziej, ale w wi\u0119kszo\u015bci spotka\u0144. M\u0142odziutki duet mistrz\u00f3w Polski junior\u00f3w \u2013 Robak\/Gliszczy\u0144ski r\u00f3wnie\u017c zaskoczy\u0142 i na otwarcie swojego wyst\u0119pu wygra\u0142 2:0. Ze swojego pierwszego wyst\u0119pu na pewno nie by\u0142y te\u017c zadowolone pary Warych\/Musia\u0142, Jaroszczak\/Florczyk. Turniej od pora\u017cki rozpocz\u0119\u0142a tak\u017ce kadrowa dw\u00f3jka Kantor\/Lejawa. P\u00f3\u017aniej nie by\u0142o inaczej. Duet Sobstyl\/Bidzi\u0144ski niespodziewanie pozostawi\u0142 w pokonanym polu reprezentacyjny duet Czachorowski\/Krzemi\u0144ski, kt\u00f3ry w Rzeszowie zgarn\u0105\u0142 ju\u017c w tym roku zwyci\u0119stwo. Im bli\u017cej ko\u0144ca pierwszego dnia rywalizacji tym by\u0142o ciekawiej. Ostatnie rundy na wszystkich boiskach rozegrali siatkarze i po\u017cegnali si\u0119 oni z pi\u0105tkiem trzema tie-breakami.<\/p>\n<p class=\"wp-block-paragraph\">W bardzo dobrych nastrojach do sobotniej rywalizacji przyst\u0105pi\u0105 z pewno\u015bci\u0105 pary kobiet: Kielak\/Kudlik, Adamek\/Gromadowska, Kruczek\/Michalska i Tomala\/\u0141unio, kt\u00f3re s\u0105 ju\u017c w \u0107wier\u0107finale, a tak\u017ce pary m\u0119skie: Sobstyl\/Bidzi\u0144ski, Subocz\/Witko\u015b, Ciemachowski\/Taudul, Besarab\/Beta, S\u0142awi\u0144ski\/Iwa\u0144ski, Lech\/Mielczarek, Mozol\/Skrajny, Kantor\/Lejawa. Wszystkie te m\u0119skie teamy s\u0105 o krok od \u0107wier\u0107fina\u0142u.<\/p>\n<p class=\"wp-block-paragraph\">Wyniki pierwszego dnia<\/p>\n<p class=\"wp-block-paragraph\">Turniej kobiet:<br \/>I runda:<br \/>Kielak Julia \/ Kudlik Zuzanna \u2013 Zackiewicz Izabela \/ K\u0142oda Martyna 2:0 (21:15, 21:19)<br \/>Saad Magdalena \/ Vlk Ma\u0142gorzata \u2013 Brykalska R\u00f3\u017ca \/ Baron Lena 2:0 (21:15, 21:10)<br \/>Adamek Agnieszka \/ Gromadowska Aleksandra \u2013 Kaczmarek Aneta \/ Tylutki Justyna 2:0 (21:16, 21:17)<br \/>Lewandowska Magdalena \/ Turkot Klaudia \u2013 Chy\u0142a Aleksandra \/ Jochym-Florczyk Nicole 2:1 (21:19, 15:21, 15:8)<br \/>Kruczek Maja \/ Michalska Zuzanna \u2013 Szyma\u0144ska Paulina \/ Ba\u0142dyga Paulina 2:0 (21:19, 21:15)<br \/>Jaku\u0107 Karina \/ Czury\u0142o Julia \u2013 Jundzi\u0142\u0142 Patrycja \/ Jaroszczak Julia 0:2 (23:25, 16:21)<br \/>Kropid\u0142owska Katarzyna \/ \u0141odej Marta \u2013 Antczak Weronika \/ Czupryniak Justyna 2:0 (21:18, 21:15)<br \/>Kobierecka Barbara \/ Naro\u017cnik Karolina \u2013 Tomala Justyna \/ \u0141unio Urszula 0:2 (12:21, 14:21)<\/p>\n<p class=\"wp-block-paragraph\">II runda:<br \/>Kielak Julia \/ Kudlik Zuzanna \u2013 Saad Magdalena \/ Vlk Ma\u0142gorzata 2:1 (21:15, 18:21, 15:7)<br \/>Adamek Agnieszka \/ Gromadowska Aleksandra \u2013 Lewandowska Magdalena \/ Turkot Klaudia 2:0 (21:14, 21:14)<br \/>Kruczek Maja \/ Michalska Zuzanna \u2013 Jundzi\u0142\u0142 Patrycja \/ Jaroszczak Julia 2:0 (21:19, 21:17)<br \/>Kropid\u0142owska Katarzyna \/ \u0141odej Marta \u2013 Tomala Justyna \/ \u0141unio Urszula 0:2 (19:21, 22:24)<\/p>\n<p class=\"wp-block-paragraph\">Runda przegranych:<br \/>Kobierecka Barbara \/ Naro\u017cnik Karolina \u2013 Antczak Weronika \/ Czupryniak Justyna 2:1 (21:16, 20:22, 15:11)<br \/>Jaku\u0107 Karina \/ Czury\u0142o Julia \u2013 Szyma\u0144ska Paulina \/ Ba\u0142dyga Paulina 0:2 (16:21, 22:24)<br \/>Chy\u0142a Aleksandra \/ Jochym-Florczyk Nicole \u2013 Kaczmarek Aneta \/ Tylutki Justyna 2:0 (21:9, 21:16)<br \/>Brykalska R\u00f3\u017ca \/ Baron Lena \u2013 Zackiewicz Izabela \/ K\u0142oda Martyna 0:2 (16:21, 15:21)<\/p>\n<p class=\"wp-block-paragraph\">Turniej m\u0119\u017cczyzn:<br \/>I runda:<br \/>Sobstyl Adam \/ Bidzi\u0144ski Mateusz \u2013 Lewandowski Pawe\u0142 \/ Podbor\u0105czy\u0144ski Mateusz 2:0 (23:21, 21:12)<br \/>Warzocha Kamil \/ Kaczmarek Miko\u0142aj \u2013 Kownacki Igor \/ Wr\u00f3bel Samuel 1:2 (22:20, 19:21, 13:15)<br \/>Koryci\u0144ski Bart\u0142omiej \/ Wi\u015bniewski Kacper \u2013 Robak Alan \/ Gliszczy\u0144ski Igor 0:2 (15:21, 17:21)<br \/>Rudowski Mateusz \/ Baran Maciej \u2013 Szczepanik Karol \/ Komar Kacper 2:0 (21:18, 21:18)<br \/>S\u0142awi\u0144ski Bartosz \/ Iwa\u0144ski Igor \u2013 Dymczyk Maksymilian \/ Wanat Marcel 2:1 (23:21, 16:21, 15:13)<br \/>Warych Tomasz \/ Musia\u0142 Wiktor \u2013 Krasi\u0144ski Jan \/ Wi\u0119ckiewicz Bart\u0142omiej 0:2 (18:21, 10:21)<br \/>Mozol Maciej \/ Skrajny Jakub \u2013 Jaroszczak Tomasz \/ Florczyk Mateusz 2:0 (21:19, 21:9)<br \/>Rogi\u0144ski Marek \/ Wo\u0142oszuk Tomasz \u2013 G\u0142owacki Adam \/ Piotrowski Antoni 0:2 (12:21, 20:22)<\/p>\n<p class=\"wp-block-paragraph\">II runda:<br \/>Czachorowski Aleksander \/ Krzemi\u0144ski Jakub \u2013 Sobstyl Adam \/ Bidzi\u0144ski Mateusz 0:2 (17:21, 13:21)<br \/>Kownacki Igor \/ Wr\u00f3bel Samuel \u2013 Subocz Marek \/ Witko\u015b Micha\u0142 0:2 (16:21, 12:21)<br \/>Ciemachowski Igor \/ Taudul Kacper \u2013 Robak Alan \/ Gliszczy\u0144ski Igor 2:0 (23:21, 21:10)<br \/>Rudowski Mateusz \/Baran Maciej \u2013 Besarab Artem \/ Beta Szymon 1:2 (21:19, 18:21, 12:15)<br \/>Korycki Micha\u0142 \/Kruk Mi\u0142osz \u2013 S\u0142awi\u0144ski Bartosz \/ Iwa\u0144ski Igor 1:2 (21:15, 23:25, 8:15)<br \/>Krasi\u0144ski Jan \/ Wi\u0119ckiewicz Bart\u0142omiej \u2013 Lech Jaros\u0142aw \/ Mielczarek Wiktor 1:2 (18:21, 21:18, 13:15)<br \/>Maziarek Tomasz \/ Filipowicz Piotr \u2013 Mozol Maciej \/ Skrajny Jakub 1:2 (15:21, 23:21, 11:15)<br \/>G\u0142owacki Adam \/ Piotrowski Antoni \u2013 Kantor Piotr \/ Lejawa Filip 0:2 (11:21, 17:21)<\/p>\n<p class=\"wp-block-paragraph\">Runda przegranych:<br \/>Rogi\u0144ski Marek \/ Wo\u0142oszuk Tomasz \u2013 Czachorowski Aleksander \/ Krzemi\u0144ski Jakub 0:2 (10:21, 17:21)<br \/>Jaroszczak Tomasz \/ Florczyk Mateusz \u2013 Kownacki Igor \/ Wr\u00f3bel Samuel 2:0 (21:12, 21:17)<br \/>Warych Tomasz \/ Musia\u0142 Wiktor \u2013 Robak Alan \/ Gliszczy\u0144ski Igor 2:1 (21:14, 13:21, 15:12)<br \/>Dymczyk Maksymilian \/ Wanat Marcel \u2013 Rudowski Mateusz \/Baran Maciej 0:2 (18:21, 17:21)<br \/>Szczepanik Karol \/ Komar Kacper \u2013 Korycki Micha\u0142 \/Kruk Mi\u0142osz 0:2 (7:21, 16:21)<br \/>Koryci\u0144ski Bart\u0142omiej \/ Wi\u015bniewski Kacper \u2013 Krasi\u0144ski Jan \/ Wi\u0119ckiewicz Bart\u0142omiej 1:2 (21:18, 19:21, 21:23)<br \/>Warzocha Kamil \/ Kaczmarek Miko\u0142aj \u2013 Maziarek Tomasz \/ Filipowicz Piotr 1:2 (12:21, 21:15, 11:15)<br \/>Lewandowski Pawe\u0142 \/ Podbor\u0105czy\u0144ski Mateusz \u2013 G\u0142owacki Adam \/ Piotrowski Antoni 1:2 (21:19, 19:21, 10:15)<\/p>\n<p> <img loading=\"lazy\" decoding=\"async\" width=\"1024\" height=\"684\" src=\"https:\/\/www.europesays.com\/pl\/wp-content\/uploads\/2026\/08\/01_KamPas_Sport-1024x684.jpg\" alt=\"\" class=\" penci-lazy wp-image-116427\"  \/>Fot. Kamil Pastusiak <\/p>\n<p class=\"wp-block-paragraph\">INFORMACJA PRASOWA<\/p>\n<p> Mo\u017ce Ci\u0119 zainteresowa\u0107<\/p>\n","protected":false},"excerpt":{"rendered":"0 Fot. Kamil Pastusiak Za nami pierwszy dzie\u0144 rywalizacji w ORLEN Finale Mistrzostw Polski w Siatk\u00f3wce Pla\u017cowej. Rozegrane&hellip;\n","protected":false},"author":2,"featured_media":654896,"comment_status":"","ping_status":"","sticky":false,"template":"","format":"standard","meta":{"footnotes":"","_share_on_mastodon":"0"},"categories":[52097],"tags":[774,127337,42,38,40,39,41,15549,73991],"class_list":["post-654895","post","type-post","status-publish","format-standard","has-post-thumbnail","category-orlen","tag-orlen","tag-orlen-final-mistrzostw-polski-w-siatkowce-plazowej","tag-pl","tag-poland","tag-polish","tag-polska","tag-polski","tag-pzps","tag-siatkowka-plazowa"],"share_on_mastodon":{"url":"https:\/\/pubeurope.com\/@pl\/117181840529208167","error":""},"_links":{"self":[{"href":"https:\/\/www.europesays.com\/pl\/wp-json\/wp\/v2\/posts\/654895","targetHints":{"allow":["GET"]}}],"collection":[{"href":"https:\/\/www.europesays.com\/pl\/wp-json\/wp\/v2\/posts"}],"about":[{"href":"https:\/\/www.europesays.com\/pl\/wp-json\/wp\/v2\/types\/post"}],"author":[{"embeddable":true,"href":"https:\/\/www.europesays.com\/pl\/wp-json\/wp\/v2\/users\/2"}],"replies":[{"embeddable":true,"href":"https:\/\/www.europesays.com\/pl\/wp-json\/wp\/v2\/comments?post=654895"}],"version-history":[{"count":0,"href":"https:\/\/www.europesays.com\/pl\/wp-json\/wp\/v2\/posts\/654895\/revisions"}],"wp:featuredmedia":[{"embeddable":true,"href":"https:\/\/www.europesays.com\/pl\/wp-json\/wp\/v2\/media\/654896"}],"wp:attachment":[{"href":"https:\/\/www.europesays.com\/pl\/wp-json\/wp\/v2\/media?parent=654895"}],"wp:term":[{"taxonomy":"category","embeddable":true,"href":"https:\/\/www.europesays.com\/pl\/wp-json\/wp\/v2\/categories?post=654895"},{"taxonomy":"post_tag","embeddable":true,"href":"https:\/\/www.europesays.com\/pl\/wp-json\/wp\/v2\/tags?post=654895"}],"curies":[{"name":"wp","href":"https:\/\/api.w.org\/{rel}","templated":true}]}}