{"id":654925,"date":"2026-08-30T01:47:14","date_gmt":"2026-08-30T01:47:14","guid":{"rendered":"https:\/\/www.europesays.com\/pl\/654925\/"},"modified":"2026-08-30T01:47:14","modified_gmt":"2026-08-30T01:47:14","slug":"czarnek-nie-wytrzymal-i-ostro-skrytykowal-morawieckiego","status":"publish","type":"post","link":"https:\/\/www.europesays.com\/pl\/654925\/","title":{"rendered":"Czarnek nie wytrzyma\u0142 i ostro skrytykowa\u0142 Morawieckiego"},"content":{"rendered":"\n<p>&#13;<br \/>\nPrzemys\u0142aw Czarnek, wiceprezes PiS i\u00a0kandydat partii na\u00a0premiera, go\u015bci\u0142 w\u00a0pi\u0105tek \u2013\u00a0na\u00a0zaproszenie europos\u0142a Daniela Obajtka \u2013\u00a0na\u00a0Podkarpaciu. &#13;\n<\/p>\n<p>Czarnek ostro skrytykowa\u0142 Morawieckiego. &#8222;Upadek&#8221;<\/p>\n<p>&#13;<br \/>\n\u2013 Ja by\u0142em bardzo oszcz\u0119dny w\u00a0s\u0142owach dotychczas od\u00a0roz\u0142amu, kt\u00f3ry nast\u0105pi\u0142. M\u00f3wi\u0142em bardzo dobrze o\u00a0naszych przyjacio\u0142ach, kt\u00f3rzy odeszli od\u00a0nas do\u00a0&#8222;roz\u0142amu plus&#8221;. M\u00f3wi\u0142em, \u017ce\u00a0utrzymuj\u0119 z\u00a0nim kontakty, bo\u00a0utrzymuj\u0119 z\u00a0niekt\u00f3rymi. Dalej chc\u0119 by\u0107 oszcz\u0119dny \u2013\u00a0m\u00f3wi\u0142. &#13;\n<\/p>\n<p>&#13;<br \/>\nPrzemys\u0142aw Czarnek oceni\u0142, \u017ce\u00a0&#8222;natomiast to, co\u00a0zrobi\u0142 w\u00a0pi\u0105tek Mateusz Morawiecki i\u00a0Waldemar Buda na\u00a0konferencji prasowej pod\u00a0Sejmem, a\u00a0nast\u0119pnie to, co\u00a0zrobi\u0142 Mateusz Morawiecki w\u00a0odpowiedzi na\u00a0tweet pana prezesa Jaros\u0142awa Kaczy\u0144skiego, jest skurczysy\u0144stwem niebywa\u0142ym&#8221;. &#13;\n<\/p>\n<p>&#13;<br \/>\n\u2013 Jest upadkiem tego cz\u0142owieka ca\u0142kowitym i\u00a0jego ekipy. To, co\u00a0zrobi\u0142 w\u00a0pi\u0105tek Mateusz Morawiecki i\u00a0Waldemar Buda na\u00a0konferencji prasowej, obarczaj\u0105c nas \u2013\u00a0de facto \u2013\u00a0afer\u0105 Zondacrypto, rzucaj\u0105c z\u0142e informacje nie\u00a0tylko na\u00a0nas. (\u2026) Jak m\u00f3wi Mateusz Morawiecki, jego \u015brodowisko \u201eRoz\u0142am Plus\u201d od\u00a0dawna apelowa\u0142o, \u017ceby nie\u00a0interesowa\u0107 si\u0119 kryptowalutami i\u00a0przestrzega\u0142 moich koleg\u00f3w z\u00a0mojego dotychczasowego \u015brodowiska, kt\u00f3rzy byli rozemocjonowani tym rynkiem. Czyli kto? Telewizja Republika? Organizacja ca\u0142ego wydarzenia CPAC wyborami prezydenckimi? Pan prezydent Nawrocki te\u017c s\u0105 do\u00a0rozliczenia? \u2013\u00a0powiedzia\u0142. &#13;\n<\/p>\n<p>Wiceprezes PiS uderza w\u00a0Morawieckiego i\u00a0Bud\u0119<\/p>\n<p>&#13;<br \/>\nKandydat PiS na\u00a0premiera stwierdzi\u0142, \u017ce\u00a0&#8222;to powiedzia\u0142 Morawiecki wraz z\u00a0Bud\u0105, na\u00a0to\u00a0<a href=\"https:\/\/dorzeczy.pl\/kraj\/935314\/kaczynski-uderza-w-morawieckiego-szybko-niektorzy-zmieniaja-maski.html\" rel=\"nofollow noopener\" target=\"_blank\">odpowiedzia\u0142 tweetem bardzo \u0142agodnym pan premier<\/a> Jaros\u0142aw Kaczy\u0144ski, \u017ce\u00a0od\u00a0zawsze by\u0142 przeciwko obrotowi kryptowalut i\u00a0nie widzia\u0142 sprzeciwu Mateusza Morawieckiego, ale\u00a0te\u017c nie\u00a0widzia\u0142 \u017cadnego optymizmu w\u00a0tym wszystkim&#8221;. &#13;\n<\/p>\n<p>&#13;<br \/>\n\u2013 Mateusz Morawiecki odpowiedzia\u0142 wpisem bezczelnym, ca\u0142kowicie bezczelnym, bo\u00a0jeszcze Buda wcze\u015bniej doda\u0142, \u017ce\u00a0to\u00a0jest afera Moskala. Afera Moskala. Wi\u0119c odpowiedzia\u0142 Mateusz Morawiecki zdj\u0119ciem prezesa Jaros\u0142awa Kaczy\u0144skiego z\u00a0Micha\u0142em Moskalem i\u00a0powiedzia\u0142, \u017ce\u00a0chyba to\u00a0jest pa\u0144ski problem dzisiaj najwi\u0119kszy \u2013\u00a0relacjonowa\u0142. &#13;\n<\/p>\n<p>Rozw\u00f3j Plus ma\u00a04 proc. w\u00a0sonda\u017cach<\/p>\n<p>&#13;<br \/>\nPrzemys\u0142aw Czarnek zwr\u00f3ci\u0142 uwag\u0119, \u017ce\u00a0&#8222;ci ludzie, wiedz\u0105c dok\u0142adnie, bo\u00a0maj\u0105 swoje badania, \u017ce\u00a0maj\u0105 4\u00a0proc. poparcia na\u00a0starcie, to\u00a0s\u0105 prawdziwe informacje, nasze badania wewn\u0119trzne to\u00a0potwierdzaj\u0105, s\u0105 ca\u0142kowicie poni\u017cej kreski i\u00a0s\u0105 w\u00a0takiej desperacji, \u017ce\u00a0s\u0105 w\u00a0stanie dzisiaj obrzuci\u0107 nas b\u0142otem&#8221;. &#13;\n<\/p>\n<p>&#13;<br \/>\n\u2013 To\u00a0oznacza wielki problem w\u00a0przej\u0119ciu w\u0142adzy prawicy w\u00a02027 roku \u2013\u00a0doda\u0142. &#13;\n<\/p>\n<p>&#13;<br \/>\nWiceprezes PiS podkre\u015bli\u0142, \u017ce\u00a0&#8222;je\u017celi ktokolwiek z\u00a0samorz\u0105dowc\u00f3w na\u00a0Podkarpaciu, tak jak na\u00a0Lubelszczy\u017anie, t\u0142umaczy\u0142em to\u00a0w\u00a0poniedzia\u0142ek, nadal si\u0119 zastanawia, czy\u00a0i\u015b\u0107 drog\u0105 zwyci\u0119stwa prawicy, czy\u00a0poprze\u0107 \u00bbrozb\u00f3j plus\u00ab, to\u00a0dzisiaj musi otworzy\u0107 oczy&#8221;. &#13;\n<\/p>\n<p>&#13;<br \/>\n\u2013 Mamy do\u00a0czynienia z\u00a0lud\u017ami, kt\u00f3rzy wprost wyst\u0105pili przeciwko nam. Nie\u00a0buduj\u0105 \u017cadnego nowego \u015brodowiska, nie\u00a0\u0142owi\u0105 na\u00a0lewo, nie\u00a0szukaj\u0105 samorz\u0105dowc\u00f3w z\u00a0Trzeciej Drogi, szukaj\u0105 naszych samorz\u0105dowc\u00f3w. Ich nak\u0142aniaj\u0105 do\u00a0tego, \u017ceby wsp\u00f3\u0142pracowali z\u00a0nimi, \u017ceby odeszli z\u00a0Prawa i\u00a0Sprawiedliwo\u015bci \u2013\u00a0zwr\u00f3ci\u0142 uwag\u0119. &#13;\n<\/p>\n<p>Afera Zondacrypto<\/p>\n<p>&#13;<br \/>\nBy\u0142y premier w\u00a0pi\u0105tek podczas konferencji prasowej w\u00a0Warszawie, przekonywa\u0142, \u017ce\u00a0zawsze zwraca\u0142 uwag\u0119 na\u00a0ryzyka zwi\u0105zane z\u00a0podobnymi gie\u0142dami, a\u00a0afera wok\u00f3\u0142 Zondacrypto przypomina mu t\u0119\u00a0zwi\u0105zan\u0105 z\u00a0Amber Gold. Mateusz Morawiecki pyta\u0142 te\u017c, od\u00a0kiedy rz\u0105d i\u00a0s\u0142u\u017cby wiedzia\u0142y o\u00a0oszustwach i\u00a0co zrobi\u0142y, \u017ceby uchroni\u0107 przed nim Polak\u00f3w. &#13;\n<\/p>\n<p>&#13;<br \/>\nLider stowarzyszenia &#8222;Rozw\u00f3j Plus&#8221; chce komisji \u015bledczej w\u00a0sprawie Zondacrypto. &#13;\n<\/p>\n<p>Morawiecki chcia\u0142 zakazu kryptowalut, ale\u00a0zmieni\u0142 zdanie<\/p>\n<p>&#13;<br \/>\nW styczniu 2018 roku Mateusz Morawiecki zapowiada\u0142, \u017ce\u00a0Polska zaka\u017ce bitcoina lub\u00a0wprowadzi specjalne regulacje dotycz\u0105ce kryptowalut. W\u00a0wywiadzie dla\u00a0Bloomberga \u00f3wczesny premier stwierdzi\u0142, \u017ce\u00a0nie chce powt\u00f3rki z\u00a0Amber Gold. &#13;\n<\/p>\n<p>&#13;<br \/>\n11 maja PiS z\u0142o\u017cy\u0142 projekt ustawy zak\u0142adaj\u0105cy ca\u0142kowity zakaz dzia\u0142alno\u015bci w\u00a0zakresie kryptoaktyw\u00f3w w\u00a0Polsce. Wtedy Mateusz Morawiecki krytykowa\u0142 ruch partii. &#13;\n<\/p>\n<p>&#13;<br \/>\n   Czytaj te\u017c:<br \/><a href=\"https:\/\/dorzeczy.pl\/kraj\/935368\/nie-przeginaj-morawiecki-odpowiedzial-kaczynskiemu-czarnek-nie-wytrzymal.html\" rel=\"follow nofollow noopener\" data-schema=\"DORZECZY\" data-image=\"https:\/\/img.dorzeczy.pl\/_thumb\/b1\/83\/4e52489a8050b47dd62a130d9617.jpeg\" target=\"_blank\">&#8222;Nie przeginaj&#8221;. Morawiecki odpowiedzia\u0142 Kaczy\u0144skiemu, Czarnek nie\u00a0wytrzyma\u0142<\/a>   Czytaj te\u017c:<br \/><a href=\"https:\/\/dorzeczy.pl\/kraj\/935314\/kaczynski-uderza-w-morawieckiego-szybko-niektorzy-zmieniaja-maski.html\" rel=\"follow nofollow noopener\" data-schema=\"DORZECZY\" data-image=\"https:\/\/img.dorzeczy.pl\/_thumb\/13\/9d\/f9eb32a08b16135xx127830671b0.jpeg\" target=\"_blank\">Kaczy\u0144ski uderza w\u00a0Morawieckiego. &#8222;Zdumiewa, jak szybko niekt\u00f3rzy zmieniaj\u0105 maski&#8221;<\/a> &#13;<\/p>\n","protected":false},"excerpt":{"rendered":"&#13; Przemys\u0142aw Czarnek, wiceprezes PiS i\u00a0kandydat partii na\u00a0premiera, go\u015bci\u0142 w\u00a0pi\u0105tek \u2013\u00a0na\u00a0zaproszenie europos\u0142a Daniela Obajtka \u2013\u00a0na\u00a0Podkarpaciu. &#13; Czarnek ostro&hellip;\n","protected":false},"author":2,"featured_media":654926,"comment_status":"","ping_status":"","sticky":false,"template":"","format":"standard","meta":{"footnotes":"","_share_on_mastodon":"0"},"categories":[12],"tags":[32,33,98,36,37,27,8526,49,3835,34,35,7120,86382,28,31,25,102,529,42,38,40,39,41,22819,68065,29,30,26,17994],"class_list":["post-654925","post","type-post","status-publish","format-standard","has-post-thumbnail","category-polska","tag-breaking-news","tag-breakingnews","tag-dorzeczy","tag-featured-news","tag-featurednews","tag-headlines","tag-jaroslaw-kaczynski","tag-kraj","tag-kryptowaluty","tag-latest-news","tag-latestnews","tag-mateusz-morawiecki","tag-michal-moskal","tag-naglowki","tag-najwazniejsze-artykuly","tag-news","tag-opinie","tag-pis","tag-pl","tag-poland","tag-polish","tag-polska","tag-polski","tag-przemyslaw-czarnek","tag-rozwoj-plus","tag-top-stories","tag-topstories","tag-wiadomosci","tag-zondacrypto"],"share_on_mastodon":{"url":"","error":""},"_links":{"self":[{"href":"https:\/\/www.europesays.com\/pl\/wp-json\/wp\/v2\/posts\/654925","targetHints":{"allow":["GET"]}}],"collection":[{"href":"https:\/\/www.europesays.com\/pl\/wp-json\/wp\/v2\/posts"}],"about":[{"href":"https:\/\/www.europesays.com\/pl\/wp-json\/wp\/v2\/types\/post"}],"author":[{"embeddable":true,"href":"https:\/\/www.europesays.com\/pl\/wp-json\/wp\/v2\/users\/2"}],"replies":[{"embeddable":true,"href":"https:\/\/www.europesays.com\/pl\/wp-json\/wp\/v2\/comments?post=654925"}],"version-history":[{"count":0,"href":"https:\/\/www.europesays.com\/pl\/wp-json\/wp\/v2\/posts\/654925\/revisions"}],"wp:featuredmedia":[{"embeddable":true,"href":"https:\/\/www.europesays.com\/pl\/wp-json\/wp\/v2\/media\/654926"}],"wp:attachment":[{"href":"https:\/\/www.europesays.com\/pl\/wp-json\/wp\/v2\/media?parent=654925"}],"wp:term":[{"taxonomy":"category","embeddable":true,"href":"https:\/\/www.europesays.com\/pl\/wp-json\/wp\/v2\/categories?post=654925"},{"taxonomy":"post_tag","embeddable":true,"href":"https:\/\/www.europesays.com\/pl\/wp-json\/wp\/v2\/tags?post=654925"}],"curies":[{"name":"wp","href":"https:\/\/api.w.org\/{rel}","templated":true}]}}