{"id":654987,"date":"2026-08-30T02:49:10","date_gmt":"2026-08-30T02:49:10","guid":{"rendered":"https:\/\/www.europesays.com\/pl\/654987\/"},"modified":"2026-08-30T02:49:10","modified_gmt":"2026-08-30T02:49:10","slug":"piec-slow-tak-gortat-zareagowal-na-kleske-polskich-zuzlowcow","status":"publish","type":"post","link":"https:\/\/www.europesays.com\/pl\/654987\/","title":{"rendered":"Pi\u0119\u0107 s\u0142\u00f3w. Tak Gortat zareagowa\u0142 na kl\u0119sk\u0119 polskich \u017cu\u017clowc\u00f3w"},"content":{"rendered":"\n<p class=\"contentpart contentpart--default contentpart--text\" data-position=\"0\">Polscy \u017cu\u017clowcy nie byli faworytami do z\u0142ota i faktycznie, Australijczycy okazali si\u0119 poza zasi\u0119giem Bia\u0142o-Czerwonych ju\u017c od pierwszej serii start\u00f3w. Ostatecznie Polak\u00f3w, ku rozczarowaniu kibic\u00f3w w Warszawie, wyprzedzili r\u00f3wnie\u017c Du\u0144czycy.<\/p>\n<p class=\"contentpart contentpart--default contentpart--text\" data-position=\"1\">Br\u0105zowy medal wywalczony w\u00a0finale Dru\u017cynowego Pucharu \u015awiata to\u00a0dla wszystkich fan\u00f3w \u017cu\u017cla w Polsce spore rozczarowanie. Tak ten wynik skomentowa\u0142 by\u0142y koszykarz klub\u00f3w\u00a0<a href=\"https:\/\/sportowefakty.wp.pl\/koszykowka\/nba\" rel=\"nofollow noopener\" target=\"_blank\">NBA<\/a>, <a href=\"https:\/\/sportowefakty.wp.pl\/koszykowka\/marcin-gortat\" rel=\"nofollow noopener\" target=\"_blank\">Marcin Gortat<\/a>.<\/p>\n<p>  <img decoding=\"async\" src=\"https:\/\/v.wpimg.pl\/X3dwLnN2d1IFFTpdYUl6R0ZNbgcnEHQREVV2TGEGbUtRT2MdOlZ2RBQUKABgQjQcDRotCStBd1IAAWMeIlM7VgwYIAorQAdEFFk_GCkQJQ\" alt=\"\" width=\"45\" height=\"58\" loading=\"lazy\"\/>  <\/p>\n<p class=\"contentpart contentpart--default contentpart--text\" data-position=\"2\">&#8222;Narodowy nadal zaczarowany dla nas&#8221; &#8211; napisa\u0142 na platformie X Gortat. Doda\u0142 te\u017c emotikon\u0119 smutnej buzi.<\/p>\n<p class=\"contentpart contentpart--default contentpart--text\" data-position=\"4\">ZOBACZ WIDEO: Magazyn PGE Ekstraligi. Go\u015bcie: St\u0119pniewski, Chomski<\/p>\n<p class=\"contentpart contentpart--default contentpart--text\" data-position=\"6\">O kl\u0105twie PGE Narodowego pisa\u0142 te\u017c dziennikarz WP SportoweFakty, Maciej Kmiecik (<a href=\"https:\/\/sportowefakty.wp.pl\/zuzel\/1270888\/klatwa-pge-narodowego-trwa-w-najlepsze-polacy-zdetronizowani\" rel=\"nofollow noopener\" target=\"_blank\">TUTAJ WI\u0118CEJ<\/a>).<\/p>\n<p class=\"contentpart contentpart--default contentpart--text\" data-position=\"7\">Polscy \u017cu\u017clowcy wygrali dziewi\u0119\u0107 na 18 edycji Dru\u017cynowego Pucharu \u015awiata. \u0141\u0105cznie w historii Bia\u0142o-Czerwoni tytu\u0142 Dru\u017cynowych Mistrz\u00f3w \u015awiata zdobywali a\u017c 14 razy. W 2026 roku ta sztuka si\u0119 im jednak nie uda\u0142a.<\/p>\n","protected":false},"excerpt":{"rendered":"Polscy \u017cu\u017clowcy nie byli faworytami do z\u0142ota i faktycznie, Australijczycy okazali si\u0119 poza zasi\u0119giem Bia\u0142o-Czerwonych ju\u017c od pierwszej&hellip;\n","protected":false},"author":2,"featured_media":654988,"comment_status":"","ping_status":"","sticky":false,"template":"","format":"standard","meta":{"footnotes":"","_share_on_mastodon":"0"},"categories":[24],"tags":[780,22865,2449,22390,6779,2518,42,38,40,39,41,127,126,13755,174],"class_list":["post-654987","post","type-post","status-publish","format-standard","has-post-thumbnail","category-sport","tag-bartosz-zmarzlik","tag-dps","tag-koszykowka","tag-marcin-gortat","tag-nba","tag-patryk-dudek","tag-pl","tag-poland","tag-polish","tag-polska","tag-polski","tag-sport","tag-sports","tag-stanislaw-chomski","tag-zuzel"],"share_on_mastodon":{"url":"https:\/\/pubeurope.com\/@pl\/117182187572223924","error":""},"_links":{"self":[{"href":"https:\/\/www.europesays.com\/pl\/wp-json\/wp\/v2\/posts\/654987","targetHints":{"allow":["GET"]}}],"collection":[{"href":"https:\/\/www.europesays.com\/pl\/wp-json\/wp\/v2\/posts"}],"about":[{"href":"https:\/\/www.europesays.com\/pl\/wp-json\/wp\/v2\/types\/post"}],"author":[{"embeddable":true,"href":"https:\/\/www.europesays.com\/pl\/wp-json\/wp\/v2\/users\/2"}],"replies":[{"embeddable":true,"href":"https:\/\/www.europesays.com\/pl\/wp-json\/wp\/v2\/comments?post=654987"}],"version-history":[{"count":0,"href":"https:\/\/www.europesays.com\/pl\/wp-json\/wp\/v2\/posts\/654987\/revisions"}],"wp:featuredmedia":[{"embeddable":true,"href":"https:\/\/www.europesays.com\/pl\/wp-json\/wp\/v2\/media\/654988"}],"wp:attachment":[{"href":"https:\/\/www.europesays.com\/pl\/wp-json\/wp\/v2\/media?parent=654987"}],"wp:term":[{"taxonomy":"category","embeddable":true,"href":"https:\/\/www.europesays.com\/pl\/wp-json\/wp\/v2\/categories?post=654987"},{"taxonomy":"post_tag","embeddable":true,"href":"https:\/\/www.europesays.com\/pl\/wp-json\/wp\/v2\/tags?post=654987"}],"curies":[{"name":"wp","href":"https:\/\/api.w.org\/{rel}","templated":true}]}}