{"id":655069,"date":"2026-08-30T03:56:29","date_gmt":"2026-08-30T03:56:29","guid":{"rendered":"https:\/\/www.europesays.com\/pl\/655069\/"},"modified":"2026-08-30T03:56:29","modified_gmt":"2026-08-30T03:56:29","slug":"tusk-zapowiedzial-likwidacje-zerowego-pit-u-dla-mlodych","status":"publish","type":"post","link":"https:\/\/www.europesays.com\/pl\/655069\/","title":{"rendered":"Tusk zapowiedzia\u0142 likwidacj\u0119 zerowego PIT-u dla m\u0142odych"},"content":{"rendered":"\n<p>&#13;<br \/>\nZerowy PIT dla\u00a0m\u0142odych <a href=\"https:\/\/dorzeczy.pl\/kraj\/106526\/zerowy-pit-do-26-roku-zycia-premier-spotkal-sie-z-mlodymi.html\" rel=\"nofollow noopener\" target=\"_blank\">zosta\u0142 wprowadzony przez rz\u0105d Zjednoczonej Prawicy w\u00a02019 roku<\/a>. Ulg\u0105 obj\u0119te zosta\u0142y przychody z\u00a0pracy oraz\u00a0z\u00a0um\u00f3w zlecenia do\u00a0wysoko\u015bci 85 528 z\u0142 w\u00a0roku podatkowym dla\u00a0pracownik\u00f3w do\u00a026. roku \u017cycia. Z\u00a0nowych przepis\u00f3w korzysta\u0142o co\u00a0roku ok. 2\u00a0mln os\u00f3b. Teraz Donald Tusk zapowiedzia\u0142 likwidacj\u0119 tego przepisu. &#13;\n<\/p>\n<p>&#13;<br \/>\n\u2013 Teraz b\u0119d\u0105 gwizdy, bo\u00a0rz\u0105d nie\u00a0planuje przed\u0142u\u017cenia tego okresu bezpodatkowego. Nie\u00a0gniewajcie si\u0119, ale\u00a0w\u00a0czym sytuacja 26-latka, czy\u00a026-latki jest trudniejsza ni\u017c\u00a058-latki. Powiedzcie tak szczerze. Je\u015bli kto\u015b decyduje si\u0119 wej\u015b\u0107 w\u00a0\u017cycie zawodowe p\u00f3\u017aniej, a\u00a0nie wcze\u015bniej, nie\u00a0od\u00a0razu po\u00a0studiach, albo przed\u0142u\u017ca kszta\u0142cenie w\u00a0dobrym tego s\u0142owa znaczeniu, to\u00a0jest kto\u015b doros\u0142y i\u00a0on musi umie\u0107 kalkulowa\u0107, bo\u00a0i\u00a0tak ma\u00a0pewien bonus \u2013\u00a0stwierdzi\u0142 szef rz\u0105du, czym wywo\u0142a\u0142 aplauz na\u00a0widowni. &#13;\n<\/p>\n<p>&#13;<br \/>\nTusk przekonywa\u0142, \u017ce\u00a0mamy &#8222;niskie opodatkowanie w\u00a0Polsce&#8221;. W\u00a0takiej sytuacji nie\u00a0jest mo\u017cliwe utrzymanie sytuacji, w\u00a0kt\u00f3rej &#8222;opieka socjalna jest szwedzka, a\u00a0podatki irlandzkie&#8221;. &#13;\n<\/p>\n<p>Bud\u017cet na\u00a02027 rok<\/p>\n<p>&#13;<br \/>\nW pi\u0105tek rz\u0105d przyj\u0105\u0142 projekt bud\u017cetu na\u00a02028 rok. &#13;\n<\/p>\n<p>&#13;<br \/>\n\u2013 Prognozujemy, \u017ce\u00a0w\u00a02027\u00a0r. polska gospodarka b\u0119dzie kolejny rok rozwija\u0142a si\u0119 z\u00a0wysok\u0105 dynamik\u0105 si\u0119gaj\u0105c\u0105 3\u00a0proc. Przypomn\u0119, gdy przejmowali\u015bmy w\u0142adz\u0119 w\u00a0roku 2023, zastali\u015bmy gospodark\u0119 w\u00a0stagnacji, wzrost gospodarczy bliski 0. Ju\u017c od\u00a0pierwszego roku uda\u0142o nam si\u0119 gospodark\u0119 rozp\u0119dzi\u0107 i\u00a0w\u00a0trakcie wszystkich lat naszych rz\u0105d\u00f3w utrzymujemy gospodark\u0119 z\u00a0dynamik\u0105 3\u00a0proc. lub\u00a0wy\u017csz\u0105 \u2013\u00a0oznajmi\u0142 na\u00a0konferencji prasowej po\u00a0pi\u0105tkowym posiedzeniu rz\u0105du Andrzej Doma\u0144ski. &#13;\n<\/p>\n<p>&#13;<br \/>\n\u2013 Prognozujemy, \u017ce\u00a0inflacja w\u00a0przysz\u0142ym roku wyniesie \u015brednio 2,8 proc. i\u00a0tu kolejny raz przypomn\u0119, \u017ce\u00a0\u015brednioroczna inflacja w\u00a0roku 2023 przekracza\u0142a 11 proc. Wzrost przeci\u0119tnego wynagrodzenia w\u00a0gospodarce narodowej w\u00a0bie\u017c\u0105cym roku wyniesie, zgodnie z\u00a0naszymi prognozami, 6,4 proc. W\u00a0uj\u0119ciu realnym oznacza to\u00a0wzrost o\u00a03,3 proc. Z\u00a0kolei w\u00a02027\u00a0r. prognozowana jest kontynuacja dobrej koniunktury na\u00a0rynku pracy, co\u00a0prze\u0142o\u017cy si\u0119 na\u00a0dalszy wzrost wynagrodze\u0144 \u2013\u00a0m\u00f3wi\u0142 dalej minister finans\u00f3w i\u00a0gospodarki. &#13;\n<\/p>\n<p>&#13;<br \/>\n   Czytaj te\u017c:<br \/><a href=\"https:\/\/dorzeczy.pl\/kraj\/935503\/sondaz-korzystny-dla-tuska-chodzi-o-zmiany-w-podatkach.html\" rel=\"follow nofollow noopener\" data-schema=\"DORZECZY\" data-image=\"https:\/\/img.dorzeczy.pl\/_thumb\/d0\/5c\/601dc7e1e0f59bc3c01bd591f49c.jpeg\" target=\"_blank\">Sonda\u017c korzystny dla\u00a0Tuska. Wi\u0119kszo\u015b\u0107 Polak\u00f3w ocenia dobrze pomys\u0142 premiera<\/a>   Czytaj te\u017c:<br \/><a href=\"https:\/\/dorzeczy.pl\/ekonomia\/935017\/rzad-przyjal-projekt-budzetu-na-2027-roku-domanski-oglasza.html\" rel=\"follow nofollow noopener\" data-schema=\"DORZECZY\" data-image=\"https:\/\/img.dorzeczy.pl\/_thumb\/49\/77\/558d82906c1ce912d136fd9a9e45.jpeg\" target=\"_blank\">Rz\u0105d przyj\u0105\u0142 projekt bud\u017cetu na\u00a02027\u00a0r. Doma\u0144ski przedstawi\u0142 szczeg\u00f3\u0142y<\/a>&#13;<\/p>\n","protected":false},"excerpt":{"rendered":"&#13; Zerowy PIT dla\u00a0m\u0142odych zosta\u0142 wprowadzony przez rz\u0105d Zjednoczonej Prawicy w\u00a02019 roku. Ulg\u0105 obj\u0119te zosta\u0142y przychody z\u00a0pracy oraz\u00a0z\u00a0um\u00f3w&hellip;\n","protected":false},"author":2,"featured_media":655070,"comment_status":"","ping_status":"","sticky":false,"template":"","format":"standard","meta":{"footnotes":"","_share_on_mastodon":"0"},"categories":[62713],"tags":[387,1345,98,105,49,601,102,10910,99,127787],"class_list":["post-655069","post","type-post","status-publish","format-standard","has-post-thumbnail","category-donald-tusk","tag-budzet","tag-donald-tusk","tag-dorzeczy","tag-ekonomia","tag-kraj","tag-marcin-bugaj","tag-opinie","tag-pit","tag-tusk","tag-ulga-dla-mlodych"],"share_on_mastodon":{"url":"https:\/\/pubeurope.com\/@pl\/117182449803320214","error":""},"_links":{"self":[{"href":"https:\/\/www.europesays.com\/pl\/wp-json\/wp\/v2\/posts\/655069","targetHints":{"allow":["GET"]}}],"collection":[{"href":"https:\/\/www.europesays.com\/pl\/wp-json\/wp\/v2\/posts"}],"about":[{"href":"https:\/\/www.europesays.com\/pl\/wp-json\/wp\/v2\/types\/post"}],"author":[{"embeddable":true,"href":"https:\/\/www.europesays.com\/pl\/wp-json\/wp\/v2\/users\/2"}],"replies":[{"embeddable":true,"href":"https:\/\/www.europesays.com\/pl\/wp-json\/wp\/v2\/comments?post=655069"}],"version-history":[{"count":0,"href":"https:\/\/www.europesays.com\/pl\/wp-json\/wp\/v2\/posts\/655069\/revisions"}],"wp:featuredmedia":[{"embeddable":true,"href":"https:\/\/www.europesays.com\/pl\/wp-json\/wp\/v2\/media\/655070"}],"wp:attachment":[{"href":"https:\/\/www.europesays.com\/pl\/wp-json\/wp\/v2\/media?parent=655069"}],"wp:term":[{"taxonomy":"category","embeddable":true,"href":"https:\/\/www.europesays.com\/pl\/wp-json\/wp\/v2\/categories?post=655069"},{"taxonomy":"post_tag","embeddable":true,"href":"https:\/\/www.europesays.com\/pl\/wp-json\/wp\/v2\/tags?post=655069"}],"curies":[{"name":"wp","href":"https:\/\/api.w.org\/{rel}","templated":true}]}}