{"id":655165,"date":"2026-08-30T05:19:53","date_gmt":"2026-08-30T05:19:53","guid":{"rendered":"https:\/\/www.europesays.com\/pl\/655165\/"},"modified":"2026-08-30T05:19:53","modified_gmt":"2026-08-30T05:19:53","slug":"caritas-polska-odpowiada-na-dramat-ofiar-powodzi-w-nepalu","status":"publish","type":"post","link":"https:\/\/www.europesays.com\/pl\/655165\/","title":{"rendered":"Caritas Polska odpowiada na dramat ofiar powodzi w Nepalu"},"content":{"rendered":"<p>Ro\u015bnie liczba ofiar katastrofalnej powodzi w Nepalu, a setki os\u00f3b wci\u0105\u017c uznawane s\u0105 za zaginione. Tysi\u0105ce mieszka\u0144c\u00f3w potrzebuj\u0105 pomocy, jednak do wielu dotkni\u0119tych kataklizmem miejscowo\u015bci wci\u0105\u017c trudno dotrze\u0107. \u201eSytuacja jest bardzo, bardzo smutna\u201d \u2013 m\u00f3wi s. Cecilia Durga Shrestha, dyrektor Caritas Nepal. W pomoc poszkodowanym w\u0142\u0105cza si\u0119 Caritas Polska. \u201eW tak dramatycznych chwilach najbardziej potrzebuj\u0105 poczucia, \u017ce nie s\u0105 sami\u201d \u2013 podkre\u015bla ks. Janusz Majda.<\/p>\n<p>Ks. \u0141ukasz Bankowski \u2013 Watykan<\/p>\n<p>Odci\u0119ci od pomocy<\/p>\n<p>Pow\u00f3d\u017a b\u0142yskawiczna, kt\u00f3ra 26 sierpnia uderzy\u0142a w p\u00f3\u0142noc Nepalu, zniszczy\u0142a domy, sklepy, drogi, mosty i infrastruktur\u0119 energetyczn\u0105. Szczeg\u00f3lnie trudna sytuacja panuje w dystrykcie Rasuwa, w pobli\u017cu granicy z Chinami. Bilans tragedii przekroczy\u0142 500 ofiar \u015bmiertelnych, a setki os\u00f3b wci\u0105\u017c uznawane s\u0105 za zaginione.<\/p>\n<p>G\u00f3rskie ukszta\u0142towanie terenu i ogromne zniszczenia sprawiaj\u0105, \u017ce do wielu miejscowo\u015bci nie mo\u017cna dotrze\u0107 drog\u0105 l\u0105dow\u0105.<\/p>\n<p>\u201eMosty i g\u0142\u00f3wne drogi zawali\u0142y si\u0119, dlatego nie mo\u017cemy dotrze\u0107 do dotkni\u0119tych katastrof\u0105 teren\u00f3w\u201d \u2013 m\u00f3wi w rozmowie z Vatican News s. Cecilia Durga Shrestha. Caritas Nepal szuka alternatywnych dr\u00f3g dotarcia do potrzebuj\u0105cych. Uda\u0142o si\u0119 m.in. znale\u017a\u0107 spos\u00f3b, by obj\u0105\u0107 pomoc\u0105 ponad 430 os\u00f3b, kt\u00f3re znalaz\u0142y schronienie w jednej ze szk\u00f3\u0142.<\/p>\n<p>Caritas Polska uruchamia wsparcie<\/p>\n<p>W dzia\u0142ania w\u0142\u0105czy\u0142a si\u0119 Caritas Polska. Pomoc b\u0119dzie przekazywana za po\u015brednictwem Caritas Nepal, z kt\u00f3r\u0105 polska organizacja wsp\u00f3\u0142pracuje od ponad dekady.<\/p>\n<p>\u201eZebrane \u015brodki przeznaczymy na najpilniejsze potrzeby \u2013 \u017cywno\u015b\u0107, czyst\u0105 wod\u0119, artyku\u0142y medyczne i \u015brodki higieniczne. W tak dramatycznych chwilach poszkodowani najbardziej potrzebuj\u0105 poczucia, \u017ce nie s\u0105 sami. Spo\u0142eczno\u015b\u0107 Caritas jest z nimi\u201d \u2013 podkre\u015bla dyrektor Caritas Polska ks. Janusz Majda.<\/p>\n<p>Na miejscu Caritas uruchomi\u0142a kuchni\u0119, kt\u00f3ra przez najbli\u017csze 15 dni ma zapewni\u0107 \u017cywno\u015b\u0107 300 rodzinom. Przygotowane s\u0105 tak\u017ce transporty z \u017cywno\u015bci\u0105 i innymi artyku\u0142ami pierwszej potrzeby. Pomoc obejmuje r\u00f3wnie\u017c odzie\u017c, koce, namioty i lekarstwa oraz opiek\u0119 medyczn\u0105, szczeg\u00f3lnie nad kobietami w ci\u0105\u017cy i matkami z ma\u0142ymi dzie\u0107mi.<\/p>\n<p>     <a href=\"https:\/\/www.vaticannews.va\/pl\/swiat\/news\/2026-08\/nepal-i-tybet-liczba-ofiar-kataklizmu-rosnie.html\" title=\"Nepal: ponad 490 ofiar. Ko\u015bci\u00f3\u0142 dzi\u0119kuje Papie\u017cowi za pami\u0119\u0107\" rel=\"nofollow noopener\" target=\"_blank\"><\/p>\n<p>        <img decoding=\"async\" src=\"data:image\/gif;base64,R0lGODlhAQABAIAAAAAAAP\/\/\/yH5BAEAAAAALAAAAAABAAEAAAIBRAA7\" data-original=\"https:\/\/www.vaticannews.va\/content\/dam\/vaticannews\/multimedia\/2026\/agosto\/28\/fvewvrfbvew.jpg\/_jcr_content\/renditions\/cq5dam.thumbnail.cropped.500.281.jpeg\" alt=\"Nepal: ponad 490 ofiar. Ko\u015bci\u00f3\u0142 dzi\u0119kuje Papie\u017cowi za pami\u0119\u0107\"\/><\/p>\n<p>      <\/a><\/p>\n<p>\n      Ponad 490 os\u00f3b zgin\u0119\u0142o, a przesz\u0142o 1400 uznaje si\u0119 za zaginione po powodziach, osuni\u0119ciach ziemi oraz lawinach b\u0142ota i kamieni, kt\u00f3re dotkn\u0119\u0142y Nepal i Tybet. W\u015br\u00f3d zaginionych jest &#8230;\n     <\/p>\n<p>\u201eNie s\u0105 sami\u201d<\/p>\n<p>Caritas Polska i Caritas Nepal wsp\u00f3\u0142pracowa\u0142y ju\u017c przy pomocy ofiarom trz\u0119sienia ziemi z 2015 r. Tak\u017ce tym razem po pierwszej fazie ratunkowej konieczne b\u0119dzie wsparcie d\u0142ugofalowe, obejmuj\u0105ce m.in. odbudow\u0119 dom\u00f3w oraz pomoc medyczn\u0105 i psychologiczn\u0105.<\/p>\n<p>S. Shrestha podkre\u015bla, \u017ce ogromne znaczenie ma r\u00f3wnie\u017c solidarno\u015b\u0107 p\u0142yn\u0105ca z innych kraj\u00f3w. \u201eCaritas Nepal jest zawsze wdzi\u0119czna wsp\u00f3lnocie katolickiej i wszystkim organizacjom, kt\u00f3re pomagaj\u0105 nam i wspieraj\u0105 nas w trudnych chwilach\u201d \u2013 m\u00f3wi.<\/p>\n<p>\u201eNasz\u0105 jedyn\u0105 obaw\u0105 jest to, \u017ce nie uda nam si\u0119 dotrze\u0107 do wszystkich, ale dzi\u0119ki modlitwie i pomocy wszystkich jeste\u015bmy gotowi\u201d \u2013 dodaje dyrektor Caritas Nepal.<\/p>\n<p>Informacje o tym, jak w\u0142\u0105czy\u0107 si\u0119 w pomoc dla poszkodowanych w Nepalu, mo\u017cna znale\u017a\u0107 na stronie Caritas Polska: https:\/\/caritas.pl\/<\/p>\n","protected":false},"excerpt":{"rendered":"Ro\u015bnie liczba ofiar katastrofalnej powodzi w Nepalu, a setki os\u00f3b wci\u0105\u017c uznawane s\u0105 za zaginione. Tysi\u0105ce mieszka\u0144c\u00f3w potrzebuj\u0105&hellip;\n","protected":false},"author":2,"featured_media":655166,"comment_status":"","ping_status":"","sticky":false,"template":"","format":"standard","meta":{"footnotes":"","_share_on_mastodon":"0"},"categories":[12],"tags":[24785,100726,19932,42,38,40,39,41,7870],"class_list":["post-655165","post","type-post","status-publish","format-standard","has-post-thumbnail","category-polska","tag-caritas","tag-katastrof-naturalnych","tag-nepal","tag-pl","tag-poland","tag-polish","tag-polska","tag-polski","tag-solidarnosc"],"share_on_mastodon":{"url":"https:\/\/pubeurope.com\/@pl\/117182780073315557","error":""},"_links":{"self":[{"href":"https:\/\/www.europesays.com\/pl\/wp-json\/wp\/v2\/posts\/655165","targetHints":{"allow":["GET"]}}],"collection":[{"href":"https:\/\/www.europesays.com\/pl\/wp-json\/wp\/v2\/posts"}],"about":[{"href":"https:\/\/www.europesays.com\/pl\/wp-json\/wp\/v2\/types\/post"}],"author":[{"embeddable":true,"href":"https:\/\/www.europesays.com\/pl\/wp-json\/wp\/v2\/users\/2"}],"replies":[{"embeddable":true,"href":"https:\/\/www.europesays.com\/pl\/wp-json\/wp\/v2\/comments?post=655165"}],"version-history":[{"count":0,"href":"https:\/\/www.europesays.com\/pl\/wp-json\/wp\/v2\/posts\/655165\/revisions"}],"wp:featuredmedia":[{"embeddable":true,"href":"https:\/\/www.europesays.com\/pl\/wp-json\/wp\/v2\/media\/655166"}],"wp:attachment":[{"href":"https:\/\/www.europesays.com\/pl\/wp-json\/wp\/v2\/media?parent=655165"}],"wp:term":[{"taxonomy":"category","embeddable":true,"href":"https:\/\/www.europesays.com\/pl\/wp-json\/wp\/v2\/categories?post=655165"},{"taxonomy":"post_tag","embeddable":true,"href":"https:\/\/www.europesays.com\/pl\/wp-json\/wp\/v2\/tags?post=655165"}],"curies":[{"name":"wp","href":"https:\/\/api.w.org\/{rel}","templated":true}]}}