{"id":655169,"date":"2026-08-30T05:23:12","date_gmt":"2026-08-30T05:23:12","guid":{"rendered":"https:\/\/www.europesays.com\/pl\/655169\/"},"modified":"2026-08-30T05:23:12","modified_gmt":"2026-08-30T05:23:12","slug":"chwalinska-przemowila-przed-us-open-jestem-tylko-czlowiekiem","status":"publish","type":"post","link":"https:\/\/www.europesays.com\/pl\/655169\/","title":{"rendered":"Chwali\u0144ska przem\u00f3wi\u0142a przed US Open. &#8222;Jestem tylko cz\u0142owiekiem&#8221;"},"content":{"rendered":"\n<p class=\"contentpart contentpart--default contentpart--text\" data-position=\"0\">Po sensacyjnym finale Rolanda Garrosa 2026\u00a0<a href=\"https:\/\/sportowefakty.wp.pl\/tenis\/maja-chwalinska\" rel=\"nofollow noopener\" target=\"_blank\">Maja Chwali\u0144ska<\/a>\u00a0przebojem wdar\u0142a si\u0119 do kobiecego touru i Top 30 rankingu WTA. Potem przyszed\u0142 pechowy wyst\u0119p w Wimbledonie, okupiony kontuzj\u0105. Powr\u00f3t do gry na ameryka\u0144skich kortach twardych przyni\u00f3s\u0142 jedn\u0105 wygran\u0105 w singlu.<\/p>\n<p class=\"contentpart contentpart--default contentpart--text\" data-position=\"1\">Wyniki z pewno\u015bci\u0105 nie nale\u017c\u0105 do tych wymarzonych, ale Polka dopiero zadomawia si\u0119 w g\u0142\u00f3wnym cyklu. Teraz zadebiutuje w nowojorskim US Open, w kt\u00f3rym dotychczas gra\u0142a tylko w eliminacjach. Maciej Tr\u0105bski z &#8222;Przegl\u0105du Sportowego&#8221; zapyta\u0142, jak ostatnie przegrane wp\u0142ywaj\u0105 na 24-latk\u0119.<\/p>\n<p>  <img decoding=\"async\" src=\"https:\/\/v.wpimg.pl\/X3dwLnN2d1IFFTpdYUl6R0ZNbgcnEHQREVV2TGEGbUtRT2MdOlZ2RBQUKABgQjQcDRotCStBd1IAAWMeIlM7VgwYIAorQAdEFFk_GCkQJQ\" alt=\"\" width=\"45\" height=\"58\" loading=\"lazy\"\/>  <\/p>\n<p class=\"contentpart contentpart--default contentpart--text\" data-position=\"2\">ZOBACZ WIDEO: Sukces Igi \u015awi\u0105tek znaczy wi\u0119cej ni\u017c jakiekolwiek s\u0142owa<\/p>\n<p class=\"contentpart contentpart--default contentpart--text\" data-position=\"4\">&#8211; Na pewno odbija si\u0119 to na mojej pewno\u015bci siebie. Jestem tylko  cz\u0142owiekiem, a chcemy wygrywa\u0107 zawsze. Ale przegrana jest te\u017c  nieod\u0142\u0105czn\u0105 cz\u0119\u015bci\u0105 sportu. Wi\u0119c po prostu pr\u00f3buj\u0119 wyci\u0105ga\u0107 jak  najlepsze wnioski z tych mecz\u00f3w, \u0142apa\u0107 nowe do\u015bwiadczenia i ci\u0119\u017cko nadal  pracowa\u0107. I wierz\u0119, \u017ce to przyniesie rezultaty we w\u0142a\u015bciwym czasie &#8211; odpowiedzia\u0142a Chwali\u0144ska.<\/p>\n<p class=\"contentpart contentpart--default contentpart--text\" data-position=\"5\">W Nowym Jorku \u0142atwo na pewno nie b\u0119dzie. Ju\u017c w poniedzia\u0142ek nasza reprezentantka rozegra premierowy pojedynek. Jej rywalk\u0105 b\u0119dzie ofensywnie usposobiona\u00a0<a href=\"https:\/\/sportowefakty.wp.pl\/tenis\/taylor-townsend\" rel=\"nofollow noopener\" target=\"_blank\">Taylor Townsend<\/a>. Amerykanka to od paru lat czo\u0142owa deblistka \u015bwiata. Polka preferuje nawierzchni\u0119 ziemn\u0105, dlatego na nowojorskich kortach twardych mo\u017ce mie\u0107 problemy.<\/p>\n<p class=\"contentpart contentpart--default contentpart--text\" data-position=\"6\">&#8211; To znaczy &#8211; jest to na pewno dla mnie wi\u0119ksze wyzwanie, bo jednak na  m\u0105czce mam wi\u0119cej czasu, \u017ceby kreowa\u0107 swoj\u0105 gr\u0119. Ale ja te\u017c lubi\u0119 gra\u0107  na betonie, tak\u017ce raczej nie zwraca\u0142abym na to wi\u0119kszej uwagi. Ka\u017cdy ma  swoj\u0105 ulubion\u0105 nawierzchni\u0119, ale ja nadal lubi\u0119 gra\u0107 na nawierzchni  twardej &#8211; wyzna\u0142a Chwali\u0144ska.<\/p>\n<p>  <img decoding=\"async\" src=\"https:\/\/v.wpimg.pl\/X3dwLnN2d1IFFTpdYUl6R0ZNbgcnEHQREVV2TGEGbUtRT2MdOlZ2RBQUKABgQjQcDRotCStBd1IAAWMeIlM7VgwYIAorQAdEFFk_GCkQJQ\" alt=\"\" width=\"45\" height=\"58\" loading=\"lazy\"\/>  <\/p>\n<p class=\"contentpart contentpart--default contentpart--text\" data-position=\"7\">Spotkanie rozstawionej z 20. numerem Polki z Amerykank\u0105 odb\u0119dzie si\u0119 w poniedzia\u0142ek (31 sierpnia) jako drugie w kolejno\u015bci od godz. 17:00 naszego czasu na Grandstandzie.<\/p>\n","protected":false},"excerpt":{"rendered":"Po sensacyjnym finale Rolanda Garrosa 2026\u00a0Maja Chwali\u0144ska\u00a0przebojem wdar\u0142a si\u0119 do kobiecego touru i Top 30 rankingu WTA. Potem&hellip;\n","protected":false},"author":2,"featured_media":655170,"comment_status":"","ping_status":"","sticky":false,"template":"","format":"standard","meta":{"footnotes":"","_share_on_mastodon":"0"},"categories":[24],"tags":[14105,3878,2384,42,38,40,39,41,755,127,126,156,102709,71,37628,157],"class_list":["post-655169","post","type-post","status-publish","format-standard","has-post-thumbnail","category-sport","tag-itf","tag-maja-chwalinska","tag-nowy-jork","tag-pl","tag-poland","tag-polish","tag-polska","tag-polski","tag-polski-tenis","tag-sport","tag-sports","tag-tenis","tag-us-open","tag-usa","tag-wielki-szlem","tag-wta"],"share_on_mastodon":{"url":"https:\/\/pubeurope.com\/@pl\/117182793558633756","error":""},"_links":{"self":[{"href":"https:\/\/www.europesays.com\/pl\/wp-json\/wp\/v2\/posts\/655169","targetHints":{"allow":["GET"]}}],"collection":[{"href":"https:\/\/www.europesays.com\/pl\/wp-json\/wp\/v2\/posts"}],"about":[{"href":"https:\/\/www.europesays.com\/pl\/wp-json\/wp\/v2\/types\/post"}],"author":[{"embeddable":true,"href":"https:\/\/www.europesays.com\/pl\/wp-json\/wp\/v2\/users\/2"}],"replies":[{"embeddable":true,"href":"https:\/\/www.europesays.com\/pl\/wp-json\/wp\/v2\/comments?post=655169"}],"version-history":[{"count":0,"href":"https:\/\/www.europesays.com\/pl\/wp-json\/wp\/v2\/posts\/655169\/revisions"}],"wp:featuredmedia":[{"embeddable":true,"href":"https:\/\/www.europesays.com\/pl\/wp-json\/wp\/v2\/media\/655170"}],"wp:attachment":[{"href":"https:\/\/www.europesays.com\/pl\/wp-json\/wp\/v2\/media?parent=655169"}],"wp:term":[{"taxonomy":"category","embeddable":true,"href":"https:\/\/www.europesays.com\/pl\/wp-json\/wp\/v2\/categories?post=655169"},{"taxonomy":"post_tag","embeddable":true,"href":"https:\/\/www.europesays.com\/pl\/wp-json\/wp\/v2\/tags?post=655169"}],"curies":[{"name":"wp","href":"https:\/\/api.w.org\/{rel}","templated":true}]}}