{"id":655175,"date":"2026-08-30T05:27:21","date_gmt":"2026-08-30T05:27:21","guid":{"rendered":"https:\/\/www.europesays.com\/pl\/655175\/"},"modified":"2026-08-30T05:27:21","modified_gmt":"2026-08-30T05:27:21","slug":"zakaz-eksportu-oleju-napedowego-rosyjski-rzad-zdecydowal","status":"publish","type":"post","link":"https:\/\/www.europesays.com\/pl\/655175\/","title":{"rendered":"Zakaz eksportu oleju nap\u0119dowego. Rosyjski rz\u0105d zdecydowa\u0142"},"content":{"rendered":"\n<p>&#13;<br \/>\nBiuro prasowe rosyjskiego rz\u0105du poinformowa\u0142o o\u00a0podpisaniu rezolucji przed\u0142u\u017caj\u0105cej zakaz eksportu oleju nap\u0119dowego i\u00a0paliwa okr\u0119towego eksportowanych z\u00a0Rosji przez bezpo\u015brednich producent\u00f3w. Ograniczenie b\u0119dzie obowi\u0105zywa\u0107 do\u00a030 wrze\u015bnia 2026 roku. &#13;\n<\/p>\n<p>Rosja przed\u0142u\u017ca zakaz eksportu oleju nap\u0119dowego<\/p>\n<p>&#13;<br \/>\n&#8222;Decyzja zosta\u0142a podj\u0119ta w\u00a0celu utrzymania stabilnej sytuacji na\u00a0krajowym rynku paliw&#8221; \u2013\u00a0czytamy w\u00a0komunikacie. &#13;\n<\/p>\n<p>&#13;<br \/>\nOg\u00f3lny zakaz eksportu paliw w\u00a0Rosji obowi\u0105zuje do\u00a031 stycznia 2027 roku, jednak dla\u00a0bezpo\u015brednich producent\u00f3w oleju nap\u0119dowego i\u00a0paliwa okr\u0119towego, a\u00a0tak\u017ce olej\u00f3w nap\u0119dowych, ograniczenie to\u00a0obowi\u0105zuje do\u00a031 sierpnia 2026 roku. &#13;\n<\/p>\n<p>Kryzys paliwowy w\u00a0Rosji. Spada produkcja benzyzny<\/p>\n<p>&#13;<br \/>\n&#8222;The Moscow Times&#8221; informuje, \u017ce\u00a0<a href=\"https:\/\/dorzeczy.pl\/swiat\/929818\/kryzys-paliwowy-niemal-cala-rosja-zmaga-sie-z-niedoborami.html\" rel=\"nofollow noopener\" target=\"_blank\">produkcja benzyny w\u00a0Rosji spad\u0142a<\/a> do\u00a0oko\u0142o 80 tys. ton dziennie pod\u00a0koniec sierpnia, co\u00a0stanowi 70 proc. letniego poziomu zu\u017cycia \u2013\u00a0przez co\u00a0na\u00a0rynku brakowa\u0142o co\u00a0trzeciego litra. &#13;\n<\/p>\n<p>&#13;<br \/>\nW ci\u0105gu ostatniego tygodnia, w\u00a0wyniku atak\u00f3w dron\u00f3w z\u00a0Ukrainy, zamkni\u0119to g\u0142\u00f3wne rafinerie Permnefteorgsintez, NORSI i\u00a0Yaroslavnefteorgsintez, produkuj\u0105ce znaczne ilo\u015bci benzyny silnikowej. &#13;\n<\/p>\n<p>&#13;<br \/>\nW wyniku tych przestoj\u00f3w r\u00f3\u017cnica mi\u0119dzy produkcj\u0105 a\u00a0popytem rynkowym powi\u0119kszy\u0142a si\u0119 do\u00a0oko\u0142o 35 tys. ton dziennie. Latem Rosja zu\u017cywa oko\u0142o 115 tys. ton benzyny dziennie. &#13;\n<\/p>\n<p>&#13;<br \/>\nW sierpniu rosyjskie zak\u0142ady produkowa\u0142y \u015brednio oko\u0142o 90 tys. ton benzyny dziennie, pokrywaj\u0105c 80 proc. zapotrzebowania. Pod koniec miesi\u0105ca produkcja powr\u00f3ci\u0142a niemal do\u00a0poziomu z\u00a0pocz\u0105tku lipca, kiedy to\u00a0pierwsza fala kryzysu paliwowego osi\u0105gn\u0119\u0142a apogeum. &#13;\n<\/p>\n<p>&#13;<br \/>\nNiedob\u00f3r zmusi\u0142 Rosj\u0119 do\u00a0zwi\u0119kszenia zakup\u00f3w z\u00a0zagranicy. Szacuje si\u0119, \u017ce\u00a0w\u00a0sierpniu dostawy produkt\u00f3w naftowych drog\u0105 morsk\u0105 z\u00a0kraj\u00f3w azjatyckich wynios\u0105 270 tys. ton, a\u00a0import benzyny z\u00a0Bia\u0142orusi 150 tys. ton. &#13;\n<\/p>\n<p>&#13;<br \/>\nOg\u00f3\u0142em handlowcy szacuj\u0105 import benzyny w\u00a0sierpniu na\u00a0oko\u0142o 220 tys. ton, czyli 7\u00a0tys. ton dziennie. Nawet uwzgl\u0119dniaj\u0105c import i\u00a0zakaz eksportu obowi\u0105zuj\u0105cy do\u00a031 stycznia, rynek rosyjski otrzymuje oko\u0142o 97 tys. ton benzyny dziennie \u2013\u00a085 proc. zapotrzebowania. &#13;\n<\/p>\n<p>&#13;<br \/>\n   Czytaj te\u017c:<br \/><a href=\"https:\/\/dorzeczy.pl\/ekonomia\/933487\/kryzys-paliwowy-w-rosji-80-proc-stacji-nie-ma-benzyny-95.html\" rel=\"follow nofollow noopener\" data-schema=\"DORZECZY\" data-image=\"https:\/\/img.dorzeczy.pl\/_thumb\/a7\/06\/d95a84819662d225978c2ceba119.jpeg\" target=\"_blank\">Kryzys w\u00a0Rosji coraz wi\u0119kszy. 80 proc. stacji nie\u00a0ma\u00a0benzyny 95<\/a>   Czytaj te\u017c:<br \/><a href=\"https:\/\/dorzeczy.pl\/swiat\/929818\/kryzys-paliwowy-niemal-cala-rosja-zmaga-sie-z-niedoborami.html\" rel=\"follow nofollow noopener\" data-schema=\"DORZECZY\" data-image=\"https:\/\/img.dorzeczy.pl\/_thumb\/04\/4d\/0f641d3b36c109xxc8ab78c576f7.jpeg\" target=\"_blank\">Kryzys paliwowy w\u00a0Rosji. Niemal ca\u0142y kraj zmaga si\u0119 z\u00a0niedoborami benzyny<\/a>&#13;<\/p>\n","protected":false},"excerpt":{"rendered":"&#13; Biuro prasowe rosyjskiego rz\u0105du poinformowa\u0142o o\u00a0podpisaniu rezolucji przed\u0142u\u017caj\u0105cej zakaz eksportu oleju nap\u0119dowego i\u00a0paliwa okr\u0119towego eksportowanych z\u00a0Rosji przez&hellip;\n","protected":false},"author":2,"featured_media":655176,"comment_status":"","ping_status":"","sticky":false,"template":"","format":"standard","meta":{"footnotes":"","_share_on_mastodon":"0"},"categories":[14],"tags":[32,33,98,105,2979,27,19412,34,35,28,31,25,103,5021,40,41,87,380,80,29,30,26,82,83,84,3493,83158],"class_list":["post-655175","post","type-post","status-publish","format-standard","has-post-thumbnail","category-swiat","tag-breaking-news","tag-breakingnews","tag-dorzeczy","tag-ekonomia","tag-eksport","tag-headlines","tag-kryzys-paliwowy","tag-latest-news","tag-latestnews","tag-naglowki","tag-najwazniejsze-artykuly","tag-news","tag-obserwator-mediow","tag-paliwo","tag-polish","tag-polski","tag-rosja","tag-rzad","tag-swiat","tag-top-stories","tag-topstories","tag-wiadomosci","tag-world","tag-world-news","tag-worldnews","tag-zakaz","tag-zakaz-eksportu"],"share_on_mastodon":{"url":"https:\/\/pubeurope.com\/@pl\/117182807774061851","error":""},"_links":{"self":[{"href":"https:\/\/www.europesays.com\/pl\/wp-json\/wp\/v2\/posts\/655175","targetHints":{"allow":["GET"]}}],"collection":[{"href":"https:\/\/www.europesays.com\/pl\/wp-json\/wp\/v2\/posts"}],"about":[{"href":"https:\/\/www.europesays.com\/pl\/wp-json\/wp\/v2\/types\/post"}],"author":[{"embeddable":true,"href":"https:\/\/www.europesays.com\/pl\/wp-json\/wp\/v2\/users\/2"}],"replies":[{"embeddable":true,"href":"https:\/\/www.europesays.com\/pl\/wp-json\/wp\/v2\/comments?post=655175"}],"version-history":[{"count":0,"href":"https:\/\/www.europesays.com\/pl\/wp-json\/wp\/v2\/posts\/655175\/revisions"}],"wp:featuredmedia":[{"embeddable":true,"href":"https:\/\/www.europesays.com\/pl\/wp-json\/wp\/v2\/media\/655176"}],"wp:attachment":[{"href":"https:\/\/www.europesays.com\/pl\/wp-json\/wp\/v2\/media?parent=655175"}],"wp:term":[{"taxonomy":"category","embeddable":true,"href":"https:\/\/www.europesays.com\/pl\/wp-json\/wp\/v2\/categories?post=655175"},{"taxonomy":"post_tag","embeddable":true,"href":"https:\/\/www.europesays.com\/pl\/wp-json\/wp\/v2\/tags?post=655175"}],"curies":[{"name":"wp","href":"https:\/\/api.w.org\/{rel}","templated":true}]}}