{"id":655193,"date":"2026-08-30T05:45:56","date_gmt":"2026-08-30T05:45:56","guid":{"rendered":"https:\/\/www.europesays.com\/pl\/655193\/"},"modified":"2026-08-30T05:45:56","modified_gmt":"2026-08-30T05:45:56","slug":"z-obozu-rywala-widzew-lodz-2","status":"publish","type":"post","link":"https:\/\/www.europesays.com\/pl\/655193\/","title":{"rendered":"Z obozu rywala: Widzew \u0141\u00f3d\u017a"},"content":{"rendered":"<p class=\"Strangeness\">\n<p>                    <a href=\"https:\/\/www.lechpoznan.pl\/strangeness.php?t=klubowa&amp;cid=609&amp;lang=1\" target=\"_blank\" rel=\"nofollow noopener\"><br \/>\n                    <img decoding=\"async\" src=\"https:\/\/www.europesays.com\/pl\/wp-content\/uploads\/2026\/08\/1788068755_781_rtw_660x0_1d2429d319a4b2a24ac2c8300dcb34151784370878.jpg\" alt=\"\" data-device=\"desktop\"\/><\/p>\n<p>                    <img decoding=\"async\" src=\"https:\/\/www.europesays.com\/pl\/wp-content\/uploads\/2026\/08\/1788068756_922_rtw_960x0_375509f4fb875363029901501536a7401784370882.jpg\" alt=\"\" data-device=\"mobile\"\/><br \/>\n                    <\/a><\/p>\n<p>W niedzielny wiecz\u00f3r na obiekcie w \u0141odzi dojdzie do 75. spotkania pomi\u0119dzy obiema dru\u017cynami. Bilans bezpo\u015brednich star\u0107 jest remisowy, bowiem Niebiesko-Biali wygrali dwadzie\u015bcia dwa pojedynki, tyle samo przegrali, a 30 razy obie ekipy podzieli\u0142y si\u0119 punktami. Liczba bramek jest po naszej stronie &#8211; Lechici w historii potyczek obu ekip strzelili 101 goli, trac\u0105c ich przy tym 94.<\/p>\n<p>Aktualnie ekipa z \u0141odzi zajmuje 7. miejsce w ligowej tabeli i ma na swoim koncie jeden punkt mniej ni\u017c Kolejorz. Nale\u017cy jednak pami\u0119ta\u0107, \u017ce Niebiesko-Biali maj\u0105 do rozegrania dwa zaleg\u0142e spotkania. Skupmy si\u0119 jednak na ligowych potyczkach Widzewa, kt\u00f3rych by\u0142o ju\u017c pi\u0119\u0107. Zawodnicy trenera Aleksandara Vukovicia u siebie zremisowali (2:2 z Motorem Lublin) i przegrali (1:2 z Koron\u0105 Kielce), z kolei w delegacji nie zaznali pora\u017cki, legitymuj\u0105c si\u0119 bilansem jednej wygranej i dw\u00f3ch remis\u00f3w. <\/p>\n<p>&#8211; Wiedzieli\u015bmy, \u017ce Lech swoim pierwszym meczem za\u0142atwi\u0142 spraw\u0119 awansu do Ligi Europy i s\u0105dz\u0119, \u017ce skorzystali z opcji, \u017ceby teraz da\u0107 szans\u0119 kilku zawodnikom, kt\u00f3rzy nie zagraj\u0105 z nami. Lech nie mia\u0142 przed sob\u0105 wymagaj\u0105cego spotkania, ale to nie zmienia faktu, \u017ce to zesp\u00f3\u0142, kt\u00f3ry gra w ustalony spos\u00f3b i w tym aspekcie \u017cadnych zmian si\u0119 nie spodziewamy &#8211; m\u00f3wi trener Widzewa \u0141\u00f3d\u017a, Aleksandar Vukovi\u0107.<\/p>\n<p>&#8211; Lech jest jedn\u0105 z najlepszych dru\u017cyn w lidze, ale my patrzymy przede wszystkim na siebie. Te\u017c mamy jako\u015b\u0107, gramy na w\u0142asnym stadionie, przed swoimi kibicami. Przed rozpocz\u0119ciem meczu ka\u017cdy ma takie same szanse na zwyci\u0119stwo. Niech wygra lepszy &#8211; dodaje pomocnik Lindon Selahi.<\/p>\n<p>Je\u015bli chodzi o sytuacj\u0119 kadrow\u0105 Widzewa, to w meczu z Lechem na pewno nie zagra Przemys\u0142aw Wi\u015bniewski, kt\u00f3ry w spotkaniu ze \u015al\u0105skiem Wroc\u0142aw (3:3) obejrza\u0142 bezpo\u015bredni\u0105 czerwon\u0105 kartk\u0119. Poza tym do zdrowia po kontuzjach wracaj\u0105 Christopher Cheng oraz Paulinho, kt\u00f3ry trenuj\u0105 indywidualnie, a w najbli\u017cszym czasie maj\u0105 by\u0107 wprowadzani do trening\u00f3w z ca\u0142\u0105 dru\u017cyn\u0105.<\/p>\n<p>Ponadto z urazami zmagaj\u0105 si\u0119 Szymon Czy\u017c (zerwane wi\u0119zad\u0142a krzy\u017cowe), Lukas Lerager (naderwane \u015bci\u0119gno Achillesa), Carlosa Isaac (uraz wi\u0119zad\u0142a pobocznego w kolanie), Samuel Akere (uraz wi\u0119zad\u0142a) oraz Jusuf Gazibegovi\u0107 (uraz mi\u0119\u015bnia uda). Wszyscy ci gracze s\u0105 w trakcie rehabilitacji. Ponadto poza kadr\u0105 od pocz\u0105tku sezonu znajduje si\u0119 Andi Zeqiri. <\/p>\n<p>&#8211; Mamy nie tylko absencj\u0119 Przemka, ale te\u017c par\u0119 innych kontuzji czy znak\u00f3w zapytania. Niezale\u017cnie od nich jeste\u015bmy jednak w stanie wybra\u0107 jedenastk\u0119, kt\u00f3ra powalczy o trzy punkty z bardzo silnym przeciwnikiem &#8211; m\u00f3wi trener Widzewa. &#8211; Wszyscy nowi zawodnicy s\u0105 ju\u017c uprawnieni do gry. Je\u017celi chodzi o ich gotowo\u015b\u0107, to powiedzia\u0142bym, \u017ce s\u0105 gotowi na tyle, \u017ce na pewno usi\u0105d\u0105 na \u0142awce. Potrzebuj\u0105 troch\u0119 czasu, \u017ceby my\u015ble\u0107 o nich w pe\u0142nym wymiarze &#8211; ko\u0144czy.<\/p>\n<p> SYTUACJA KADROWA WIDZEWA PRZED MECZEM Z LECHEM: <\/p>\n<p>Nieobecni: Szymon Czy\u017c, Samuel Akere, Lukas Lerager, Christopher Cheng, Jusuf Gazibegovi\u0107, Carlos Isaac, Andi Zeqiri, Paulinho<br \/>Wyst\u0119p pod znakiem zapytania: brak<br \/>Pauzuj\u0105cy: Przemys\u0142aw Wi\u015bniewski<\/p>\n<p> BILANS OSTATNICH LIGOWYCH SPOTKA\u0143: <\/p>\n<p>R, P, W, W \/ 3:3, 1:2, 2:0, 2:1<\/p>\n","protected":false},"excerpt":{"rendered":"W niedzielny wiecz\u00f3r na obiekcie w \u0141odzi dojdzie do 75. spotkania pomi\u0119dzy obiema dru\u017cynami. Bilans bezpo\u015brednich star\u0107 jest&hellip;\n","protected":false},"author":2,"featured_media":655194,"comment_status":"","ping_status":"","sticky":false,"template":"","format":"standard","meta":{"footnotes":"","_share_on_mastodon":"0"},"categories":[51608],"tags":[210,6226,274,6221,6225,6222,215,6224,3652,6223,269,42,38,40,39,41],"class_list":["post-655193","post","type-post","status-publish","format-standard","has-post-thumbnail","category-lodz","tag-aktualnosci","tag-bilety","tag-ekstraklasa","tag-kolejorz","tag-kolejorza","tag-lech","tag-lech-poznan","tag-lechici","tag-lodz","tag-oficjalny","tag-pilka-nozna","tag-pl","tag-poland","tag-polish","tag-polska","tag-polski"],"share_on_mastodon":{"url":"https:\/\/pubeurope.com\/@pl\/117182883684617453","error":""},"_links":{"self":[{"href":"https:\/\/www.europesays.com\/pl\/wp-json\/wp\/v2\/posts\/655193","targetHints":{"allow":["GET"]}}],"collection":[{"href":"https:\/\/www.europesays.com\/pl\/wp-json\/wp\/v2\/posts"}],"about":[{"href":"https:\/\/www.europesays.com\/pl\/wp-json\/wp\/v2\/types\/post"}],"author":[{"embeddable":true,"href":"https:\/\/www.europesays.com\/pl\/wp-json\/wp\/v2\/users\/2"}],"replies":[{"embeddable":true,"href":"https:\/\/www.europesays.com\/pl\/wp-json\/wp\/v2\/comments?post=655193"}],"version-history":[{"count":0,"href":"https:\/\/www.europesays.com\/pl\/wp-json\/wp\/v2\/posts\/655193\/revisions"}],"wp:featuredmedia":[{"embeddable":true,"href":"https:\/\/www.europesays.com\/pl\/wp-json\/wp\/v2\/media\/655194"}],"wp:attachment":[{"href":"https:\/\/www.europesays.com\/pl\/wp-json\/wp\/v2\/media?parent=655193"}],"wp:term":[{"taxonomy":"category","embeddable":true,"href":"https:\/\/www.europesays.com\/pl\/wp-json\/wp\/v2\/categories?post=655193"},{"taxonomy":"post_tag","embeddable":true,"href":"https:\/\/www.europesays.com\/pl\/wp-json\/wp\/v2\/tags?post=655193"}],"curies":[{"name":"wp","href":"https:\/\/api.w.org\/{rel}","templated":true}]}}