{"id":655201,"date":"2026-08-30T05:51:19","date_gmt":"2026-08-30T05:51:19","guid":{"rendered":"https:\/\/www.europesays.com\/pl\/655201\/"},"modified":"2026-08-30T05:51:19","modified_gmt":"2026-08-30T05:51:19","slug":"zadecyduje-ostatni-mecz-polska-z-francja-zagraja-o-triumf-w-memoriale-wagnera","status":"publish","type":"post","link":"https:\/\/www.europesays.com\/pl\/655201\/","title":{"rendered":"Zadecyduje ostatni mecz. Polska z Francj\u0105 zagraj\u0105 o triumf w Memoriale Wagnera"},"content":{"rendered":"\n<p class=\"contentpart contentpart--default contentpart--text\" data-position=\"0\"><a href=\"https:\/\/sportowefakty.wp.pl\/siatkowka\/memorial-huberta-wagnera\" rel=\"nofollow noopener\" target=\"_blank\">Memoria\u0142 Huberta Jerzego Wagnera<\/a>\u00a0to jedna z najbardziej presti\u017cowych imprez siatkarskich na \u015bwiecie. W tym roku jest to ostatni test podczas przygotowa\u0144 do mistrzostw Europy oraz czempionatu Ameryki P\u00f3\u0142nocnej.<\/p>\n<p class=\"contentpart contentpart--default contentpart--text\" data-position=\"1\">Wyniki pi\u0105tkowych i sobotnich mecz\u00f3w u\u0142o\u017cy\u0142y si\u0119 tak, \u017ce w niedziel\u0119 stawk\u0105 spotka\u0144 b\u0119dzie trzecie i pierwsze miejsce. Najpierw kibice w Krakowie obejrz\u0105 starcie S\u0142owe\u0144c\u00f3w i Amerykan\u00f3w. Obie te ekipy jak dot\u0105d przegra\u0142y oba spotkania.<\/p>\n<p>  <img decoding=\"async\" src=\"https:\/\/v.wpimg.pl\/X3dwLnN2d1IFFTpdYUl6R0ZNbgcnEHQREVV2TGEGbUtRT2MdOlZ2RBQUKABgQjQcDRotCStBd1IAAWMeIlM7VgwYIAorQAdEFFk_GCkQJQ\" alt=\"\" width=\"45\" height=\"58\" loading=\"lazy\"\/>  <\/p>\n<p class=\"contentpart contentpart--default contentpart--text\" data-position=\"2\">ZOBACZ WIDEO: &#8222;Ciesz\u0119 si\u0119, \u017ce z tego wysz\u0142y\u015bmy&#8221;. Komentuje zaskakuj\u0105cy sukces Polek<\/p>\n<p class=\"contentpart contentpart--default contentpart--text\" data-position=\"4\">S\u0142owe\u0144cy na koncie maj\u0105 punkt wywalczony z Polakami, co stawia ich w nieco lepszej sytuacji. Z kolei Amerykanie nie zdobyli \u017cadnego &#8222;oczka&#8221;, przegrywaj\u0105c z Francj\u0105 0:3 i z Polsk\u0105 1:3. Trzecie miejsce zajmie triumfator tego spotkania.<\/p>\n<p class=\"contentpart contentpart--default contentpart--text\" data-position=\"5\">To b\u0119dzie jednak tylko przystawka przed g\u0142\u00f3wnym daniem dnia. Wszak o godzinie 17:00 rozpocznie si\u0119 pojedynek Francji z Polsk\u0105, kt\u00f3rego zwyci\u0119zca jednocze\u015bnie zostanie triumfatorem ca\u0142ego Memoria\u0142u.<\/p>\n<p class=\"contentpart contentpart--default contentpart--text\" data-position=\"6\">Stawka jest zatem du\u017ca i to nie tylko pod wzgl\u0119dem sportowym, ale i mentalnym. Zwyci\u0119stwo z jednym z g\u0142\u00f3wnych rywali do walki o tytu\u0142 mistrza Europy mo\u017ce podnie\u015b\u0107 morale w dru\u017cynie.<\/p>\n<p>  <img decoding=\"async\" src=\"https:\/\/v.wpimg.pl\/X3dwLnN2d1IFFTpdYUl6R0ZNbgcnEHQREVV2TGEGbUtRT2MdOlZ2RBQUKABgQjQcDRotCStBd1IAAWMeIlM7VgwYIAorQAdEFFk_GCkQJQ\" alt=\"\" width=\"45\" height=\"58\" loading=\"lazy\"\/>  <\/p>\n<p class=\"contentpart contentpart--default contentpart--text\" data-position=\"7\">Polacy b\u0119d\u0105 wspierani przez liczn\u0105 publiczno\u015b\u0107, kt\u00f3ra po raz kolejny wype\u0142ni po brzegi Tauron Aren\u0119 Krak\u00f3w. Dla siatkarzy to du\u017ce wsparcie. &#8211;\u00a0To jest niesamowite, \u017ce co roku mo\u017cemy liczy\u0107 na pe\u0142n\u0105 hal\u0119 &#8211; powiedzia\u0142 w rozmowie z Polsatem Sport <a href=\"https:\/\/sportowefakty.wp.pl\/siatkowka\/wilfredo-leon\" rel=\"nofollow noopener\" target=\"_blank\">Wilfredo Leon<\/a>.<\/p>\n<p class=\"contentpart contentpart--default contentpart--text\" data-position=\"8\">&#8211;\u00a0Jestem zadowolony ze statystyk. Gdy zobaczy\u0142em nasz\u0105 skuteczno\u015b\u0107 w ataku, uzna\u0142em, \u017ce nie jest najgorzej. Mo\u017cemy gra\u0107 jeszcze lepiej, ale wci\u0105\u017c jeste\u015bmy w trakcie przygotowa\u0144 &#8211; doda\u0142 przyjmuj\u0105cy.<\/p>\n<p class=\"contentpart contentpart--default contentpart--text\" data-position=\"9\">Polacy rozkr\u0119caj\u0105 si\u0119 z meczu na mecz. Ze S\u0142owe\u0144cami zdarza\u0142y im si\u0119 s\u0142absze momenty, a i pierwszy set pojedynku z USA nie by\u0142 idealny. Jednak w trzech pozosta\u0142ych to Bia\u0142o-Czerwoni byli bezkonkurencyjni.<\/p>\n<p class=\"contentpart contentpart--default contentpart--text\" data-position=\"10\">W starciu z Francj\u0105 na przestoje nie ma miejsca. Zesp\u00f3\u0142 ten potrafi wykorzysta\u0107 ka\u017cdy s\u0142abszy moment przeciwnika. W dodatku to nie Tr\u00f3jkolorowi s\u0105 zdecydowanymi faworytami, co mo\u017ce im tylko pom\u00f3c.<\/p>\n<p>  <img decoding=\"async\" src=\"https:\/\/v.wpimg.pl\/X3dwLnN2d1IFFTpdYUl6R0ZNbgcnEHQREVV2TGEGbUtRT2MdOlZ2RBQUKABgQjQcDRotCStBd1IAAWMeIlM7VgwYIAorQAdEFFk_GCkQJQ\" alt=\"\" width=\"45\" height=\"58\" loading=\"lazy\"\/>  <\/p>\n<p class=\"contentpart contentpart--default contentpart--text\" data-position=\"11\">Plan dnia:<\/p>\n<p class=\"contentpart contentpart--default contentpart--text\" data-position=\"12\"><a href=\"https:\/\/sportowefakty.wp.pl\/siatkowka\/slowenia\" rel=\"nofollow noopener\" target=\"_blank\">S\u0142owenia<\/a>\u00a0&#8211; <a href=\"https:\/\/sportowefakty.wp.pl\/siatkowka\/reprezentacja-usa-mezczyzn\" rel=\"nofollow noopener\" target=\"_blank\">USA<\/a>\u00a0(godz. 14:00)<\/p>\n<p class=\"contentpart contentpart--default contentpart--text\" data-position=\"13\"><a href=\"https:\/\/sportowefakty.wp.pl\/siatkowka\/reprezentacja\" rel=\"nofollow noopener\" target=\"_blank\">Polska<\/a>\u00a0&#8211; <a href=\"https:\/\/sportowefakty.wp.pl\/siatkowka\/reprezentacja-francji-mezczyzn\" rel=\"nofollow noopener\" target=\"_blank\">Francja<\/a>\u00a0(godz. 17:00)<\/p>\n","protected":false},"excerpt":{"rendered":"Memoria\u0142 Huberta Jerzego Wagnera\u00a0to jedna z najbardziej presti\u017cowych imprez siatkarskich na \u015bwiecie. W tym roku jest to ostatni&hellip;\n","protected":false},"author":2,"featured_media":655202,"comment_status":"","ping_status":"","sticky":false,"template":"","format":"standard","meta":{"footnotes":"","_share_on_mastodon":"0"},"categories":[12],"tags":[96,35732,42,38,40,39,41,539,131,570,71,1342],"class_list":["post-655201","post","type-post","status-publish","format-standard","has-post-thumbnail","category-polska","tag-francja","tag-memorial-huberta-jerzego-wagnera","tag-pl","tag-poland","tag-polish","tag-polska","tag-polski","tag-reprezentacje","tag-siatkowka","tag-slowenia","tag-usa","tag-wilfredo-leon"],"share_on_mastodon":{"url":"","error":""},"_links":{"self":[{"href":"https:\/\/www.europesays.com\/pl\/wp-json\/wp\/v2\/posts\/655201","targetHints":{"allow":["GET"]}}],"collection":[{"href":"https:\/\/www.europesays.com\/pl\/wp-json\/wp\/v2\/posts"}],"about":[{"href":"https:\/\/www.europesays.com\/pl\/wp-json\/wp\/v2\/types\/post"}],"author":[{"embeddable":true,"href":"https:\/\/www.europesays.com\/pl\/wp-json\/wp\/v2\/users\/2"}],"replies":[{"embeddable":true,"href":"https:\/\/www.europesays.com\/pl\/wp-json\/wp\/v2\/comments?post=655201"}],"version-history":[{"count":0,"href":"https:\/\/www.europesays.com\/pl\/wp-json\/wp\/v2\/posts\/655201\/revisions"}],"wp:featuredmedia":[{"embeddable":true,"href":"https:\/\/www.europesays.com\/pl\/wp-json\/wp\/v2\/media\/655202"}],"wp:attachment":[{"href":"https:\/\/www.europesays.com\/pl\/wp-json\/wp\/v2\/media?parent=655201"}],"wp:term":[{"taxonomy":"category","embeddable":true,"href":"https:\/\/www.europesays.com\/pl\/wp-json\/wp\/v2\/categories?post=655201"},{"taxonomy":"post_tag","embeddable":true,"href":"https:\/\/www.europesays.com\/pl\/wp-json\/wp\/v2\/tags?post=655201"}],"curies":[{"name":"wp","href":"https:\/\/api.w.org\/{rel}","templated":true}]}}