{"id":655213,"date":"2026-08-30T05:59:29","date_gmt":"2026-08-30T05:59:29","guid":{"rendered":"https:\/\/www.europesays.com\/pl\/655213\/"},"modified":"2026-08-30T05:59:29","modified_gmt":"2026-08-30T05:59:29","slug":"ranking-stanu-wyjatkowego-najwieksi-bohaterowie-afery-zondacrypto","status":"publish","type":"post","link":"https:\/\/www.europesays.com\/pl\/655213\/","title":{"rendered":"Ranking &#8222;Stanu Wyj\u0105tkowego&#8221;. Najwi\u0119ksi bohaterowie afery Zondacrypto"},"content":{"rendered":"<p>2. Tomasz Sakiewicz chcia\u0142 sprzeda\u0107 Republik\u0119 ruskiej mafii<\/p>\n<p>Sakiewicz zbudowa\u0142 pot\u0119g\u0119 TV Republika za pieni\u0105dze z Zondy. Przed upadkiem rz\u0105d\u00f3w PiS Republika by\u0142a ma\u0142\u0105, cherlaw\u0105 stacj\u0105 bez widowni. Dosta\u0142a wiatru w \u017cagle, gdy trafi\u0142y do niej gwiazdy propagandy PiS, usuni\u0119te z TVP. A gwiazdom trzeba by\u0142o zap\u0142aci\u0107. Zonda sta\u0142a si\u0119 g\u0142\u00f3wnym reklamodawc\u0105 Republiki, by\u0142a promowana na wszelkie sposoby, tak\u017ce w programach informacyjnych i publicystycznych. Nic za darmo \u2014 jak to u Sakiewicza, pseudonim &#8222;Sakiewa&#8221;.<\/p>\n<p>Z analizy reklam dokonanej przez Instytut Monitorowania Medi\u00f3w wynika, \u017ce z wartego 53 mln z\u0142 bud\u017cetu reklamowego tej gie\u0142dy w ostatnim roku jej dzia\u0142alno\u015bci a\u017c 37 mln z\u0142 trafi\u0142o w\u0142a\u015bnie do TV Republika. Jednocze\u015bnie co najmniej od po\u0142owy 2025 r. Sakiewicz prowadzi\u0142 <a href=\"https:\/\/wiadomosci.onet.pl\/kraj\/tomasz-sakiewicz-chcial-sprzedac-czesc-tv-republika-szefowi-zondacrypto-ujawniamy\/n7wm8mt\" id=\"fc808827-cd9d-4bf1-a0f8-1b65e4f83317\" rel=\"nofollow noopener\" target=\"_blank\">zaawansowane negocjacje w sprawie sprzeda\u017cy poka\u017anego pakietu akcji Republiki sp\u00f3\u0142ce zarz\u0105dzaj\u0105cej Zond\u0105. <\/a>Chcia\u0142 16 mln z\u0142 za 20 proc. akcji. Znamy nie tylko dokumenty dotycz\u0105ce planowanej transakcji \u2014 w tym list intencyjny, podpisany osobi\u015bcie przez Sakiewicza \u2014 ale r\u00f3wnie\u017c korespondencj\u0119 mailow\u0105 os\u00f3b zaanga\u017cowanych w negocjacje i stanowisko prawnika Zondy. Gdy to wszystko wysz\u0142o na jaw, przyboczni Sakiewicza zacz\u0119li operacj\u0119 dezinformacyjn\u0105, \u017ceby ukry\u0107, \u017ce planowali transakcj\u0119. Szef wydawc\u00f3w Republiki Jaros\u0142aw Olechowski przekonywa\u0142 na platformie X, \u017ce w pa\u017adzierniku 2025 r. nie przypadkiem spotyka\u0142 si\u0119 z Kralem w Monako. &#8222;Powodem tej wyprawy by\u0142 informacje, kt\u00f3re dotar\u0142y do redakcji TV Republika z wiarygodnych \u017ar\u00f3de\u0142 (nie wyjawi\u0119 ich z uwagi na tajemnic\u0119 dziennikarsk\u0105), wskazuj\u0105ce na powi\u0105zania Krala z \u00bbRosjanami z Petersburga\u00ab&#8221;.<img class=\"ods-a-photo ods-a-photo--background\" src=\"https:\/\/www.europesays.com\/pl\/wp-content\/uploads\/2026\/08\/PkXk9lBaHR0cHM6Ly9vY2RuLmV1L3B1bHNjbXMvTURBXy8xMjQ3MTQwNzJiNzJmNWI0YWNjNmYwZWMxYzVjODNiMy5qcGeRkwXNB.jpeg\" height=\"627\" width=\"940\" alt=\"Tomasz Sakiewicz, Jaros\u0142aw Kaczy\u0144ski \" loading=\"lazy\" fetchpriority=\"auto\" decoding=\"auto\" url=\"https:\/\/ocdn.eu\/pulscms\/MDA_\/124714072b72f5b4acc6f0ec1c5c83b3.jpg\" description=\"Tomasz Sakiewicz, Jaros\u0142aw Kaczy\u0144ski \" author=\"Marian Zubrzycki \/ PAP\" source=\"\" link=\"\"\/><\/p>\n<p>Marian Zubrzycki \/ PAP<\/p>\n<p>Tomasz Sakiewicz, Jaros\u0142aw Kaczy\u0144ski <\/p>\n<p>Z relacji, jakie otrzymali\u015bmy, wynika\u0142o, \u017ce chodzi o rosyjsk\u0105 mafi\u0119. W tamtym czasie nale\u017c\u0105ca do Krala firma Zondacrypto by\u0142a jednym z najwi\u0119kszych reklamodawc\u00f3w Republiki. Kral zg\u0142osi\u0142 te\u017c ch\u0119\u0107 zainwestowania w akcje stacji (chcia\u0142 kupi\u0107 niewielki pakiet udzia\u0142\u00f3w). Jednak z uwagi na wymienione sygna\u0142y \u2014 p\u0142yn\u0105ce tak\u017ce od naszych ameryka\u0144skich przyjaci\u00f3\u0142 \u2014 prezes Tomasz Sakiewicz zdecydowa\u0142 o wstrzymaniu wszelkich rozm\u00f3w dotycz\u0105cych ewentualnej inwestycji Krala w Telewizj\u0119 Republika. Nieco nas to dziwi, \u017ce mimo sygna\u0142\u00f3w o mo\u017cliwym zaanga\u017cowaniu rosyjskiej mafii, przekazywanych Republice przez jej &#8222;ameryka\u0144skich przyjaci\u00f3\u0142&#8221; i po twardej m\u0119skiej rozmowie Olechowskiego z Kralem, 25 listopada 2025 r. Sakiewicz leci do Monako. Tam sp\u0119dza dob\u0119 w op\u0142aconym przez Krala hotelu, gdzie negocjuj\u0105 umow\u0119 i dobrze si\u0119 bawi\u0105.<\/p>\n<p>Cztery dni p\u00f3\u017aniej dyrektor generalny Republiki Rados\u0142aw Dobrzy\u0144ski wysy\u0142a prawnikowi szefa Zondacrypto podpisany przez Sakiewicza wspomniany list intencyjny. To Kral nie podpisuje tego dokumentu, bo Zonda ju\u017c zaczyna mie\u0107 problemy. Jeszcze jedno \u2014 gdy w grudniu 2025 r. Donald Tusk zacz\u0105\u0142 m\u00f3wi\u0107, \u017ce za Zond\u0105 stoi ruska kasa, to Sakiewicz broni\u0142 Krala, atakuj\u0105c i wy\u015bmiewaj\u0105c Tuska. I nawet w\u00f3wczas puszcza\u0142 reklamy Zondy. To pokazuje, \u017ce Sakiewicz nie m\u00f3wi s\u0142owa prawdy o relacjach z Kralem. Wszystko wskazuje na to, \u017ce Sakiewicz by\u0142 jednym z g\u0142\u00f3wnych lobbyst\u00f3w Zondy na prawicy. I \u017ce robi\u0142 za pieni\u0105dze Krala kampani\u0119 wyborcz\u0105 Karolowi Nawrockiemu.<\/p>\n<p>3. Karol Nawrocki, pieni\u0105dze i weta<\/p>\n<p>Zondacrypto nieformalnie finansowa\u0142a kampani\u0119 Nawrockiego. To Kral zap\u0142aci\u0142 za organizacj\u0119 mi\u0119dzynarodowej konferencji CPAC w Jasionce pod Rzeszowem, kt\u00f3ra odby\u0142a si\u0119 na kilka dni przed drug\u0105 tur\u0105 wybor\u00f3w prezydenckich. W\u015br\u00f3d m\u00f3wc\u00f3w znale\u017ali si\u0119 \u2014 poza Nawrockim \u2014 m.in. ust\u0119puj\u0105cy prezydent Andrzej Duda, by\u0142y premier Mateusz Morawiecki oraz ca\u0142a paleta polityk\u00f3w z USA, w tym Kristi Noem, sekretarz bezpiecze\u0144stwa w administracji Donalda Trumpa.<\/p>\n<p>Komitet Nawrockiego nie rozliczy\u0142 tej konferencji w Pa\u0144stwowej Komisji Wyborczej, bo formalnie CPAC organizowa\u0142a Republika Sakiewicza \u2014 za pieni\u0105dze Zondy. To by\u0142o obej\u015bcie ustawy o finansowaniu kampanii wyborczych. Jednocze\u015bnie ju\u017c jako prezydent Karol Nawrocki trzykrotnie zawetowa\u0142 rz\u0105dow\u0105 ustaw\u0119, kt\u00f3ra mia\u0142a wprowadzi\u0107 \u015bcis\u0142e regulacje rynku kryptowalut i <a href=\"https:\/\/wiadomosci.onet.pl\/kraj\/afera-zondacrypto-prawdziwym-celem-moze-byc-karol-nawrocki-uderzenie-naprawde-bardzo\/5r6z5nr\" id=\"ceeefc42-a879-450e-b284-c22dc312ea1b\" rel=\"nofollow noopener\" target=\"_blank\">by\u0142a niekorzystna z punktu widzenia Zondy.<\/a><img class=\"ods-a-photo ods-a-photo--background\" src=\"https:\/\/www.europesays.com\/pl\/wp-content\/uploads\/2026\/08\/1788069560_470_5Dtk9lBaHR0cHM6Ly9vY2RuLmV1L3B1bHNjbXMvTURBXy83NWZkZmE5ZjUzNzdkZTIzZWFmM2JlNDg4OWZmNDYwNy5qcGeRkwXNB.jpeg\" height=\"627\" width=\"940\" alt=\"Karol Nawrocki na CPAC Polska 2025 w Centrum Kongresowo-Wystawienniczym w Jasionce, 27.05.2026 r\" loading=\"lazy\" fetchpriority=\"auto\" decoding=\"auto\" url=\"https:\/\/ocdn.eu\/pulscms\/MDA_\/75fdfa9f5377de23eaf3be4889ff4607.jpg\" description=\"Karol Nawrocki na CPAC Polska 2025 w Centrum Kongresowo-Wystawienniczym w Jasionce, 27.05.2026 r\" author=\"Darek Delmanowicz \/ PAP\" source=\"\" link=\"\"\/><\/p>\n<p>Darek Delmanowicz \/ PAP<\/p>\n<p>Karol Nawrocki na CPAC Polska 2025 w Centrum Kongresowo-Wystawienniczym w Jasionce, 27.05.2026 r<\/p>\n<p>4. Artur Chodzi\u0144ski, agent od prostytutki<\/p>\n<p>Szara eminencja prawicy, mocny kandydat do kolejnego zatrzymania. Wed\u0142ug naszych rozm\u00f3wc\u00f3w w PiS \u2014 on by\u0142 g\u0142\u00f3wnym przewodnikiem Krala w partii i za\u0142atwia\u0142 mu spotkania z poszczeg\u00f3lnymi pos\u0142ami. By\u0142o to mo\u017cliwe tak\u017ce dlatego, \u017ce Chodzi\u0144skiemu pomaga\u0142a jedna z pracownic biura prasowego PiS. Chodzi\u0144ski to by\u0142y agent CBA z czas\u00f3w PiS. Do antykorupcyjnej s\u0142u\u017cby, kt\u00f3r\u0105 tworzy\u0142 Mariusz Kami\u0144ski, trafi\u0142 w 2006 r. z medi\u00f3w. Wcze\u015bniej zwi\u0105zany by\u0142 m.in. z &#8222;Gazet\u0105 Wyborcz\u0105&#8221;.<\/p>\n<p>Szybko sta\u0142 si\u0119 jednym z najbardziej zaufanych ludzi Kami\u0144skiego we wroc\u0142awskiej delegaturze CBA. By\u0142 m.in. zamieszany w afer\u0119 pods\u0142uchow\u0105 \u2014 nagrywanie polityk\u00f3w przez kelner\u00f3w \u2014 kt\u00f3ra doprowadzi\u0142a do utraty w\u0142adzy przez Platform\u0119 Obywatelsk\u0105 w 2015 r. Z CBA zosta\u0142 usuni\u0119ty pod koniec rz\u0105d\u00f3w PO \u2014 za wynoszenie materia\u0142\u00f3w operacyjnych do dziennikarzy zwi\u0105zanych z PiS.<\/p>\n<p><img class=\"ods-a-photo ods-a-photo--background\" src=\"https:\/\/www.europesays.com\/pl\/wp-content\/uploads\/2026\/08\/_Ffk9lBaHR0cHM6Ly9vY2RuLmV1L3B1bHNjbXMvTURBXy9hMDMwMjNlMDY5NGU4M2VkNWNkNzczZjlmNWM5MDQ4NS5qcGeRkwXNB.jpeg\" height=\"800\" width=\"631\" alt=\"Artur Chodzi\u0144ski podczas spotkania z par\u0105 prezydenck\u0105, listopad 2025 r\" loading=\"lazy\" fetchpriority=\"auto\" decoding=\"auto\" url=\"https:\/\/ocdn.eu\/pulscms\/MDA_\/a03023e0694e83ed5cd773f9f5c90485.jpg\" description=\"Artur Chodzi\u0144ski podczas spotkania z par\u0105 prezydenck\u0105, listopad 2025 r\" author=\"\" source=\"https:\/\/www.linkedin.com\/in\/artur-chodzi%C5%84ski\" link=\"\"\/><\/p>\n<p>https:\/\/www.linkedin.com\/in\/artur-chodzi%C5%84ski<\/p>\n<p>Artur Chodzi\u0144ski podczas spotkania z par\u0105 prezydenck\u0105, listopad 2025 r<\/p>\n<p>Wcze\u015bniej w trakcie dy\u017curu sprowadzi\u0142 do siedziby delegatury CBA we Wroc\u0142awiu prostytutk\u0119. Kiedy Onet opisa\u0142 szczeg\u00f3\u0142y tej schadzki, pozwa\u0142 nas \u2014 i przegra\u0142 proces. Po odzyskaniu w\u0142adzy przez PiS Chodzi\u0144ski wr\u00f3ci\u0142 do CBA. To on prowadzi\u0142 operacj\u0119 przeciwko Romanowi Giertychowi, kt\u00f3ry by\u0142 podejrzewany o wyprowadzanie pieni\u0119dzy ze sp\u00f3\u0142ki Polnord Ryszarda Krauzego. Chodzi\u0144ski jest popularny na prawicy \u2014 ma cho\u0107by wst\u0119p do Pa\u0142acu Prezydenckiego. Przyczyn\u0105 tej popularno\u015bci jest m.in. to, \u017ce prowadzi pod pseudonimami agresywne, wspieraj\u0105ce PiS profile w mediach spo\u0142eczno\u015bciowych. Na pewno jest &#8222;Johnem Binghamem&#8221;, ale mo\u017ce by\u0107 jednocze\u015bnie &#8222;Emili\u0105 Kami\u0144sk\u0105&#8221;. Jeszcze przed wybuchem afery Chodzi\u0144ski zosta\u0142 wyrzucony z fundacji by\u0142ych ludzi s\u0142u\u017cb z czas\u00f3w PiS w\u0142a\u015bnie za branie pieni\u0119dzy od Zondy.<a href=\"https:\/\/www.onet.pl\/informacje\/onetwiadomosci\/fala-komentarzy-po-doniesieniach-onetu-duzo-tych-przypadkow\/8kfvpd3,79cfc278\" id=\"10bac7fd-030d-4fda-88f3-36e37894e423\" rel=\"nofollow noopener\" target=\"_blank\"> Wed\u0142ug naszych informacji Kral p\u0142aci\u0142 mu 15 tys. euro miesi\u0119cznie.<\/a>5. Zbigniew Ziobro, uciekinier za kas\u0119 KralaZiobro zgodzi\u0142 si\u0119 na przyj\u0119cie przez swoj\u0105 fundacj\u0119 niemal p\u00f3\u0142 miliona z\u0142otych od Przemys\u0142awa Krala. Ziobro twierdzi, \u017ce <a href=\"https:\/\/wiadomosci.onet.pl\/kraj\/zbigniew-ziobro-i-pieniadze-od-szefa-zondacrypto-teraz-wskazuje-posrednika\/d5450n5\" id=\"ac53dac6-8d80-4620-98a4-ee9e1d7b1382\" rel=\"nofollow noopener\" target=\"_blank\">ofert\u0119 finansowego wsparcia od Krala mia\u0142 mu przedstawi\u0107 Chodzi\u0144ski<\/a>. Szczeg\u00f3\u0142y dopina\u0142a Patrycja Kotecka, \u017cona Ziobry. Z relacji Ziobry wynika, \u017ce to Chodzi\u0144ski zapewnia\u0142 go, \u017ce wsparcie b\u0119dzie ca\u0142kowicie bezinteresowne i \u017ce szef gie\u0142dy kryptowalut nie oczekuje w zamian \u017cadnych dzia\u0142a\u0144. Pocz\u0105tkowo by\u0142y minister mia\u0142 by\u0107 sceptyczny, ale po oko\u0142o trzech miesi\u0105cach sam powr\u00f3ci\u0142 do sprawy. Ziobro utrzymuje, \u017ce sprawdzi\u0142 dost\u0119pne informacje o Zondzie, a jej wiarygodno\u015b\u0107 ocenia\u0142 g\u0142\u00f3wnie przez pryzmat wsp\u00f3\u0142pracy z instytucjami publicznymi, mediami, klubami sportowymi oraz organizacjami spo\u0142ecznymi.<\/p>\n<p>Ziobro twierdzi, \u017ce nie wiedzia\u0142 o prokuratorskich post\u0119powaniach, kt\u00f3re dotyczy\u0142y Zondacrypto, bo by\u0142 chory. Szkopu\u0142 w tym, \u017ce cz\u0119\u015b\u0107 z nich \u2014 dotycz\u0105ca cho\u0107by zagini\u0119cia tw\u00f3rcy Zondacrypto Sylwestra Suszka \u2014 ruszy\u0142a w czasach, gdy by\u0142 zdrowym prokuratorem generalnym. Ziobro ukrywa si\u0119 w Stanach Zjednoczonych, bo jest \u015bcigany w \u015bledztwie dotycz\u0105cym Funduszu Sprawiedliwo\u015bci. Wiadomo, \u017ce ju\u017c przebywaj\u0105c za granic\u0105, po\u017cyczy\u0142 ze swej fundacji 57 tys. z\u0142. W ten spos\u00f3b Ziobro finansowa\u0142 ucieczk\u0119 z pieni\u0119dzy Krala.<\/p>\n<p><img class=\"ods-a-photo ods-a-photo--background\" src=\"https:\/\/www.europesays.com\/pl\/wp-content\/uploads\/2026\/08\/Nd-k9lBaHR0cHM6Ly9vY2RuLmV1L3B1bHNjbXMvTURBXy9mNGU4Y2MxYzUwNDAxZTQ2NzA3MjVhNjZlYjFiNGYzZC5qcGeRkwXNB.jpeg\" height=\"627\" width=\"940\" alt=\"Zbigniew Ziobro i Patrycja Kotecka na \u015blubie Jacka Kurskiego, 18 lipca 2020 r.\" loading=\"lazy\" fetchpriority=\"auto\" decoding=\"auto\" url=\"https:\/\/ocdn.eu\/pulscms\/MDA_\/f4e8cc1c50401e4670725a66eb1b4f3d.jpg\" description=\"Zbigniew Ziobro i Patrycja Kotecka na \u015blubie Jacka Kurskiego, 18 lipca 2020 r.\" author=\"Art Service \/ PAP\" source=\"\" link=\"\"\/><\/p>\n<p>Art Service \/ PAP<\/p>\n<p>Zbigniew Ziobro i Patrycja Kotecka na \u015blubie Jacka Kurskiego, 18 lipca 2020 r.<\/p>\n<p>6. Przemys\u0142aw Wipler, lobbysta na posy\u0142ki<\/p>\n<p>Jego fundacja Dobry Rz\u0105d otrzyma\u0142a od Krala 70 tys. euro, czyli ok. 300 tys. z\u0142. Wipler zaprzecza, by to by\u0142a zap\u0142ata za nieformaln\u0105 prac\u0119 dla Zondy. Faktem jest jednak, \u017ce by\u0142 uczestnikiem konferencji CPAC w 2025 r. \u2014 gdzie gor\u0105co popar\u0142 Nawrockiego, mimo \u017ce oficjalnie Konfederacja nie udzieli\u0142a kandydatowi PiS takiego poparcia. Wipler od lat zajmuje si\u0119 kryptowalutami, krytykuj\u0105c polski rz\u0105d za pr\u00f3by forsowania przepis\u00f3w maj\u0105cych podda\u0107 ten rynek wi\u0119kszej kontroli. Nale\u017c\u0105ca do Wiplera sp\u00f3\u0142ka public relations i doradztwa medialnego Fiverand pracowa\u0142a dla Krala.<\/p>\n<p>Jak poinformowa\u0142 portal Money.pl, Fiverand mia\u0142 otrzyma\u0107 za swe us\u0142ugi 90 tys. euro od kontrolowanej przez Krala czeskiej sp\u00f3\u0142ki Expofer Servis House. Wipler formalnie pozby\u0142 si\u0119 udzia\u0142\u00f3w w niej po obj\u0119ciu mandatu poselskiego, ale mimo to odwiedza\u0142 Krala w Monako i wypowiada\u0142 si\u0119 w Sejmie w sprawie kryptowalut zgodnie z interesem Zondy. Spekuluje si\u0119, \u017ce w wyniku afery Wipler mo\u017ce zosta\u0107 usuni\u0119ty z Konfederacji i zwi\u0105za\u0107 si\u0119 z parti\u0105 Brauna.<\/p>\n<p><img class=\"ods-a-photo ods-a-photo--background\" src=\"https:\/\/www.europesays.com\/pl\/wp-content\/uploads\/2026\/08\/N9nk9lBaHR0cHM6Ly9vY2RuLmV1L3B1bHNjbXMvTURBXy9iNTkwODIzZGExMmY0NjM2MWI1Zjk2Nzk4YjA3MjU3Zi5qcGeRkwXNB.jpeg\" height=\"627\" width=\"940\" alt=\"S\u0142awomir Mentzen, Przemys\u0142aw Wipler (z ty\u0142u)\" loading=\"lazy\" fetchpriority=\"auto\" decoding=\"auto\" url=\"https:\/\/ocdn.eu\/pulscms\/MDA_\/b590823da12f46361b5f96798b07257f.jpg\" description=\"S\u0142awomir Mentzen, Przemys\u0142aw Wipler (z ty\u0142u)\" author=\"PAP\/Piotr Nowak \/ PAP\" source=\"\" link=\"\"\/><\/p>\n<p>PAP\/Piotr Nowak \/ PAP<\/p>\n<p>S\u0142awomir Mentzen, Przemys\u0142aw Wipler (z ty\u0142u)<\/p>\n<p>7. Micha\u0142 Moskal, dawny asystent Kaczy\u0144skiegoDawny asystent Jaros\u0142awa Kaczy\u0144skiego Micha\u0142 Moskal to kolejny pose\u0142 PiS, kt\u00f3rego dla Krala zrekrutowa\u0142 Chodzi\u0144ski.<a href=\"https:\/\/wiadomosci.onet.pl\/kraj\/tajemnicze-spotkanie-na-ibizie-posel-pis-spotkal-sie-z-szefem-zondacrypto\/brmb989\" id=\"50e2bfb3-197e-4de9-b6d5-6e326101403f\" rel=\"nofollow noopener\" target=\"_blank\"> Kral, Moskal i Chodzi\u0144ski spotkali si\u0119 w sierpniu 2025 r. na Ibizie. <\/a>Po spotkaniu Moskal, kt\u00f3ry wcze\u015bniej nie zajmowa\u0142 si\u0119 kryptowalutami, interweniowa\u0142 w Komisji Nadzoru Finansowego (KNF) po my\u015bli Krala. A potem razem z innym \u00f3wczesnym pos\u0142em PiS, Januszem Kowalskim, z\u0142o\u017cy\u0142 poprawki do rz\u0105dowego projektu ustawy o kryptoaktywach, tak\u017ce zgodnie z interesami Zondy.<img class=\"ods-a-photo ods-a-photo--background\" src=\"https:\/\/www.europesays.com\/pl\/wp-content\/uploads\/2026\/08\/ri_k9lBaHR0cHM6Ly9vY2RuLmV1L3B1bHNjbXMvTURBXy82NTU3MWU2NDNkNDg1OTUxZmI2M2FlNmM2MDIyYjUzMC5qcGeRkwXNB.jpeg\" height=\"529\" width=\"940\" alt=\"Jaros\u0142aw Kaczy\u0144ski, Micha\u0142 Moskal\" loading=\"lazy\" fetchpriority=\"auto\" decoding=\"auto\" url=\"https:\/\/ocdn.eu\/pulscms\/MDA_\/65571e643d485951fb63ae6c6022b530.jpg\" description=\"Jaros\u0142aw Kaczy\u0144ski, Micha\u0142 Moskal\" author=\"Radek Pietruszka \/ PAP\" source=\"\" link=\"\"\/><\/p>\n<p>Radek Pietruszka \/ PAP<\/p>\n<p>Jaros\u0142aw Kaczy\u0144ski, Micha\u0142 Moskal<\/p>\n<p>8. Jaros\u0142aw Stawiarski, marsza\u0142ek od za\u0142atwiania pracy dla ludzi PiS<\/p>\n<p>Szerzej nieznany, ale niebywale wp\u0142ywowy marsza\u0142ek wojew\u00f3dztwa lubelskiego. Dobry znajomy Jaros\u0142awa Kaczy\u0144skiego i zaciek\u0142y wr\u00f3g Przemys\u0142awa Czarnka. Stawiarski sw\u0105 pozycj\u0119 umocni\u0142 po upadku rz\u0105du PiS. Jako \u017ce w wojew\u00f3dztwie lubelskim PiS rz\u0105dzi samodzielnie, to Stawiarski ma gigantyczne mo\u017cliwo\u015bci upychania dzia\u0142aczy partyjnych w samorz\u0105dzie.<\/p>\n<p><img class=\"ods-a-photo ods-a-photo--background\" src=\"https:\/\/www.europesays.com\/pl\/wp-content\/uploads\/2026\/08\/XCCk9lBaHR0cHM6Ly9vY2RuLmV1L3B1bHNjbXMvTURBXy9lMmNlZjE1M2M4YjEwMzI4NDdjMjBkZTU2MjAzODg4MC5qcGeRkwXNB.jpeg\" height=\"625\" width=\"940\" alt=\"Jaros\u0142aw Stawiarski, Przemys\u0142aw Czarnek\" loading=\"lazy\" fetchpriority=\"auto\" decoding=\"auto\" url=\"https:\/\/ocdn.eu\/pulscms\/MDA_\/e2cef153c8b1032847c20de562038880.jpg\" description=\"Jaros\u0142aw Stawiarski, Przemys\u0142aw Czarnek\" author=\"Wojtek Jargi\u0142o \/ PAP\" source=\"\" link=\"\"\/><\/p>\n<p>Wojtek Jargi\u0142o \/ PAP<\/p>\n<p>Jaros\u0142aw Stawiarski, Przemys\u0142aw Czarnek<\/p>\n<p>Dzi\u0119ki temu prac\u0119 w Lublinie dosta\u0142a m.in. Beata Fido, partnerka Jana Marii Tomaszewskiego, czyli kuzyna Kaczy\u0144skiego. Po utracie w\u0142adzy przez PiS, gdy Piesiewicz szuka\u0142 sponsor\u00f3w dla PKOl, Stawiarski przekaza\u0142 mu kilkana\u015bcie milion\u00f3w z kasy wojew\u00f3dztwa. W zamian za to je\u017adzi\u0142 na imprezy sportowe. By\u0142 wraz z synem co najmniej raz na zagranicznym meczu pi\u0142karskim, na kt\u00f3ry Kral zapewnia\u0142 im bilety. Towarzyszyli im Piesiewicz i jego syn.<\/p>\n<p><img class=\"ods-a-photo ods-a-photo--background\" src=\"https:\/\/www.europesays.com\/pl\/wp-content\/uploads\/2026\/08\/WCpk9lBaHR0cHM6Ly9vY2RuLmV1L3B1bHNjbXMvTURBXy84ZWU4YjY5YmNjNjhkZGRmNzFkMmExMDQ3NTJmZTcwZS5qcGeRkwXNB.jpeg\" height=\"627\" width=\"940\" alt=\"Jan Maria Tomaszewski, Beata Fido\" loading=\"lazy\" fetchpriority=\"auto\" decoding=\"auto\" url=\"https:\/\/ocdn.eu\/pulscms\/MDA_\/8ee8b69bcc68dddf71d2a104752fe70e.jpg\" description=\"Jan Maria Tomaszewski, Beata Fido\" author=\"Leszek Szyma\u0144ski \/ PAP\" source=\"\" link=\"\"\/><\/p>\n<p>Leszek Szyma\u0144ski \/ PAP<\/p>\n<p>Jan Maria Tomaszewski, Beata Fido<\/p>\n<p><img class=\"ods-a-photo ods-a-photo--background\" src=\"https:\/\/www.europesays.com\/pl\/wp-content\/uploads\/2026\/08\/1788069567_442_AU9k9lBaHR0cHM6Ly9vY2RuLmV1L3B1bHNjbXMvTURBXy8zNTJjOTljOGM0ZjQ5YjUyNDYxMTFlMzAwMTA3MGVlZC5qcGeRkwXNB.jpeg\" height=\"627\" width=\"940\" alt=\" Jan Maria Tomaszewski, Jaros\u0142aw Kaczy\u0144ski\" loading=\"lazy\" fetchpriority=\"auto\" decoding=\"auto\" url=\"https:\/\/ocdn.eu\/pulscms\/MDA_\/352c99c8c4f49b5246111e3001070eed.jpg\" description=\" Jan Maria Tomaszewski, Jaros\u0142aw Kaczy\u0144ski\" author=\"Radek Pietruszka \/ PAP\" source=\"\" link=\"\"\/><\/p>\n<p>Radek Pietruszka \/ PAP<\/p>\n<p> Jan Maria Tomaszewski, Jaros\u0142aw Kaczy\u0144ski<\/p>\n<p>9. Dziennikarze na li\u015bcie p\u0142ac Krala<\/p>\n<p>W PiS kr\u0105\u017cy lista prawicowych dziennikarzy, kt\u00f3rzy brali pieni\u0105dze od Krala. S\u0105 na niej tuzy prawicowych medi\u00f3w. Dla jasno\u015bci \u2014 nie chodzi o pieni\u0105dze za reklamy w mediach zwi\u0105zanych z PiS. To pieni\u0105dze Zondy, kt\u00f3re mia\u0142y trafia\u0107 wprost do kieszeni dziennikarzy w zamian za przychylno\u015b\u0107. Wysoko na li\u015bcie s\u0105 pracownicy prawicowych medi\u00f3w, kt\u00f3rzy wcze\u015bniej otrzymywali od Chodzi\u0144skiego materia\u0142y operacyjne, jakie wynosi\u0142 z CBA za pierwszych rz\u0105d\u00f3w Platformy Obywatelskiej.<\/p>\n<p>O co dok\u0142adnie chodzi w aferze Zondacrypto [WYJA\u015aNIAMY]<img class=\"ods-a-photo ods-a-photo--background\" src=\"https:\/\/www.europesays.com\/pl\/wp-content\/uploads\/2026\/08\/TSHk9lBaHR0cHM6Ly9vY2RuLmV1L3B1bHNjbXMvTURBXy9kZWEyYzBhMGY0YzVlZTI2YmI5MmEwN2I5NDVmNjcxNS5qcGeRlQLNA.jpeg\" height=\"307\" width=\"450\" alt=\"Przemys\u0142aw Kral i Rados\u0142aw Piesiewicz\" loading=\"lazy\" fetchpriority=\"low\" decoding=\"async\"\/>10. Gangsterzy, prawdziwi w\u0142a\u015bciciele ZondyWszystko wskazuje na to, \u017ce Przemys\u0142aw Kral by\u0142 jedynie figurantem, a prawdziwymi w\u0142a\u015bcicielami Zondacrypto byli ludzie z p\u00f3\u0142\u015bwiatka. Je\u015bli Kral poszed\u0142 na wsp\u00f3\u0142prac\u0119 z prokuratur\u0105, to w\u0142a\u015bnie to mo\u017ce by\u0107 g\u0142\u00f3wny pow\u00f3d \u2014 strach, \u017ce mafia mo\u017ce si\u0119 go pozby\u0107. Pieni\u0105dze na powstanie gie\u0142dy BitBay, z kt\u00f3rej wyros\u0142a Zondacrypto, <a href=\"https:\/\/wiadomosci.onet.pl\/tylko-w-onecie\/czolowy-agent-cba-w-czasach-pis-pracowal-dla-szefa-zondacrypto-wojna-na-prawicy\/j7ntces\" id=\"1c34ed7c-9161-4e3d-872b-915418452bfa\" rel=\"nofollow noopener\" target=\"_blank\">wy\u0142o\u017cyli gangsterzy z grup Jana T. pseud. Krakowiak i Marka M. pseud. Oczko <\/a>\u2014 wynika z ustale\u0144 prokuratury. Pierwszym inwestorem by\u0142 Roman \u017b. pseud. Rudy z Bytomia \u2014 znany na \u015al\u0105sku gangster z kontaktami z grupami przest\u0119pczymi w ca\u0142ej Polsce. Potem do interesu wszed\u0142 Tomasz D. pseud. Kaczka. To gangster zwi\u0105zany przed laty ze s\u0142ynn\u0105 przest\u0119pcz\u0105 grup\u0105 &#8222;Krakowiaka&#8221;.<img class=\"ods-a-photo ods-a-photo--background\" src=\"https:\/\/www.europesays.com\/pl\/wp-content\/uploads\/2026\/08\/GWMk9lCaHR0cHM6Ly9vY2RuLmV1L3B1bHNjbXMvTURBXy81MWZlNjY3YWI0YzhlMDJhZTE1MjA0M2IzNWU4Yzg5OC5qcGVnkZMFz.jpeg\" height=\"506\" width=\"784\" alt=\"Tomasz D. pseud. Kaczka \" loading=\"lazy\" fetchpriority=\"auto\" decoding=\"auto\" url=\"https:\/\/ocdn.eu\/pulscms\/MDA_\/51fe667ab4c8e02ae152043b35e8c898.jpeg\" description=\"Tomasz D. pseud. Kaczka \" author=\"\" source=\"Zdj\u0119cia w\u0142asne\" link=\"\"\/><\/p>\n<p>Zdj\u0119cia w\u0142asne<\/p>\n<p>Tomasz D. pseud. Kaczka <\/p>\n<p>Gie\u0142d\u0105 kierowa\u0142 z tylnego fotela Marian W., pseud. Maniek \u2014 przyjaciel tw\u00f3rcy BitBaya Sylwestra Suszka \u2014 na kt\u00f3rym ci\u0105\u017c\u0105 zarzuty o dzia\u0142anie w zorganizowanej grupie przest\u0119pczej i nara\u017cenie Skarbu Pa\u0144stwa na straty rz\u0119du 1,5 mld z\u0142. To zatarg z gangsterami jest najbardziej prawdopodobn\u0105 przyczyn\u0105 zagini\u0119cia Suszka w 2022 r.<\/p>\n<p><img class=\"ods-a-photo ods-a-photo--background\" src=\"https:\/\/www.europesays.com\/pl\/wp-content\/uploads\/2026\/08\/L47k9lCaHR0cHM6Ly9vY2RuLmV1L3B1bHNjbXMvTURBXy82OTc3ZDJiM2VjZWY2NDBmODcyZjQ2ZDE2OWQzMjdkYS5qcGVnkZMFz.jpeg\" height=\"663\" width=\"940\" alt=\"Sylwester Suszek i Marian W. pseud. &quot;Maniek&quot; \" loading=\"lazy\" fetchpriority=\"auto\" decoding=\"auto\" url=\"https:\/\/ocdn.eu\/pulscms\/MDA_\/6977d2b3ecef640f872f46d169d327da.jpeg\" description=\"Sylwester Suszek i Marian W. pseud. &quot;Maniek&quot; \" author=\"\" source=\"Superwizjer TVN\" link=\"\"\/><\/p>\n<p>Superwizjer TVN<\/p>\n<p>Sylwester Suszek i Marian W. pseud. &#8222;Maniek&#8221; <\/p>\n<p>Kral by\u0142 jego prawnikiem, zanim przej\u0105\u0142 prowadzenie gie\u0142dy. Wie zatem, kto stoi za Zond\u0105 i \u017ce prawdziwi w\u0142a\u015bciciele ju\u017c raz si\u0119 prezesa pozbyli. Kompromitowanych polityk\u00f3w Kral ba\u0107 si\u0119 nie musi. Ale w ramach paktu z prokuratur\u0105 musi ujawni\u0107 tak\u017ce interesy mafii w Zondzie. A to ju\u017c du\u017ce ryzyko. Dlatego te\u017c \u2014 jak wynika z informacji tw\u00f3rc\u00f3w &#8222;Stanu Wyj\u0105tkowego&#8221; \u2014 zar\u00f3wno Kral, jak i inne osoby zaanga\u017cowane w \u015bledztwo s\u0105 obj\u0119te ochron\u0105.<\/p>\n<p>Wszystkie odcinki podcastu:<\/p>\n","protected":false},"excerpt":{"rendered":"2. Tomasz Sakiewicz chcia\u0142 sprzeda\u0107 Republik\u0119 ruskiej mafii Sakiewicz zbudowa\u0142 pot\u0119g\u0119 TV Republika za pieni\u0105dze z Zondy. Przed&hellip;\n","protected":false},"author":2,"featured_media":655214,"comment_status":"","ping_status":"","sticky":false,"template":"","format":"standard","meta":{"footnotes":"","_share_on_mastodon":"0"},"categories":[12],"tags":[211,56,61195,32,33,36,37,27,422,43,49,34,35,28,31,48,25,46,529,42,38,40,39,41,75235,20357,15346,47,13896,24274,29,30,26,2037,17994],"class_list":["post-655213","post","type-post","status-publish","format-standard","has-post-thumbnail","category-polska","tag-_stan_wyjatkowy_","tag-article_premium","tag-bottomfeed_styl","tag-breaking-news","tag-breakingnews","tag-featured-news","tag-featurednews","tag-headlines","tag-jaroslaw_kaczynski","tag-karol_nawrocki","tag-kraj","tag-latest-news","tag-latestnews","tag-naglowki","tag-najwazniejsze-artykuly","tag-nat_styl","tag-news","tag-omp","tag-pis","tag-pl","tag-poland","tag-polish","tag-polska","tag-polski","tag-przemyslaw_kral","tag-przemyslaw_wipler","tag-radoslaw_piesiewicz","tag-screening_general","tag-stan_wyjatkowy","tag-tomasz_sakiewicz","tag-top-stories","tag-topstories","tag-wiadomosci","tag-zbigniew_ziobro","tag-zondacrypto"],"share_on_mastodon":{"url":"","error":"Validation failed: Text character limit of 500 exceeded"},"_links":{"self":[{"href":"https:\/\/www.europesays.com\/pl\/wp-json\/wp\/v2\/posts\/655213","targetHints":{"allow":["GET"]}}],"collection":[{"href":"https:\/\/www.europesays.com\/pl\/wp-json\/wp\/v2\/posts"}],"about":[{"href":"https:\/\/www.europesays.com\/pl\/wp-json\/wp\/v2\/types\/post"}],"author":[{"embeddable":true,"href":"https:\/\/www.europesays.com\/pl\/wp-json\/wp\/v2\/users\/2"}],"replies":[{"embeddable":true,"href":"https:\/\/www.europesays.com\/pl\/wp-json\/wp\/v2\/comments?post=655213"}],"version-history":[{"count":0,"href":"https:\/\/www.europesays.com\/pl\/wp-json\/wp\/v2\/posts\/655213\/revisions"}],"wp:featuredmedia":[{"embeddable":true,"href":"https:\/\/www.europesays.com\/pl\/wp-json\/wp\/v2\/media\/655214"}],"wp:attachment":[{"href":"https:\/\/www.europesays.com\/pl\/wp-json\/wp\/v2\/media?parent=655213"}],"wp:term":[{"taxonomy":"category","embeddable":true,"href":"https:\/\/www.europesays.com\/pl\/wp-json\/wp\/v2\/categories?post=655213"},{"taxonomy":"post_tag","embeddable":true,"href":"https:\/\/www.europesays.com\/pl\/wp-json\/wp\/v2\/tags?post=655213"}],"curies":[{"name":"wp","href":"https:\/\/api.w.org\/{rel}","templated":true}]}}