{"id":655222,"date":"2026-08-30T06:04:16","date_gmt":"2026-08-30T06:04:16","guid":{"rendered":"https:\/\/www.europesays.com\/pl\/655222\/"},"modified":"2026-08-30T06:04:16","modified_gmt":"2026-08-30T06:04:16","slug":"kiedy-otwarcie-dino-na-geosferze-do-urzedu-wplynal-wniosek-o-zmiane-pozwolenia","status":"publish","type":"post","link":"https:\/\/www.europesays.com\/pl\/655222\/","title":{"rendered":"Kiedy otwarcie Dino na GEOsferze? Do urz\u0119du wp\u0142yn\u0105\u0142 wniosek o zmian\u0119 pozwolenia"},"content":{"rendered":"<p class=\"news__lead\">Dino przy GEOsferze wygl\u0105da ju\u017c niemal na gotowe. Jest elewacja, wy\u0142o\u017cony kostk\u0105 parking, na dachu pojawi\u0142y si\u0119 panele fotowoltaiczne, a przez witryny mo\u017cna dostrzec wyposa\u017cenie sklepu, w tym p\u00f3\u0142ki i kasy. Mimo zaawansowanych prac na otwarcie mieszka\u0144cy mog\u0105 jednak jeszcze poczeka\u0107. Do Urz\u0119du Miejskiego w Jaworznie wp\u0142yn\u0105\u0142 wniosek dotycz\u0105cy zmiany pozwolenia na budow\u0119.<\/p>\n<p>Na razie sie\u0107 Dino nie zdradza, kiedy dok\u0142adnie sklep przy ul. Wapnowskiego zostanie otwarty. Z zewn\u0105trz obiekt sprawia ju\u017c jednak wra\u017cenie praktycznie uko\u0144czonego.\u00a0<\/p>\n<p><a href=\"https:\/\/jaw.pl\/galerie\/kiedy-otwarcie-dino-na-g494310\/8272895\" rel=\"nofollow noopener\" target=\"_blank\"><img decoding=\"async\" src=\"https:\/\/www.europesays.com\/pl\/wp-content\/uploads\/2026\/08\/c03b4-DINO_Jaworzno__2.jpg\"\/><\/a><\/p>\n<p>Okazuje si\u0119 jednak, \u017ce w sprawie inwestycji trwa obecnie post\u0119powanie administracyjne. Do Urz\u0119du Miejskiego w Jaworznie wp\u0142yn\u0105\u0142 wniosek o zmian\u0119 pozwolenia na budow\u0119.<\/p>\n<p>Budowa budynku handlowo-us\u0142ugowego wraz z infrastruktur\u0105 techniczn\u0105 oraz towarzysz\u0105c\u0105 \u2013 zmiana pozwolenia \u2013 czytamy w nazwie zamierzenia budowlanego.<\/p>\n<p>Wniosek wp\u0142yn\u0105\u0142 do urz\u0119du 19 sierpnia i nadal jest rozpatrywany.<\/p>\n<p><a href=\"https:\/\/jaw.pl\/galerie\/kiedy-otwarcie-dino-na-g494310\/8272900\" rel=\"nofollow noopener\" target=\"_blank\"><img decoding=\"async\" src=\"https:\/\/www.europesays.com\/pl\/wp-content\/uploads\/2026\/08\/570d1-DINO_Jaworzno__7.jpg\"\/><\/a><\/p>\n<p>Nowe Dino powstaje przy osiedlu Sfera, na dzia\u0142ce przy ul. Wapnowskiego, w bezpo\u015brednim s\u0105siedztwie GEOsfery. Budowa rozpocz\u0119\u0142a si\u0119 w po\u0142owie maja.<\/p>\n<p>Sie\u0107 kupi\u0142a dzia\u0142k\u0119 od miasta w ubieg\u0142ym roku za 1,05 mln z\u0142. Ju\u017c wtedy by\u0142o wiadomo, \u017ce w tym miejscu ma powsta\u0107 sklep polskiej sieci handlowej.<\/p>\n<p>To niejedyna taka inwestycja prowadzona obecnie w Jaworznie. W tym samym czasie nowe Dino powstaje r\u00f3wnie\u017c w Byczynie przy ul. P. Pietrusowej. W mie\u015bcie dzia\u0142aj\u0105 ju\u017c dwa sklepy tej sieci \u2013 w D\u0105browie Narodowej oraz w Jeleniu.<\/p>\n<p>                                                                                                                                                                                                        ]]><\/p>\n","protected":false},"excerpt":{"rendered":"Dino przy GEOsferze wygl\u0105da ju\u017c niemal na gotowe. Jest elewacja, wy\u0142o\u017cony kostk\u0105 parking, na dachu pojawi\u0142y si\u0119 panele&hellip;\n","protected":false},"author":2,"featured_media":655223,"comment_status":"","ping_status":"","sticky":false,"template":"","format":"standard","meta":{"footnotes":"","_share_on_mastodon":"0"},"categories":[52249],"tags":[857,41997,45739,6521,42,38,40,39,41],"class_list":["post-655222","post","type-post","status-publish","format-standard","has-post-thumbnail","category-dino-polska","tag-dino","tag-dino-polska","tag-jaworzno","tag-jelen","tag-pl","tag-poland","tag-polish","tag-polska","tag-polski"],"share_on_mastodon":{"url":"https:\/\/pubeurope.com\/@pl\/117182953330832522","error":""},"_links":{"self":[{"href":"https:\/\/www.europesays.com\/pl\/wp-json\/wp\/v2\/posts\/655222","targetHints":{"allow":["GET"]}}],"collection":[{"href":"https:\/\/www.europesays.com\/pl\/wp-json\/wp\/v2\/posts"}],"about":[{"href":"https:\/\/www.europesays.com\/pl\/wp-json\/wp\/v2\/types\/post"}],"author":[{"embeddable":true,"href":"https:\/\/www.europesays.com\/pl\/wp-json\/wp\/v2\/users\/2"}],"replies":[{"embeddable":true,"href":"https:\/\/www.europesays.com\/pl\/wp-json\/wp\/v2\/comments?post=655222"}],"version-history":[{"count":0,"href":"https:\/\/www.europesays.com\/pl\/wp-json\/wp\/v2\/posts\/655222\/revisions"}],"wp:featuredmedia":[{"embeddable":true,"href":"https:\/\/www.europesays.com\/pl\/wp-json\/wp\/v2\/media\/655223"}],"wp:attachment":[{"href":"https:\/\/www.europesays.com\/pl\/wp-json\/wp\/v2\/media?parent=655222"}],"wp:term":[{"taxonomy":"category","embeddable":true,"href":"https:\/\/www.europesays.com\/pl\/wp-json\/wp\/v2\/categories?post=655222"},{"taxonomy":"post_tag","embeddable":true,"href":"https:\/\/www.europesays.com\/pl\/wp-json\/wp\/v2\/tags?post=655222"}],"curies":[{"name":"wp","href":"https:\/\/api.w.org\/{rel}","templated":true}]}}