{"id":655240,"date":"2026-08-30T06:20:39","date_gmt":"2026-08-30T06:20:39","guid":{"rendered":"https:\/\/www.europesays.com\/pl\/655240\/"},"modified":"2026-08-30T06:20:39","modified_gmt":"2026-08-30T06:20:39","slug":"marszalek-sejmu-znowu-uderzyl-w-trumpa-nigdy-sie-nie-zgodze-na-glupote-nie-zasluguje-na-pokojowa-nagrode-nobla","status":"publish","type":"post","link":"https:\/\/www.europesays.com\/pl\/655240\/","title":{"rendered":"Marsza\u0142ek Sejmu znowu uderzy\u0142 w Trumpa. Nigdy si\u0119 nie zgodz\u0119 na g\u0142upot\u0119, nie zas\u0142uguje na Pokojow\u0105 Nagrod\u0119 Nobla"},"content":{"rendered":"<p class=\"post-excerpt\" data-v-64cd7efc=\"\">Marsza\u0142ek Sejmu i lider Lewicy W\u0142odzimierz Czarzasty apelowa\u0142 do uczestnik\u00f3w Campus Polska, by nie przestawali krytycznie my\u015ble\u0107 i nie kapitulowali przed polsk\u0105 prawic\u0105. Najwa\u017cniejsza jest wolno\u015b\u0107, niech ka\u017cdy \u017cyje, jak chce, ale b\u0142agam, obud\u017acie si\u0119 i ani kroku wstecz przed prawic\u0105 &#8211; m\u00f3wi\u0142.<\/p>\n<p><img decoding=\"async\" data-nuxt-img=\"\"   onerror=\"this.setAttribute('data-error', 1)\" alt=\"W\u0142odzimierz Czarzasty\" fetchpriority=\"high\" src=\"https:\/\/www.europesays.com\/pl\/wp-content\/uploads\/2026\/08\/pap_20260829_0q7-1-ratio-3x2-1.jpg\" data-v-f60c0091=\"\"\/>Podnie\u015bcie do cholery g\u0142owy! Czarzasty grzmia\u0142 o koalicji Na Campus Polska (fot. Tomasz Waszczuk \/ PAP)<br \/>\nW\u0142odzimierz Czarzasty podczas Campusu Polska przekonywa\u0142, \u017ce ludzie, kt\u00f3rzy g\u0142osowali na Koalicj\u0119 15 pa\u017adziernika, nie powinni traci\u0107 nadziei na zwyci\u0119stwo w kolejnych wyborach. Zaznaczy\u0142, \u017ce nie powinni poddawa\u0107 si\u0119 narracji polskiej prawicy, kt\u00f3ra pos\u0142uguje si\u0119 k\u0142amstwami, manipulacj\u0105 i szczuje na innych. \u2013 Czy my pozwolimy, \u017ceby autorytety takie jak Turski czy Traczyk-Stawska zamieni\u0107 na B\u0105kiewicza, Mateckiego i Czarnka? Obud\u017acie si\u0119 wszyscy! Wszyscy si\u0119 obud\u017amy! \u2013 m\u00f3wi\u0142 Czarzasty.\u00a0 <\/p>\n<p>Marsza\u0142ek Sejmu by\u0142 go\u015bcie Campus Polska w Olsztynie w sobot\u0119. Wyg\u0142osi\u0142 do zgromadzonych emocjonalne przem\u00f3wienie. G\u0142\u00f3wnie skupi\u0142 si\u0119 na atakach na polsk\u0105 prawic\u0119, wspomnia\u0142 te\u017c o prezydencie USA oraz kwestii napi\u0119\u0107 mi\u0119dzy Polakami a Ukrai\u0144cami.<\/p>\n<p>Czytaj tak\u017ce: <a href=\"https:\/\/zero.pl\/news\/prezydent-zawetowal-ustawe-w-sprawie-e-dziennika-wittenberg-to-zla-decyzja\" class=\"\" rel=\"nofollow noopener\" target=\"_blank\">Weto w sprawie e-dziennika to z\u0142a decyzja<\/a><\/p>\n<p>\u2013 My jako koalicja dostali\u015bmy ponad 11 mln g\u0142os\u00f3w. To jest wi\u0119cej, ni\u017c dosta\u0142 Nawrocki. Dlatego m\u00f3wi\u0119 do tej koalicji: podnie\u015bcie do cholery g\u0142owy! Zwyci\u0119stwo jest przed wami! Ludzie chc\u0105 od nas skuteczno\u015bci, uczciwo\u015bci, realizacji tego, o czym m\u00f3wili\u015bmy. I musimy to zrobi\u0107! Za to, co zrobili\u015bmy \u017ale, przepraszam, drugi raz chc\u0119 przeprosi\u0107 za to, czego nie zrobili\u015bmy. Chc\u0119 was prosi\u0107 jeszcze raz o to, \u017ceby\u015bcie nam dali szans\u0119, \u017ceby za rok wygra\u0107 wybory i zrobi\u0107 porz\u0105dek z upiorami przesz\u0142o\u015bci i upiorami braku wolno\u015bci w Polsce \u2013 m\u00f3wi\u0142 Czarzasty i sugerowa\u0142 liderom partii, by mieli w swych szeregach ludzi m\u0142odych i starszych, by by\u0142a ci\u0105g\u0142o\u015b\u0107 warto\u015bci i my\u015blenia, by wspiera\u0107 si\u0119 pokoleniowo.<\/p>\n<p>Lewica dla LGBT<\/p>\n<p>Kwestiami, kt\u00f3re \u2013 jak m\u00f3wi\u0142 \u2013 Lewica chce dowie\u017a\u0107, s\u0105 kwestie spo\u0142eczno\u015bci LGBT. \u2013 Ju\u017c 85 par dokona\u0142o transkrypcji akt\u00f3w zawartych za granic\u0105 \u2013 poda\u0142 i przekonywa\u0142, \u017ce to Lewica pilnowa\u0142a tej sprawy. Kolejn\u0105 kwesti\u0105, jak przyznawa\u0142, jest \u015bwieckie pa\u0144stwo.<\/p>\n<p>\u2013 Nie mo\u017ce by\u0107 tak, \u017ce pedofil nauczyciel idzie do wi\u0119zienia, a pedofil ksi\u0105dz idzie do innej parafii &#8211; m\u00f3wi\u0142 Czarzasty i dodawa\u0142, \u017ce w \u015brodowiskach lokalnych rol\u0119 lider\u00f3w powinni pe\u0142ni\u0107 nie ksi\u0119\u017ca, ale so\u0142tysi. \u2013 Jak b\u0119d\u0119 mia\u0142 60 pos\u0142\u00f3w, to nie podpisz\u0119 koalicji, kt\u00f3ra nie b\u0119dzie realizowa\u0142a idei \u015bwieckiego pa\u0144stwa &#8211; m\u00f3wi\u0142 marsza\u0142ek Sejmu.<\/p>\n<p>Czytaj tak\u017ce: <a href=\"https:\/\/zero.pl\/news\/krzysztof-stanowski-odpowiedzial-donaldowi-tuskowi-co-zrobiliscie-przez-pol-roku\" class=\"\" rel=\"nofollow noopener\" target=\"_blank\">Stanowski odpowiada Tuskowi. \u201eCo zrobili\u015bcie przez p\u00f3\u0142 roku?\u201d<\/a><\/p>\n<p>Czarzasty wiele razy prosi\u0142 uczestnik\u00f3w Campusu, by nie cofali si\u0119 ani o krok przed prawic\u0105. Jednocze\u015bnie te\u017c apelowa\u0142 do cz\u0142onk\u00f3w Koalicji 15 pa\u017adziernika, by si\u0119 do prawicy nie podlizywali.<\/p>\n<p>\u2013 Nie ma prawa nasza koalicja zgadza\u0107 si\u0119 na to, \u017ceby z edukacji zdrowotnej wykre\u015bli\u0107 nauk\u0119 o seksie. To nie jest wina Barbary Nowackiej, \u017ce t\u0119 nauk\u0119 wykre\u015blono, ale to wina sposobu my\u015blenia. Niekt\u00f3rym si\u0119 wydaje, \u017ce jak si\u0119 podli\u017cemy prawicy, to ona to uzna. Nie! Tak nie b\u0119dzie! My siadamy do szach\u00f3w z bibliotek\u0105 za plecami, a po drugiej stronie siedz\u0105 ludzie z kijami bejsbolowymi \u2013 m\u00f3wi\u0142 Czarzasty.<\/p>\n<p>Marsza\u0142ek Sejmu zaapelowa\u0142, by nie kierowa\u0107 si\u0119 relatywizmem. \u2013 \u017badnego relatywizmu. Dobro znaczy dobro, z\u0142o znaczy z\u0142o. To wa\u017cna sprawa dla wszystkich, a szczeg\u00f3lnie dla m\u0142odego pokolenia \u2013 m\u00f3wi\u0142.<\/p>\n<p>\u2013 Ameryka jest wielkim pa\u0144stwem. Prezydent Stan\u00f3w Zjednoczonych jest prezydentem najwi\u0119kszego pa\u0144stwa. Ameryka to jest NATO, Ameryka to jest bezpiecze\u0144stwo. Ale nigdy si\u0119 nie zgodz\u0119 na g\u0142upot\u0119, w ten spos\u00f3b formu\u0142owan\u0105, \u017ceby przed kimkolwiek kl\u0119cze\u0107. Trump nie zas\u0142uguje na Pokojow\u0105 Nagrod\u0119 Nobla \u2013 powiedzia\u0142.<\/p>\n<p>Czarzasty doda\u0142, \u017ce \u201ewszystkim tym, kt\u00f3rzy je\u017cd\u017c\u0105 do Ameryki, by Trump ich pog\u0142aska\u0142\u201d, m\u00f3wi, \u017ceby si\u0119 zastanowili.<\/p>\n<p>Relacje z Ukrain\u0105<\/p>\n<p>Wiele miejsca w wyst\u0105pieniu na Campusie Polska Czarzasty po\u015bwi\u0119ci\u0142 relacjom z Ukrain\u0105. Zacz\u0105\u0142 od tego, \u017ce prezydent Ze\u0142enski \u017ale zrobi\u0142 ws. nadania jednostce wojskowej imienia UPA. Wskaza\u0142 jednak, \u017ce Ukrai\u0144cy wypracowuj\u0105 ok. 3 proc. polskiego PKB, p\u0142ac\u0105 13 mld z\u0142 na ZUS i 3,8 mld z\u0142 na NFZ, a wymiana handlowa Polski z Ukrain\u0105 wynosi 27 mld z\u0142 na plus dla Polski.<\/p>\n<p>\u2013 Ukrai\u0144cy to s\u0105 ludzie, kt\u00f3rzy \u015bwiadcz\u0105 us\u0142ugi w ka\u017cdym miejscu, w kt\u00f3rym s\u0105. To oni opiekuj\u0105 si\u0119 naszymi rodzicami, dziadkami, to jest ca\u0142\u0105 nasza budowlanka. Pytam si\u0119 Mentzena, Brauna, Nawrockiego: sk\u0105d we\u017amiecie pracownik\u00f3w? Ukrai\u0144cy to ludzie o podobnej do naszej kulturze, wierz\u0105cy, z podobnym jak my pogl\u0105dem na \u015bwiat \u2013 m\u00f3wi\u0142 Czarzasty.<\/p>\n<p>Gdy jedno z pyta\u0144 zada\u0142a Ukrainka, Czarzasty podzi\u0119kowa\u0142 jej za obecno\u015b\u0107 na spotkaniu i zaapelowa\u0142 do lider\u00f3w polskiej prawicy, by popatrzyli na t\u0119 kobiet\u0119 i zobaczyli, \u017ce jest taka sama, jak my. \u2013 Kocham pani\u0105 \u2013 powiedzia\u0142 marsza\u0142ek do uczestniczki Campusu.<\/p>\n<p>Czarzasty wielokrotnie apelowa\u0142 do uczestnik\u00f3w spotkania o krytyczne my\u015blenie. \u2013 Niekt\u00f3rzy m\u00f3wi\u0105, \u017ce zbieranie opakowa\u0144 to ha\u0144ba. Ludzie si\u0119 ha\u0144bi\u0105, bo zbieraj\u0105 butelki. Czy my\u015bmy rozum stracili? Widzicie dzi\u015b po lasach czy w wodzie butelki? Tu chodzi o klimat, o ochron\u0119 \u015brodowiska \u2013 m\u00f3wi\u0142 Czarzasty i prosi\u0142, by m\u0142odzi ludzie nie rezygnowali z walki o klimat, bo to w\u0142a\u015bnie zmiany klimatyczne zmuszaj\u0105 ludzi do migracji, do poszukiwania lepszych miejsc do \u017cycia.<\/p>\n<p>Czarzasty odni\u00f3s\u0142 si\u0119 te\u017c do wet prezydenckich. \u2013 Te weta krzywdz\u0105 ludzi. Ci ludzie si\u0119 kiedy\u015b o siebie upomn\u0105 \u2013 podsumowa\u0142.<\/p>\n<p>Ogl\u0105daj tak\u017ce:\u00a0<\/p>\n<p>\u00a0<\/p>\n","protected":false},"excerpt":{"rendered":"Marsza\u0142ek Sejmu i lider Lewicy W\u0142odzimierz Czarzasty apelowa\u0142 do uczestnik\u00f3w Campus Polska, by nie przestawali krytycznie my\u015ble\u0107 i&hellip;\n","protected":false},"author":2,"featured_media":655241,"comment_status":"","ping_status":"","sticky":false,"template":"","format":"standard","meta":{"footnotes":"","_share_on_mastodon":"0"},"categories":[12],"tags":[126275,42,38,40,907,39,41,22820,3654],"class_list":["post-655240","post","type-post","status-publish","format-standard","has-post-thumbnail","category-polska","tag-campus-polska-przyszlosci","tag-pl","tag-poland","tag-polish","tag-polityka","tag-polska","tag-polski","tag-wlodzimierz-czarzasty","tag-wybory"],"share_on_mastodon":{"url":"https:\/\/pubeurope.com\/@pl\/117183016249368207","error":""},"_links":{"self":[{"href":"https:\/\/www.europesays.com\/pl\/wp-json\/wp\/v2\/posts\/655240","targetHints":{"allow":["GET"]}}],"collection":[{"href":"https:\/\/www.europesays.com\/pl\/wp-json\/wp\/v2\/posts"}],"about":[{"href":"https:\/\/www.europesays.com\/pl\/wp-json\/wp\/v2\/types\/post"}],"author":[{"embeddable":true,"href":"https:\/\/www.europesays.com\/pl\/wp-json\/wp\/v2\/users\/2"}],"replies":[{"embeddable":true,"href":"https:\/\/www.europesays.com\/pl\/wp-json\/wp\/v2\/comments?post=655240"}],"version-history":[{"count":0,"href":"https:\/\/www.europesays.com\/pl\/wp-json\/wp\/v2\/posts\/655240\/revisions"}],"wp:featuredmedia":[{"embeddable":true,"href":"https:\/\/www.europesays.com\/pl\/wp-json\/wp\/v2\/media\/655241"}],"wp:attachment":[{"href":"https:\/\/www.europesays.com\/pl\/wp-json\/wp\/v2\/media?parent=655240"}],"wp:term":[{"taxonomy":"category","embeddable":true,"href":"https:\/\/www.europesays.com\/pl\/wp-json\/wp\/v2\/categories?post=655240"},{"taxonomy":"post_tag","embeddable":true,"href":"https:\/\/www.europesays.com\/pl\/wp-json\/wp\/v2\/tags?post=655240"}],"curies":[{"name":"wp","href":"https:\/\/api.w.org\/{rel}","templated":true}]}}