{"id":655246,"date":"2026-08-30T06:26:13","date_gmt":"2026-08-30T06:26:13","guid":{"rendered":"https:\/\/www.europesays.com\/pl\/655246\/"},"modified":"2026-08-30T06:26:13","modified_gmt":"2026-08-30T06:26:13","slug":"zuzel-michelsen-rzucil-sie-na-zmarzlika-a-pozniej-wszystko-wytlumaczyl-zrobilem-z-siebie-glupka","status":"publish","type":"post","link":"https:\/\/www.europesays.com\/pl\/655246\/","title":{"rendered":"\u017bu\u017cel. Michelsen rzuci\u0142 si\u0119 na Zmarzlika, a p\u00f3\u017aniej wszystko wyt\u0142umaczy\u0142. &#8222;Zrobi\u0142em z siebie g\u0142upka&#8221;"},"content":{"rendered":"\n<p class=\"contentpart contentpart--default contentpart--text\" data-position=\"0\"><a href=\"https:\/\/sportowefakty.wp.pl\/zuzel\/bartosz-zmarzlik\" rel=\"nofollow noopener\" target=\"_blank\">Bartosz Zmarzlik<\/a>\u00a0wjecha\u0142 w tor jazdy <a href=\"https:\/\/sportowefakty.wp.pl\/zuzel\/mikkel-michelsen\" rel=\"nofollow noopener\" target=\"_blank\">Mikkela Michelsena<\/a>\u00a0w 18. wy\u015bcigu fina\u0142u DP\u015a, ale nie dotkn\u0105\u0142 Du\u0144czyka. Michelsen po\u0142o\u017cy\u0142 motocykl i rzuci\u0142 si\u0119 z pi\u0119\u015bciami na mistrza \u015bwiata. Najpierw pr\u00f3bowa\u0142 wymierzy\u0107 sprawiedliwo\u015b\u0107 jeszcze na torze, a nast\u0119pnie wbieg\u0142 do parku maszyn i tam tak\u017ce chcia\u0142 &#8222;odda\u0107: Zmarzlikowi.<\/p>\n<p class=\"contentpart contentpart--default contentpart--text\" data-position=\"1\">Du\u0144czyka powstrzyma\u0142y osoby z du\u0144skiego teamu. Od razu Michelsen zosta\u0142 wrogiem ca\u0142ych trybun. Rzadko na <a href=\"https:\/\/sportowefakty.wp.pl\/areny-sportowe\/pge-narodowy-w-warszawie\" rel=\"nofollow noopener\" target=\"_blank\">PGE Narodowym w Warszawie<\/a>\u00a0jest tak g\u0142o\u015bno, jak w\u0142a\u015bnie w momencie, w kt\u00f3rym to kibice wygwizdywali Michelsena.<\/p>\n<p>  <img decoding=\"async\" src=\"https:\/\/v.wpimg.pl\/X3dwLnN2d1IFFTpdYUl6R0ZNbgcnEHQREVV2TGEGbUtRT2MdOlZ2RBQUKABgQjQcDRotCStBd1IAAWMeIlM7VgwYIAorQAdEFFk_GCkQJQ\" alt=\"\" width=\"45\" height=\"58\" loading=\"lazy\"\/>  <\/p>\n<p class=\"contentpart contentpart--default contentpart--text\" data-position=\"2\">&#8211; Adrenalina we mnie buzowa\u0142a. Szczerze m\u00f3wi\u0105c by\u0142em chyba bardziej w\u015bciek\u0142y na samego siebie ni\u017c kogokolwiek innego. Zostawi\u0142em Bartkowi furtk\u0119 przy kraw\u0119\u017cniku i wiedzia\u0142em, \u017ce wejdzie tam pik\u0105. Gdybym jecha\u0142 swoj\u0105 lini\u0105 jazdy, to tr\u0105ci\u0142by moje ko\u0142o, ale to ja w ostatniej sekundzie stch\u00f3rzy\u0142em, a potem zeskoczy\u0142em z motocykla. Decyzja s\u0119dziego o moim wykluczeniu by\u0142a s\u0142uszna. Zdecydowanie zrobi\u0142em z siebie g\u0142upka i jestem najbardziej znienawidzon\u0105 osob\u0105 w ca\u0142ej Polsce dzisiejszej nocy &#8211; podsumowa\u0142 samokrytycznie Mikkel Michelsen. Gdy ci\u015bnienie zesz\u0142o, Michelsen wzi\u0105\u0142 win\u0119 na siebie.<\/p>\n<p class=\"contentpart contentpart--default contentpart--text\" data-position=\"3\">ZOBACZ WIDEO:\u00a0Chomski nie ma w\u0105tpliwo\u015bci. Mamy problem z polskimi \u017cu\u017clowcami<\/p>\n<p class=\"contentpart contentpart--default contentpart--text\" data-position=\"5\">Ostatecznie Du\u0144czycy zdobyli srebrne medale <a href=\"https:\/\/sportowefakty.wp.pl\/zuzel\/dps\" rel=\"nofollow noopener\" target=\"_blank\">DP\u015a<\/a>, co z perspektywy pocz\u0105tku zawod\u00f3w mo\u017ce ich cieszy\u0107.<\/p>\n<p class=\"contentpart contentpart--default contentpart--text\" data-position=\"6\">&#8211; Mo\u017cemy si\u0119 cieszy\u0107 z tego wyniku, bo po dw\u00f3ch seriach wygl\u0105da\u0142o na to, \u017ce wr\u00f3cimy do domu z niczym. Srebrny medal jest zatem du\u017cym osi\u0105gni\u0119ciem. Oczywi\u015bcie chcieli\u015bmy wi\u0119cej, ale w takich zawodach r\u00f3wne punktowanie daje z\u0142oty medal. I to w\u0142a\u015bnie pokazali dzisiaj pozostali Australijczycy. Gratulacje dla nich &#8211; m\u00f3wi Michelsen.<\/p>\n<p>  <img decoding=\"async\" src=\"https:\/\/v.wpimg.pl\/X3dwLnN2d1IFFTpdYUl6R0ZNbgcnEHQREVV2TGEGbUtRT2MdOlZ2RBQUKABgQjQcDRotCStBd1IAAWMeIlM7VgwYIAorQAdEFFk_GCkQJQ\" alt=\"\" width=\"45\" height=\"58\" loading=\"lazy\"\/>  <\/p>\n<p class=\"contentpart contentpart--default contentpart--text\" data-position=\"7\">Du\u0144czycy w\u0142\u0105czyli si\u0119 do walki o mistrzostwo w po\u0142owie zawod\u00f3w. Trudno by\u0142o wyprzedzi\u0107 Australijczyk\u00f3w, ale zryw wystarczy\u0142 na srebrny medal.<\/p>\n<p class=\"contentpart contentpart--default contentpart--text\" data-position=\"8\">&#8211; Poza ostatnim biegiem mia\u0142em \u015bwietny wiecz\u00f3r. Nasi reprezentanci mieli k\u0142opoty i rozkr\u0119cali si\u0119 z wy\u015bcigu na wy\u015bcig. Trzymali\u015bmy si\u0119 razem, dalej walczyli\u015bmy i to si\u0119 op\u0142aci\u0142o. Przed ostatni\u0105 seri\u0105 wci\u0105\u017c mieli\u015bmy szans\u0119 na z\u0142oto, ale potrzebowali\u015bmy szcz\u0119\u015bcia i samych zwyci\u0119stw &#8211; podsumowa\u0142 Mikkel Michelsen.<\/p>\n","protected":false},"excerpt":{"rendered":"Bartosz Zmarzlik\u00a0wjecha\u0142 w tor jazdy Mikkela Michelsena\u00a0w 18. wy\u015bcigu fina\u0142u DP\u015a, ale nie dotkn\u0105\u0142 Du\u0144czyka. Michelsen po\u0142o\u017cy\u0142 motocykl&hellip;\n","protected":false},"author":2,"featured_media":655247,"comment_status":"","ping_status":"","sticky":false,"template":"","format":"standard","meta":{"footnotes":"","_share_on_mastodon":"0"},"categories":[24],"tags":[780,22865,3411,21246,42,38,40,39,41,127,126,174],"class_list":["post-655246","post","type-post","status-publish","format-standard","has-post-thumbnail","category-sport","tag-bartosz-zmarzlik","tag-dps","tag-mikkel-michelsen","tag-pge-narodowy-w-warszawie","tag-pl","tag-poland","tag-polish","tag-polska","tag-polski","tag-sport","tag-sports","tag-zuzel"],"share_on_mastodon":{"url":"https:\/\/pubeurope.com\/@pl\/117183041279962825","error":""},"_links":{"self":[{"href":"https:\/\/www.europesays.com\/pl\/wp-json\/wp\/v2\/posts\/655246","targetHints":{"allow":["GET"]}}],"collection":[{"href":"https:\/\/www.europesays.com\/pl\/wp-json\/wp\/v2\/posts"}],"about":[{"href":"https:\/\/www.europesays.com\/pl\/wp-json\/wp\/v2\/types\/post"}],"author":[{"embeddable":true,"href":"https:\/\/www.europesays.com\/pl\/wp-json\/wp\/v2\/users\/2"}],"replies":[{"embeddable":true,"href":"https:\/\/www.europesays.com\/pl\/wp-json\/wp\/v2\/comments?post=655246"}],"version-history":[{"count":0,"href":"https:\/\/www.europesays.com\/pl\/wp-json\/wp\/v2\/posts\/655246\/revisions"}],"wp:featuredmedia":[{"embeddable":true,"href":"https:\/\/www.europesays.com\/pl\/wp-json\/wp\/v2\/media\/655247"}],"wp:attachment":[{"href":"https:\/\/www.europesays.com\/pl\/wp-json\/wp\/v2\/media?parent=655246"}],"wp:term":[{"taxonomy":"category","embeddable":true,"href":"https:\/\/www.europesays.com\/pl\/wp-json\/wp\/v2\/categories?post=655246"},{"taxonomy":"post_tag","embeddable":true,"href":"https:\/\/www.europesays.com\/pl\/wp-json\/wp\/v2\/tags?post=655246"}],"curies":[{"name":"wp","href":"https:\/\/api.w.org\/{rel}","templated":true}]}}