{"id":655294,"date":"2026-08-30T07:00:12","date_gmt":"2026-08-30T07:00:12","guid":{"rendered":"https:\/\/www.europesays.com\/pl\/655294\/"},"modified":"2026-08-30T07:00:12","modified_gmt":"2026-08-30T07:00:12","slug":"jair-netanjahu-ewakuowany-z-usa-sluzby-wykryly-powazne-zagrozenie","status":"publish","type":"post","link":"https:\/\/www.europesays.com\/pl\/655294\/","title":{"rendered":"Jair Netanjahu ewakuowany z USA. S\u0142u\u017cby wykry\u0142y powa\u017cne zagro\u017cenie"},"content":{"rendered":"<p>Komunikat s\u0142u\u017cby pojawi\u0142 si\u0119 po tym, jak wcze\u015bniej w tym tygodniu pojawi\u0142y si\u0119 doniesienia, \u017ce <a href=\"https:\/\/wiadomosci.onet.pl\/swiat\/binjamin-netanjahu-oskarza-wladze-iranu-probowali-zabic-mojego-syna\/wwfm8dw\" id=\"a5947bee-3881-41d8-bdd9-797d138229d5\" rel=\"nofollow noopener\" target=\"_blank\">Jair Netanjahu by\u0142 w grudniu 2025 r. celem ira\u0144skiego spisku maj\u0105cego na celu zamach na jego \u017cycie podczas pobytu na Florydzie<\/a>, a tak\u017ce po wypowiedzi premiera, kt\u00f3ry stwierdzi\u0142, \u017ce &#8222;Iran wzi\u0105\u0142 na cel jednego z jego syn\u00f3w; pr\u00f3bowa\u0142 zabi\u0107, zamordowa\u0107 jednego z jego syn\u00f3w&#8221;.Dalszy ci\u0105g artyku\u0142u pod materia\u0142em wideo<\/p>\n<p>&#8222;Istnia\u0142o powa\u017cne zagro\u017cenie dla bezpiecze\u0144stwa Jaira Netanjahu; w zwi\u0105zku z tym \u2014 i po dokonaniu stosownej oceny sytuacji \u2014 podj\u0119to wsp\u00f3lnie z zespo\u0142em ochrony decyzj\u0119 o jego pilnej ewakuacji i sprowadzeniu do Izraela&#8221; \u2014 przekaza\u0142a Szin Bet, nie precyzuj\u0105c jednak charakteru zagro\u017cenia.<\/p>\n<p>Syn premiera Izraela ewakuowany<\/p>\n<p>Jak poda\u0142a stacja Channel 12, w celu przeprowadzenia tej operacji Szin Bet skierowa\u0142a cz\u0119\u015b\u0107 agent\u00f3w chroni\u0105cych prezydenta Icchaka Herzoga \u2014 kt\u00f3ry przebywa\u0142 w\u00f3wczas w Nowym Jorku \u2014 do Miami.<\/p>\n<p>Zab\u00f3jstwo Polaka w Gazie. Izraelski oficer, kt\u00f3ry wyda\u0142 rozkaz: nie \u017ca\u0142uj\u0119 tego, co zrobi\u0142em<img class=\"ods-a-photo ods-a-photo--background\" src=\"https:\/\/www.europesays.com\/pl\/wp-content\/uploads\/2026\/08\/1788073212_173_7Xek9lBaHR0cHM6Ly9vY2RuLmV1L3B1bHNjbXMvTURBXy82NWU4NWVhYTU2MTUyYTRkNTk4NTZhZTJjOTkwMDgyYy5wbmeRlQLNA.jpeg\" height=\"253\" width=\"450\" alt=\"Damiana Sobola i fragment artyku\u0142u na stronie ABC ze zdj\u0119ciem pu\u0142kownika Nocziego Mendela\" loading=\"lazy\" fetchpriority=\"low\" decoding=\"async\"\/><\/p>\n<p>Kwestia ochrony Netanjahu i jego rodziny ju\u017c wcze\u015bniej by\u0142a komentowana w izraelskich mediach. Kontrowersje wzbudza\u0142y m.in. koszty ochrony 35-letniego Jaira Netanjahu, kt\u00f3ry od kilku lat mieszka na sta\u0142e w ameryka\u0144skim Miami.<\/p>\n<p>Opracowanie:Rados\u0142aw Opas<\/p>\n<p>Data utworzenia:30 sierpnia 2026, 07:26<\/p>\n","protected":false},"excerpt":{"rendered":"Komunikat s\u0142u\u017cby pojawi\u0142 si\u0119 po tym, jak wcze\u015bniej w tym tygodniu pojawi\u0142y si\u0119 doniesienia, \u017ce Jair Netanjahu by\u0142&hellip;\n","protected":false},"author":2,"featured_media":655295,"comment_status":"","ping_status":"","sticky":false,"template":"","format":"standard","meta":{"footnotes":"","_share_on_mastodon":"0"},"categories":[14],"tags":[343,61195,32,33,721,27,91,34,35,28,31,48,25,46,40,41,47,9910,80,48996,29,30,26,82,83,84],"class_list":["post-655294","post","type-post","status-publish","format-standard","has-post-thumbnail","category-swiat","tag-binjamin_netanjahu","tag-bottomfeed_styl","tag-breaking-news","tag-breakingnews","tag-ewakuacja","tag-headlines","tag-izrael","tag-latest-news","tag-latestnews","tag-naglowki","tag-najwazniejsze-artykuly","tag-nat_styl","tag-news","tag-omp","tag-polish","tag-polski","tag-screening_general","tag-sluzby_specjalne","tag-swiat","tag-szin_bet","tag-top-stories","tag-topstories","tag-wiadomosci","tag-world","tag-world-news","tag-worldnews"],"share_on_mastodon":{"url":"https:\/\/pubeurope.com\/@pl\/117183173913935341","error":""},"_links":{"self":[{"href":"https:\/\/www.europesays.com\/pl\/wp-json\/wp\/v2\/posts\/655294","targetHints":{"allow":["GET"]}}],"collection":[{"href":"https:\/\/www.europesays.com\/pl\/wp-json\/wp\/v2\/posts"}],"about":[{"href":"https:\/\/www.europesays.com\/pl\/wp-json\/wp\/v2\/types\/post"}],"author":[{"embeddable":true,"href":"https:\/\/www.europesays.com\/pl\/wp-json\/wp\/v2\/users\/2"}],"replies":[{"embeddable":true,"href":"https:\/\/www.europesays.com\/pl\/wp-json\/wp\/v2\/comments?post=655294"}],"version-history":[{"count":0,"href":"https:\/\/www.europesays.com\/pl\/wp-json\/wp\/v2\/posts\/655294\/revisions"}],"wp:featuredmedia":[{"embeddable":true,"href":"https:\/\/www.europesays.com\/pl\/wp-json\/wp\/v2\/media\/655295"}],"wp:attachment":[{"href":"https:\/\/www.europesays.com\/pl\/wp-json\/wp\/v2\/media?parent=655294"}],"wp:term":[{"taxonomy":"category","embeddable":true,"href":"https:\/\/www.europesays.com\/pl\/wp-json\/wp\/v2\/categories?post=655294"},{"taxonomy":"post_tag","embeddable":true,"href":"https:\/\/www.europesays.com\/pl\/wp-json\/wp\/v2\/tags?post=655294"}],"curies":[{"name":"wp","href":"https:\/\/api.w.org\/{rel}","templated":true}]}}