{"id":655318,"date":"2026-08-30T07:24:10","date_gmt":"2026-08-30T07:24:10","guid":{"rendered":"https:\/\/www.europesays.com\/pl\/655318\/"},"modified":"2026-08-30T07:24:10","modified_gmt":"2026-08-30T07:24:10","slug":"justyna-steczkowska-i-budka-suflera-zagraja-we-wroclawiu-wielkie-swieto-muzyki-na-rynku","status":"publish","type":"post","link":"https:\/\/www.europesays.com\/pl\/655318\/","title":{"rendered":"Justyna Steczkowska i Budka Suflera zagraj\u0105 we Wroc\u0142awiu. Wielkie \u015bwi\u0119to muzyki na Rynku"},"content":{"rendered":"<p>Justyna Steczkowska i Budka Suflera zagraj\u0105 28 sierpnia na wroc\u0142awskim RynkuKoncert upami\u0119tni 46. rocznic\u0119 powstania wroc\u0142awskiej Solidarno\u015bci i b\u0119dzie bezp\u0142atnyW programie znajd\u0105 si\u0119 najwi\u0119ksze przeboje obu artyst\u00f3w, m.in. &#8222;Gaja&#8221; i &#8222;Jolka, Jolka pami\u0119tasz?&#8221;Wydarzenie rozpocznie si\u0119 o godz. 20.00, wej\u015bcie mo\u017cliwe od godz. 19.00Koncert to cz\u0119\u015b\u0107 wroc\u0142awskiej tradycji i okazja do wsp\u00f3lnego \u015bwi\u0119towania oraz spotka\u0144 z bohaterami z 1980 roku<\/p>\n<p>Na wroc\u0142awskim koncercie Steczkowska za\u015bpiewa swoje najwi\u0119ksze przeboje m.in.: &#8222;Dziewczyna Szamana&#8221;, &#8222;Oko za oko&#8221; oraz wielki eurowizyjny hit &#8222;Gaja&#8221;. W repertuarze Budki Suflera nie zabraknie takich hit\u00f3w jak: &#8222;Jolka, Jolka pami\u0119tasz?&#8221;, czy &#8222;Takie tango&#8221;.<\/p>\n<p>Wydarzenie upami\u0119tni 46. rocznic\u0119 narodzin wroc\u0142awskiej &#8222;Solidarno\u015bci&#8221;. Gdy o \u015bwicie 26 sierpnia 1980 roku w zajezdni autobusowej nr VII przy ul. Grabiszy\u0144skiej rozpocz\u0105\u0142 si\u0119 strajk solidarno\u015bciowy, niewielu przypuszcza\u0142o, \u017ce zapocz\u0105tkuje on wydarzenia, kt\u00f3rych nie da si\u0119 ju\u017c zatrzyma\u0107. Wroc\u0142awianie czuli, \u017ce uczestnicz\u0105 w czym\u015b prze\u0142omowym.<\/p>\n<p>To w\u0142a\u015bnie wtedy narodzi\u0142a si\u0119 wroc\u0142awska &#8222;Solidarno\u015b\u0107&#8221;. Strajkuj\u0105cym towarzyszy\u0142a muzyka \u2014 specjalnie dla nich wyst\u0105pili arty\u015bci Opery Wroc\u0142awskiej. Po 46 latach zn\u00f3w stanie si\u0119 ona wa\u017cn\u0105 cz\u0119\u015bci\u0105 wsp\u00f3lnego \u015bwi\u0119towania zwyci\u0119stwa strajku oraz zmian, kt\u00f3re ten protest zapocz\u0105tkowa\u0142.<\/p>\n<p>Koncert pod koniec wakacji to ju\u017c wroc\u0142awska i zajezdniowa tradycja. Centrum Historii Zajezdnia zach\u0119ca w pi\u0105tek do wsp\u00f3lnej zabawy przy najwi\u0119kszych hitach Justyny Steczkowskiej i Budki Suflera, a dwa dni p\u00f3\u017aniej b\u0119dzie okazja do spotkania si\u0119 przy ulicy Grabiszy\u0144skiej przed tablic\u0105 po\u015bwi\u0119conej strajkowi i powstaniu &#8222;Solidarno\u015bci&#8221;, aby wsp\u00f3lnie cieszy\u0107 si\u0119 z wolno\u015bci i podzi\u0119kowa\u0107 strajkuj\u0105cym za to, \u017ce si\u0119 w 1980 roku nie bali walczy\u0107 o zmiany. To dzi\u0119ki ich odwadze i determinacji mo\u017cemy teraz mieszka\u0107 w pi\u0119knym Wroc\u0142awiu i w bezpiecznym kraju. A \u015bwiadkowie tamtych wydarze\u0144 z pewno\u015bci\u0105 opowiedz\u0105, jak strajkowali, czy si\u0119 bali, co my\u015bli.<\/p>\n","protected":false},"excerpt":{"rendered":"Justyna Steczkowska i Budka Suflera zagraj\u0105 28 sierpnia na wroc\u0142awskim RynkuKoncert upami\u0119tni 46. rocznic\u0119 powstania wroc\u0142awskiej Solidarno\u015bci i&hellip;\n","protected":false},"author":2,"featured_media":655319,"comment_status":"","ping_status":"","sticky":false,"template":"","format":"standard","meta":{"footnotes":"","_share_on_mastodon":"0"},"categories":[51607],"tags":[61195,399,48,46,55,42,38,40,39,41,47,52268,1853],"class_list":["post-655318","post","type-post","status-publish","format-standard","has-post-thumbnail","category-wroclaw","tag-bottomfeed_styl","tag-informacje","tag-nat_styl","tag-omp","tag-phx","tag-pl","tag-poland","tag-polish","tag-polska","tag-polski","tag-screening_general","tag-strefa_miast","tag-wroclaw"],"share_on_mastodon":{"url":"https:\/\/pubeurope.com\/@pl\/117183268078386486","error":""},"_links":{"self":[{"href":"https:\/\/www.europesays.com\/pl\/wp-json\/wp\/v2\/posts\/655318","targetHints":{"allow":["GET"]}}],"collection":[{"href":"https:\/\/www.europesays.com\/pl\/wp-json\/wp\/v2\/posts"}],"about":[{"href":"https:\/\/www.europesays.com\/pl\/wp-json\/wp\/v2\/types\/post"}],"author":[{"embeddable":true,"href":"https:\/\/www.europesays.com\/pl\/wp-json\/wp\/v2\/users\/2"}],"replies":[{"embeddable":true,"href":"https:\/\/www.europesays.com\/pl\/wp-json\/wp\/v2\/comments?post=655318"}],"version-history":[{"count":0,"href":"https:\/\/www.europesays.com\/pl\/wp-json\/wp\/v2\/posts\/655318\/revisions"}],"wp:featuredmedia":[{"embeddable":true,"href":"https:\/\/www.europesays.com\/pl\/wp-json\/wp\/v2\/media\/655319"}],"wp:attachment":[{"href":"https:\/\/www.europesays.com\/pl\/wp-json\/wp\/v2\/media?parent=655318"}],"wp:term":[{"taxonomy":"category","embeddable":true,"href":"https:\/\/www.europesays.com\/pl\/wp-json\/wp\/v2\/categories?post=655318"},{"taxonomy":"post_tag","embeddable":true,"href":"https:\/\/www.europesays.com\/pl\/wp-json\/wp\/v2\/tags?post=655318"}],"curies":[{"name":"wp","href":"https:\/\/api.w.org\/{rel}","templated":true}]}}