{"id":655326,"date":"2026-08-30T07:32:12","date_gmt":"2026-08-30T07:32:12","guid":{"rendered":"https:\/\/www.europesays.com\/pl\/655326\/"},"modified":"2026-08-30T07:32:12","modified_gmt":"2026-08-30T07:32:12","slug":"show-messiego-strzelal-jak-na-zawolanie","status":"publish","type":"post","link":"https:\/\/www.europesays.com\/pl\/655326\/","title":{"rendered":"Show Messiego. Strzela\u0142 jak na zawo\u0142anie"},"content":{"rendered":"\n<p class=\"contentpart contentpart--default contentpart--text\" data-position=\"0\">Argenty\u0144czyk rozpocz\u0105\u0142 strzelanie w 40. minucie. Wykonywa\u0142 rzut wolny z bocznego sektora boiska. Wydawa\u0142o si\u0119, \u017ce z jego uderzeniem poradzi sobie bramkarz CF Montreal, jednak jeden z graczy z pola tr\u0105ci\u0142 pi\u0142k\u0119, zmieniaj\u0105c jej tor lotu. Tym samym <a href=\"https:\/\/sportowefakty.wp.pl\/pilka-nozna\/inter-miami\" rel=\"nofollow noopener\" target=\"_blank\">Inter Miami<\/a>\u00a0obj\u0105\u0142 prowadzenie 2:1, a <a href=\"https:\/\/sportowefakty.wp.pl\/pilka-nozna\/lionel-messi\" rel=\"nofollow noopener\" target=\"_blank\">Lionel Messi<\/a>\u00a0m\u00f3g\u0142 \u015bwi\u0119towa\u0107 po raz pierwszy.<\/p>\n<p class=\"contentpart contentpart--default contentpart--text\" data-position=\"1\">39-latek kolejnego gola zdoby\u0142 w 51. minucie. Pi\u0142ka do\u015b\u0107 przypadkowo spad\u0142a pod jego nogi w polu karnym rywali. Messi skrz\u0119tnie z tego skorzysta\u0142, ogra\u0142 kilku obro\u0144c\u00f3w i pewnym uderzeniem podwy\u017cszy\u0142 wynik spotkania.<\/p>\n<p>  <img decoding=\"async\" src=\"https:\/\/v.wpimg.pl\/X3dwLnN2d1IFFTpdYUl6R0ZNbgcnEHQREVV2TGEGbUtRT2MdOlZ2RBQUKABgQjQcDRotCStBd1IAAWMeIlM7VgwYIAorQAdEFFk_GCkQJQ\" alt=\"\" width=\"45\" height=\"58\" loading=\"lazy\"\/>  <\/p>\n<p class=\"contentpart contentpart--default contentpart--text\" data-position=\"2\">ZOBACZ WIDEO: B\u0119dzie bola\u0142o. Ale sami tego chcieli\u015bmy<\/p>\n<p class=\"contentpart contentpart--default contentpart--text\" data-position=\"4\">Argenty\u0144czyk skompletowa\u0142 hat-tricka w 83. minucie. Inter skutecznie za\u0142o\u017cy\u0142 pressing i odebra\u0142 pi\u0142k\u0119 na po\u0142owie przeciwnik\u00f3w. Messi po podaniu kolegi znalaz\u0142 si\u0119 w sytuacji sam na sam z bramkarzem i wyko\u0144czy\u0142 j\u0105 efektownym lobem.<\/p>\n<p class=\"contentpart contentpart--default contentpart--text\" data-position=\"5\">Z kolei w doliczonym czasie gry ustali\u0142 wynik spotkania na 7:1. Po raz kolejny skutecznie wykona\u0142 rzut wolny. Tym razem odda\u0142 precyzyjny strza\u0142 tu\u017c sprzed pola karnego.<\/p>\n<p class=\"contentpart contentpart--default contentpart--text\" data-position=\"6\">Messi w tym meczu nie tylko strzela\u0142. W 80. minucie zagra\u0142 do wybiegaj\u0105cego na wolne pole Luisa Suareza. Urugwajczyk skrz\u0119tnie skorzysta\u0142 z tego podania i do\u0142o\u017cy\u0142 swoj\u0105 cegie\u0142k\u0119 do imponuj\u0105cego triumfu Interu.<\/p>\n<p>  <img decoding=\"async\" src=\"https:\/\/v.wpimg.pl\/X3dwLnN2d1IFFTpdYUl6R0ZNbgcnEHQREVV2TGEGbUtRT2MdOlZ2RBQUKABgQjQcDRotCStBd1IAAWMeIlM7VgwYIAorQAdEFFk_GCkQJQ\" alt=\"\" width=\"45\" height=\"58\" loading=\"lazy\"\/>  <\/p>\n<p class=\"contentpart contentpart--default contentpart--text\" data-position=\"7\">Wszystkie bramki, w kt\u00f3rych udzia\u0142 mia\u0142 Messi, zamieszczamy poni\u017cej.<\/p>\n","protected":false},"excerpt":{"rendered":"Argenty\u0144czyk rozpocz\u0105\u0142 strzelanie w 40. minucie. Wykonywa\u0142 rzut wolny z bocznego sektora boiska. Wydawa\u0142o si\u0119, \u017ce z jego&hellip;\n","protected":false},"author":2,"featured_media":655327,"comment_status":"","ping_status":"","sticky":false,"template":"","format":"standard","meta":{"footnotes":"","_share_on_mastodon":"0"},"categories":[24],"tags":[127805,1249,1278,269,42,38,40,39,41,127,126],"class_list":["post-655326","post","type-post","status-publish","format-standard","has-post-thumbnail","category-sport","tag-cf-montreal","tag-inter-miami","tag-lionel-messi","tag-pilka-nozna","tag-pl","tag-poland","tag-polish","tag-polska","tag-polski","tag-sport","tag-sports"],"share_on_mastodon":{"url":"https:\/\/pubeurope.com\/@pl\/117183301421112492","error":""},"_links":{"self":[{"href":"https:\/\/www.europesays.com\/pl\/wp-json\/wp\/v2\/posts\/655326","targetHints":{"allow":["GET"]}}],"collection":[{"href":"https:\/\/www.europesays.com\/pl\/wp-json\/wp\/v2\/posts"}],"about":[{"href":"https:\/\/www.europesays.com\/pl\/wp-json\/wp\/v2\/types\/post"}],"author":[{"embeddable":true,"href":"https:\/\/www.europesays.com\/pl\/wp-json\/wp\/v2\/users\/2"}],"replies":[{"embeddable":true,"href":"https:\/\/www.europesays.com\/pl\/wp-json\/wp\/v2\/comments?post=655326"}],"version-history":[{"count":0,"href":"https:\/\/www.europesays.com\/pl\/wp-json\/wp\/v2\/posts\/655326\/revisions"}],"wp:featuredmedia":[{"embeddable":true,"href":"https:\/\/www.europesays.com\/pl\/wp-json\/wp\/v2\/media\/655327"}],"wp:attachment":[{"href":"https:\/\/www.europesays.com\/pl\/wp-json\/wp\/v2\/media?parent=655326"}],"wp:term":[{"taxonomy":"category","embeddable":true,"href":"https:\/\/www.europesays.com\/pl\/wp-json\/wp\/v2\/categories?post=655326"},{"taxonomy":"post_tag","embeddable":true,"href":"https:\/\/www.europesays.com\/pl\/wp-json\/wp\/v2\/tags?post=655326"}],"curies":[{"name":"wp","href":"https:\/\/api.w.org\/{rel}","templated":true}]}}