{"id":655378,"date":"2026-08-30T08:04:11","date_gmt":"2026-08-30T08:04:11","guid":{"rendered":"https:\/\/www.europesays.com\/pl\/655378\/"},"modified":"2026-08-30T08:04:11","modified_gmt":"2026-08-30T08:04:11","slug":"tym-razem-niemcy-maja-nie-odpuscic-rosji-zapowiadaja-punkt-zwrotny-2-0","status":"publish","type":"post","link":"https:\/\/www.europesays.com\/pl\/655378\/","title":{"rendered":"Tym razem Niemcy maj\u0105 nie odpu\u015bci\u0107 Rosji. Zapowiadaj\u0105 &#8222;punkt zwrotny 2.0&#8221;"},"content":{"rendered":"<p>Niniejszy tekst powsta\u0142 w ramach projektu Axel Springer Global Reporters Network, kt\u00f3rego Onet jest cz\u0119\u015bci\u0105.<\/p>\n<p>Og\u0142oszenie ma nast\u0105pi\u0107 na pocz\u0105tku przysz\u0142ego tygodnia i zbiegnie si\u0119 z wtorkowym posiedzeniem ministr\u00f3w spraw zagranicznych UE w Irlandii \u2014 ale mo\u017ce r\u00f3wnie\u017c nast\u0105pi\u0107 wcze\u015bniej, w zale\u017cno\u015bci od decyzji Merza \u2014 twierdz\u0105 dwaj urz\u0119dnicy.<\/p>\n<p>Konieczne s\u0105 surowsze \u015brodki, takie jak zaostrzenie sankcji lub nawet szerzej zakrojone dostawy broni do Ukrainy. Trzej urz\u0119dnicy odm\u00f3wili podania dalszych szczeg\u00f3\u0142\u00f3w dotycz\u0105cych konkretnych metod, kt\u00f3re Merz planuje og\u0142osi\u0107.<\/p>\n<p>Nie jest jasne, w jakim stopniu Berlin zamierza poci\u0105gn\u0105\u0107 do odpowiedzialno\u015bci poszczeg\u00f3lne rosyjskie podmioty lub rz\u0105d Rosji za pr\u00f3b\u0119 ataku dronem. Niemcy ju\u017c przygotowuj\u0105 si\u0119 na ostr\u0105 reakcj\u0119, poniewa\u017c \u2014 jak twierdz\u0105 urz\u0119dnicy \u2014 musz\u0105 by\u0107 gotowe na \u015brodki odwetowe ze strony Moskwy.<\/p>\n<p>Wojna hybrydowa<\/p>\n<p>Posuni\u0119cie jest planowane w kontek\u015bcie wysokiego napi\u0119cia w stosunkach z Rosj\u0105 i na tle serii incydent\u00f3w na terenie Europy. Najwy\u017csi urz\u0119dnicy m\u00f3wi\u0105 o wojnie hybrydowej. We wtorek dyrektor CIA John Ratcliffe odby\u0142 niespodziewan\u0105 wizyt\u0119 w Moskwie, gdzie ostrzeg\u0142 rosyjski rz\u0105d przed eskalacj\u0105 napi\u0119\u0107 z NATO.<\/p>\n<p>Jednak moment wyczekiwanego o\u015bwiadczenia Merza jest r\u00f3wnie\u017c delikatny z punktu widzenia sytuacji wewn\u0119trznej. W najbli\u017csz\u0105 niedziel\u0119 odb\u0119d\u0105 si\u0119 <a href=\"https:\/\/wiadomosci.onet.pl\/swiat\/niemcy-przed-kluczowymi-wyborami-policja-szykuje-sie-na-najgorsze\/hffwe9y\" id=\"a8ed3a86-f5cd-4a26-893e-dbc20c73cab1\" rel=\"nofollow noopener\" target=\"_blank\">wybory w niemieckim kraju zwi\u0105zkowym Saksonia-Anhalt<\/a>, a dwa tygodnie p\u00f3\u017aniej wybory w Meklemburgii-Pomorzu Zachodnim i Berlinie. W Saksonii-Anhalt i Meklemburgii-Pomorzu Zachodnim w sonda\u017cach prowadzi skrajnie prawicowa partia Alternatywa dla Niemiec (AfD) \u2014 znana ze swojego prorosyjskiego stanowiska.Prawdziwy pow\u00f3d wizyty dyrektora CIA w Moskwie. &#8222;Rosjanie testuj\u0105 nie Warszaw\u0119, ale Waszyngton&#8221; [KOMENTARZ]<img class=\"ods-a-photo ods-a-photo--background\" src=\"https:\/\/www.europesays.com\/pl\/wp-content\/uploads\/2026\/08\/1oyk9lBaHR0cHM6Ly9vY2RuLmV1L3B1bHNjbXMvTURBXy85YmQyYTA5OGY2NDkzMWNjNTFhZGIwNzY4ODgwMGFiNi5wbmeRlQLNA.jpeg\" height=\"249\" width=\"450\" alt=\"W\u0142adimir Putin\" loading=\"lazy\" fetchpriority=\"low\" decoding=\"async\"\/><\/p>\n<p>Merz og\u0142osi\u0142 we wtorek, \u017ce zdarzenie w Lipsku poci\u0105gnie za sob\u0105 powa\u017cne konsekwencje, cho\u0107 nie wymieni\u0142 \u017cadnej konkretnej partii. \u2014 Atak dronem w Lipsku pokazuje, \u017ce stoimy r\u00f3wnie\u017c w obliczu bardzo realnych zagro\u017ce\u0144 \u2014 powiedzia\u0142. \u2014 Rz\u0105d federalny sprawi, \u017ce sprawcy atak\u00f3w hybrydowych ponios\u0105 konsekwencje. Zap\u0142ac\u0105 za to.<\/p>\n<p>\u2014 Kancelaria nie anga\u017cuje si\u0119 w spekulacje. Liczy si\u0119 wy\u0142\u0105cznie oficjalne przypisanie odpowiedzialno\u015bci dokonane przez rz\u0105d federalny wed\u0142ug w\u0142asnego uznania i po rozwa\u017ceniu wszystkich wynik\u00f3w \u015bledztwa \u2014 o\u015bwiadczy\u0142 rzecznik rz\u0105du w odpowiedzi na pytania serwisu POLITICO dotycz\u0105ce planu Niemiec, by poci\u0105gn\u0105\u0107 Rosj\u0119 do bezpo\u015bredniej odpowiedzialno\u015bci.<\/p>\n<p>Zeitenwende 2.0<\/p>\n<p>Udaremniony atak na lotnisku Lipsk\/Halle zosta\u0142 ju\u017c silnie powi\u0105zany z Rosj\u0105 w wyniku \u015bledztw medi\u00f3w. Wed\u0142ug doniesie\u0144 dron, w kt\u00f3rym znajdowa\u0142y si\u0119 \u0142adunki wybuchowe, mia\u0142 uderzy\u0107 w ukrai\u0144ski samolot transportowy typu Antonow, wykorzystywany r\u00f3wnie\u017c do przewozu sprz\u0119tu wojskowego. &#8222;The Wall Street Journal&#8221; poinformowa\u0142, \u017ce ameryka\u0144skie s\u0142u\u017cby wywiadowcze w swoich ocenach bezpo\u015brednio powi\u0105za\u0142y Rosj\u0119 z tym dronem.<\/p>\n<p>Istniej\u0105 r\u00f3wnie\u017c podobie\u0144stwa do serii akt\u00f3w sabota\u017cu wymierzonych w europejski transport lotniczy w 2024 r. \u2014 w tym kontek\u015bcie r\u00f3wnie\u017c podejrzewane s\u0105 rosyjskie s\u0142u\u017cby wywiadowcze. Moskwa zaprzecza jakiemukolwiek udzia\u0142owi w tych wydarzeniach.<\/p>\n<p>Dalszy ci\u0105g artyku\u0142u pod materia\u0142em wideo<\/p>\n<p>Jak dot\u0105d nie jest jasne, jakie nowe informacje sk\u0142oni\u0142y Berlin do bezpo\u015bredniego obarczenia Rosji win\u0105. Pr\u00f3g dowodowy wymagany do oficjalnego przypisania odpowiedzialno\u015bci jest wysoki, a w przesz\u0142o\u015bci unikano takich zarzut\u00f3w. Niemiecki minister spraw wewn\u0119trznych Alexander Dobrindt stwierdzi\u0142 na pocz\u0105tku tego miesi\u0105ca, \u017ce &#8222;kluczowe znaczenie ma posiadanie niezb\u0119dnych dowod\u00f3w lub bardzo silnego podejrzenia&#8221;.<\/p>\n<p>Dw\u00f3ch urz\u0119dnik\u00f3w okre\u015bli\u0142o nadchodz\u0105ce posuni\u0119cie jako &#8222;Zeitenwende 2.0&#8221;, nawi\u0105zuj\u0105c do historycznego zwrotu w polityce obronnej. Zmiana zosta\u0142a og\u0142oszona przez by\u0142ego kanclerza Olafa Scholza w odpowiedzi na inwazj\u0119 Moskwy na Ukrain\u0119 w 2022 r.<\/p>\n<p>Ryzyko ataku<\/p>\n<p>Odkrycie skrytki z broni\u0105 w pobli\u017cu Berlina r\u00f3wnie\u017c odegra\u0142o rol\u0119 w zmianie stanowiska Niemiec. Na zalesionym terenie w pobli\u017cu jeziora Muggelsee agenci niemieckich s\u0142u\u017cb wywiadu wewn\u0119trznego odkryli podziemn\u0105 skrytk\u0119 zawieraj\u0105c\u0105 dwie sztuki broni p\u00f3\u0142automatycznej. Sprawa wysz\u0142a na jaw dzi\u0119ki reporta\u017cowi konsorcjum \u015bledczego niemieckich medi\u00f3w NDR, WDR i &#8222;Suddeutsche Zeitung&#8221;, mimo \u017ce odkrycie mia\u0142o miejsce w pa\u017adzierniku ubieg\u0142ego roku.<\/p>\n<p>Wed\u0142ug doniesie\u0144 obie sztuki broni by\u0142y zapakowane w pojemniki odporne na warunki atmosferyczne i znajdowa\u0142y si\u0119 w stanie niemal fabrycznym. Sk\u0142ad zawiera\u0142 r\u00f3wnie\u017c niezwykle du\u017c\u0105 ilo\u015b\u0107 amunicji. Bro\u0144 by\u0142a podobno gotowa do natychmiastowego u\u017cycia. \u015aledczy unieruchomili j\u0105, umie\u015bcili z powrotem w kryj\u00f3wce i utrzymywali miejsce pod obserwacj\u0105 \u2014 jednak nigdy nie zauwa\u017cyli nikogo udaj\u0105cego si\u0119 na miejsce.<\/p>\n<p><img class=\"ods-a-photo ods-a-photo--background\" src=\"https:\/\/www.europesays.com\/pl\/wp-content\/uploads\/2026\/08\/2S1k9lBaHR0cHM6Ly9vY2RuLmV1L3B1bHNjbXMvTURBXy9mNzNlYWRmZmM2NGQ1OTEyODU0ZjI1ZWUxZjU2ZTI2OC5qcGeRkwXNB.jpeg\" height=\"627\" width=\"940\" alt=\"Akcja s\u0142u\u017cb po zdarzeniu z dronem na lotnisku w Lipsku, 7 sierpnia 2026 r.\" loading=\"lazy\" fetchpriority=\"auto\" decoding=\"auto\" url=\"https:\/\/ocdn.eu\/pulscms\/MDA_\/f73eadffc64d5912854f25ee1f56e268.jpg\" description=\"Akcja s\u0142u\u017cb po zdarzeniu z dronem na lotnisku w Lipsku, 7 sierpnia 2026 r.\" author=\"SEBASTIAN WILLNOW \/ AFP\" source=\"\" link=\"\"\/><\/p>\n<p>SEBASTIAN WILLNOW \/ AFP<\/p>\n<p>Akcja s\u0142u\u017cb po zdarzeniu z dronem na lotnisku w Lipsku, 7 sierpnia 2026 r.<\/p>\n<p>Federalny prokurator generalny Niemiec prowadzi obecnie dochodzenie w tej sprawie pod zarzutem przygotowywania powa\u017cnego aktu przemocy zagra\u017caj\u0105cego pa\u0144stwu.<\/p>\n<p>Po ujawnieniu sprawy Dobrindt m\u00f3wi\u0142 o sytuacji wysokiego ryzyka i zasugerowa\u0142, \u017ce bro\u0144 mog\u0142a by\u0107 przeznaczona do wykorzystania w atakach w Berlinie. Unika\u0142 on wskazywania bezpo\u015bredniego zwi\u0105zku z Rosj\u0105, ale stwierdzi\u0142, \u017ce nie mo\u017cna wykluczy\u0107 udzia\u0142u obcych mocarstw.<\/p>\n<p>W ostatnich tygodniach w krajach NATO dosz\u0142o do serii incydent\u00f3w.<\/p>\n<p>NATO pod presj\u0105<\/p>\n<p>W Rumunii, kilkaset metr\u00f3w od miejsca realizacji projektu gazowego Neptun Deep na Morzu Czarnym, odkryto morskiego drona za\u0142adowanego materia\u0142ami wybuchowymi, kt\u00f3ry zosta\u0142 unieszkodliwiony przez rumu\u0144skie si\u0142y zbrojne. Prezydent Nicusor Dan wyra\u017anie obwini\u0142 Rosj\u0119 za zdarzenie.<\/p>\n<p>Kilka dni p\u00f3\u017aniej s\u0142owacka policja udaremni\u0142a planowane podpalenie fabryki dron\u00f3w. W\u0142adze Estonii prowadz\u0105 dochodzenie w sprawie ewentualnego udzia\u0142u Rosji w podpaleniu zak\u0142adu zbrojeniowego. Badane s\u0105 r\u00f3wnie\u017c wybuchy w fabrykach amunicji we W\u0142oszech i Bu\u0142garii, cho\u0107 jak dot\u0105d nie ma wyra\u017anych dowod\u00f3w na rosyjski sabota\u017c w tych przypadkach.<\/p>\n<p>W tym kontek\u015bcie na szczeblu UE przygotowywany jest obecnie kolejny kompleksowy pakiet sankcji wobec Rosji.<\/p>\n<p>Zgodnie z informacjami trzech dyplomat\u00f3w UE pakiet ma zosta\u0107 om\u00f3wiony podczas nieformalnego spotkania ministr\u00f3w spraw zagranicznych UE we wtorek i \u015brod\u0119 w Wicklow w Irlandii. Wed\u0142ug jednego z rozm\u00f3wc\u00f3w Bruksela analizuje obecnie 1,6 tys. pozycji podlegaj\u0105cych sankcjom, w tym 800 os\u00f3b fizycznych i 800 przedsi\u0119biorstw z Rosji. Oczekuje si\u0119, \u017ce sankcje zostan\u0105 przyj\u0119te w po\u0142owie pa\u017adziernika.<\/p>\n<p>Inny dyplomata twierdzi, \u017ce ponownie rozwa\u017ca si\u0119 wykorzystanie <a href=\"https:\/\/wiadomosci.onet.pl\/politico\/co-z-zamrozonymi-aktywami-rosji-panstwa-zaczynaja-naciskac-na-ue\/rjxwm8e\" id=\"77aac221-6745-422e-96a3-d0892bf7a812\" rel=\"nofollow noopener\" target=\"_blank\">zamro\u017conych aktyw\u00f3w rosyjskiego banku<\/a>, mimo \u017ce jest to proces d\u0142ugoterminowy i b\u0119dzie wymaga\u0142 podj\u0119cia pr\u00f3b przekonania Belgii, kt\u00f3ra od dawna sprzeciwia si\u0119 temu pomys\u0142owi. Zdecydowanie najwi\u0119ksza cz\u0119\u015b\u0107 rosyjskich rezerw banku centralnego zamro\u017conych w UE znajduje si\u0119 w r\u0119kach firmy Euroclear z siedzib\u0105 w Brukseli. Ta belgijska firma finansowa jest jednym z najwa\u017cniejszych centralnych depozyt\u00f3w papier\u00f3w warto\u015bciowych, a rz\u0105d Barta De Wevera obawia si\u0119 ewentualnych rosyjskich dzia\u0142a\u0144 odwetowych.<\/p>\n<p>Wszyscy trzej dyplomaci m\u00f3wi\u0105 o znacznym rozszerzeniu obecnych sankcji wobec Rosji. \u2014 Strategia polega na wykorzystaniu wszystkich dost\u0119pnych \u015brodk\u00f3w. Stosujemy ka\u017cdy mo\u017cliwy system sankcji \u2014 podsumowuje jeden z nich.<\/p>\n","protected":false},"excerpt":{"rendered":"Niniejszy tekst powsta\u0142 w ramach projektu Axel Springer Global Reporters Network, kt\u00f3rego Onet jest cz\u0119\u015bci\u0105. Og\u0142oszenie ma nast\u0105pi\u0107&hellip;\n","protected":false},"author":2,"featured_media":655379,"comment_status":"","ping_status":"","sticky":false,"template":"","format":"standard","meta":{"footnotes":"","_share_on_mastodon":"0"},"categories":[14],"tags":[56,61195,32,33,345,27,76,34,35,31274,28,31,48,25,295,46,40,41,87,2337,47,80,29,30,26,82,83,84],"class_list":["post-655378","post","type-post","status-publish","format-standard","has-post-thumbnail","category-swiat","tag-article_premium","tag-bottomfeed_styl","tag-breaking-news","tag-breakingnews","tag-friedrich_merz","tag-headlines","tag-inwazja_rosji_na_ukraine","tag-latest-news","tag-latestnews","tag-lipsk","tag-naglowki","tag-najwazniejsze-artykuly","tag-nat_styl","tag-news","tag-niemcy","tag-omp","tag-polish","tag-polski","tag-rosja","tag-sankcje","tag-screening_general","tag-swiat","tag-top-stories","tag-topstories","tag-wiadomosci","tag-world","tag-world-news","tag-worldnews"],"share_on_mastodon":{"url":"https:\/\/pubeurope.com\/@pl\/117183426585572064","error":""},"_links":{"self":[{"href":"https:\/\/www.europesays.com\/pl\/wp-json\/wp\/v2\/posts\/655378","targetHints":{"allow":["GET"]}}],"collection":[{"href":"https:\/\/www.europesays.com\/pl\/wp-json\/wp\/v2\/posts"}],"about":[{"href":"https:\/\/www.europesays.com\/pl\/wp-json\/wp\/v2\/types\/post"}],"author":[{"embeddable":true,"href":"https:\/\/www.europesays.com\/pl\/wp-json\/wp\/v2\/users\/2"}],"replies":[{"embeddable":true,"href":"https:\/\/www.europesays.com\/pl\/wp-json\/wp\/v2\/comments?post=655378"}],"version-history":[{"count":0,"href":"https:\/\/www.europesays.com\/pl\/wp-json\/wp\/v2\/posts\/655378\/revisions"}],"wp:featuredmedia":[{"embeddable":true,"href":"https:\/\/www.europesays.com\/pl\/wp-json\/wp\/v2\/media\/655379"}],"wp:attachment":[{"href":"https:\/\/www.europesays.com\/pl\/wp-json\/wp\/v2\/media?parent=655378"}],"wp:term":[{"taxonomy":"category","embeddable":true,"href":"https:\/\/www.europesays.com\/pl\/wp-json\/wp\/v2\/categories?post=655378"},{"taxonomy":"post_tag","embeddable":true,"href":"https:\/\/www.europesays.com\/pl\/wp-json\/wp\/v2\/tags?post=655378"}],"curies":[{"name":"wp","href":"https:\/\/api.w.org\/{rel}","templated":true}]}}