{"id":655392,"date":"2026-08-30T08:17:14","date_gmt":"2026-08-30T08:17:14","guid":{"rendered":"https:\/\/www.europesays.com\/pl\/655392\/"},"modified":"2026-08-30T08:17:14","modified_gmt":"2026-08-30T08:17:14","slug":"nocny-gosc-na-dworcu-lublin-czytelniczka-sfotografowala-lisa-lublin112-wiadomosci-z-lublina-i-regionu-wazne-informacje-z-kraju","status":"publish","type":"post","link":"https:\/\/www.europesays.com\/pl\/655392\/","title":{"rendered":"Nocny go\u015b\u0107 na Dworcu Lublin. Czytelniczka sfotografowa\u0142a lisa : Lublin112 \u2013 Wiadomo\u015bci z Lublina i regionu. Wa\u017cne informacje z kraju"},"content":{"rendered":"<p>Nocnego go\u015bcia na terenie Dworca Lublin zauwa\u017cy\u0142a i sfotografowa\u0142a nasza Czytelniczka. Lis porusza\u0142 si\u0119 w rejonie obiektu przy ul. Dworcowej. Nie wiadomo, co sprowadzi\u0142o go w t\u0119 cz\u0119\u015b\u0107 miasta. Mo\u017cna przypuszcza\u0107, \u017ce zwierz\u0119 pojawi\u0142o si\u0119 w celu poszukiwania po\u017cywienia.<\/p>\n<p>Obserwacja jest kolejnym przyk\u0142adem obecno\u015bci dzikich zwierz\u0105t w przestrzeni miejskiej. Ju\u017c wielokrotnie publikowali\u015bmy zdj\u0119cia i nagrania lis\u00f3w, dzik\u00f3w, saren, bobr\u00f3w, kun czy zaj\u0119cy pojawiaj\u0105cych si\u0119 na osiedlach, ulicach i terenach zielonych.<\/p>\n<p>Dzikie zwierz\u0119ta coraz \u015bmielej zagl\u0105daj\u0105 do miasta<\/p>\n<p>Lisy naj\u0142atwiej zauwa\u017cy\u0107 po zmroku i nad ranem, kiedy na ulicach jest mniej ludzi oraz samochod\u00f3w. Zwierz\u0119ta przemieszczaj\u0105 si\u0119 pomi\u0119dzy terenami zielonymi, dolinami rzecznymi, ogr\u00f3dkami dzia\u0142kowymi, nieu\u017cytkami i osiedlami.<\/p>\n<p>Wcze\u015bniej nasi Czytelnicy obserwowali lisy mi\u0119dzy innymi na Czechowie, w rejonie W\u0105wozu Rury oraz przy al. Smorawi\u0144skiego. Zdarza\u0142o si\u0119, \u017ce zwierz\u0119ta polowa\u0142y na gryzonie na pasach zieleni lub przebywa\u0142y w niewielkiej odleg\u0142o\u015bci od spaceruj\u0105cych mieszka\u0144c\u00f3w.<\/p>\n<p>Do miasta przyci\u0105ga je \u0142atwy dost\u0119p do po\u017cywienia. Niezabezpieczone \u015bmietniki, pozostawiane resztki jedzenia oraz celowe dokarmianie sprawiaj\u0105, \u017ce dzikie zwierz\u0119ta stopniowo przyzwyczajaj\u0105 si\u0119 do obecno\u015bci cz\u0142owieka. Mog\u0105 wtedy podchodzi\u0107 coraz bli\u017cej budynk\u00f3w, ulic i ci\u0105g\u00f3w komunikacyjnych.<\/p>\n<p>Sama obecno\u015b\u0107 lisa w mie\u015bcie nie oznacza, \u017ce zwierz\u0119 jest chore lub agresywne. Nie nale\u017cy jednak pr\u00f3bowa\u0107 go oswaja\u0107. Nawet spokojnie wygl\u0105daj\u0105cy osobnik mo\u017ce zareagowa\u0107 gwa\u0142townie, je\u017celi poczuje si\u0119 osaczony lub zagro\u017cony.<\/p>\n<p>Jak zachowa\u0107 si\u0119 po spotkaniu z dzikim zwierz\u0119ciem?<\/p>\n<p>Najwa\u017cniejsze jest zachowanie spokoju i bezpiecznego dystansu. Nie nale\u017cy podchodzi\u0107 do zwierz\u0119cia, pr\u00f3bowa\u0107 go dotyka\u0107 ani wykonywa\u0107 zdj\u0119\u0107 z bliskiej odleg\u0142o\u015bci.<\/p>\n<p>Nie wolno r\u00f3wnie\u017c krzycze\u0107, biega\u0107, gwa\u0142townie gestykulowa\u0107 ani blokowa\u0107 zwierz\u0119ciu drogi ucieczki. Najlepiej zatrzyma\u0107 si\u0119, a nast\u0119pnie powoli oddali\u0107, pozostawiaj\u0105c mu mo\u017cliwo\u015b\u0107 swobodnego opuszczenia terenu.<\/p>\n<p>Dzikich zwierz\u0105t nie nale\u017cy dokarmia\u0107. W\u0142a\u015bciciele ps\u00f3w powinni trzyma\u0107 swoje czworonogi na smyczy i nie pozwala\u0107 im zbli\u017ca\u0107 si\u0119 do lisa, dzika lub sarny. Warto r\u00f3wnie\u017c szczelnie zamyka\u0107 pojemniki na odpady i nie pozostawia\u0107 karmy dla zwierz\u0105t na zewn\u0105trz.<\/p>\n<p>Obecno\u015b\u0107 zwierz\u0119cia nale\u017cy zg\u0142osi\u0107 odpowiednim s\u0142u\u017cbom, gdy jest ono ranne, zachowuje si\u0119 nietypowo, wykazuje agresj\u0119, nie reaguje na obecno\u015b\u0107 ludzi albo stwarza zagro\u017cenie dla pieszych i kierowc\u00f3w. Na terenie Lublina takie zg\u0142oszenia przyjmuje Stra\u017c Miejska pod numerem 986. W sytuacji bezpo\u015bredniego zagro\u017cenia nale\u017cy zadzwoni\u0107 pod numer alarmowy 112.<\/p>\n<p>\n                                    <a href=\"https:\/\/www.google.com\/preferences\/source?q=lublin112.pl\" target=\"_blank\" rel=\"noopener noreferrer nofollow\" onclick=\"if (!window.__cfRLUnblockHandlers) return false; gtag(&#039;event&#039;, &#039;google_preferred_source_click&#039;, {&#010;                                           &#039;link_url&#039;: this.href,&#010;                                           &#039;link_text&#039;: &#039;Ustaw lublin112.pl jako preferowane \u017ar\u00f3d\u0142o&#039;&#010;                                       });\" style=\"text-align:center;display:block;\" data-cf-modified-58c39e9d5ca81169a9f280a5-=\"\"><br \/>\n                                        <img decoding=\"async\" src=\"https:\/\/www.europesays.com\/pl\/wp-content\/uploads\/2026\/08\/1788077834_4_lublin112-google-source.webp\" alt=\"Ustaw lublin112.pl jako preferowane \u017ar\u00f3d\u0142o w Google\" style=\"max-width: 70%;\"\/><br \/>\n                                    <\/a><br \/>\n                                    <\/p>\n","protected":false},"excerpt":{"rendered":"Nocnego go\u015bcia na terenie Dworca Lublin zauwa\u017cy\u0142a i sfotografowa\u0142a nasza Czytelniczka. Lis porusza\u0142 si\u0119 w rejonie obiektu przy&hellip;\n","protected":false},"author":2,"featured_media":655393,"comment_status":"","ping_status":"","sticky":false,"template":"","format":"standard","meta":{"footnotes":"","_share_on_mastodon":"0"},"categories":[51612],"tags":[425,52110,93664,61429,6524,1081,127814,42,38,40,39,41,57872],"class_list":["post-655392","post","type-post","status-publish","format-standard","has-post-thumbnail","category-lublin","tag-bezpieczenstwo","tag-czytelniczka","tag-dworzec-lublin","tag-dzikie-zwierzeta","tag-lis","tag-lublin","tag-nocny-gosc","tag-pl","tag-poland","tag-polish","tag-polska","tag-polski","tag-straz-miejska"],"share_on_mastodon":{"url":"https:\/\/pubeurope.com\/@pl\/117183477957229617","error":""},"_links":{"self":[{"href":"https:\/\/www.europesays.com\/pl\/wp-json\/wp\/v2\/posts\/655392","targetHints":{"allow":["GET"]}}],"collection":[{"href":"https:\/\/www.europesays.com\/pl\/wp-json\/wp\/v2\/posts"}],"about":[{"href":"https:\/\/www.europesays.com\/pl\/wp-json\/wp\/v2\/types\/post"}],"author":[{"embeddable":true,"href":"https:\/\/www.europesays.com\/pl\/wp-json\/wp\/v2\/users\/2"}],"replies":[{"embeddable":true,"href":"https:\/\/www.europesays.com\/pl\/wp-json\/wp\/v2\/comments?post=655392"}],"version-history":[{"count":0,"href":"https:\/\/www.europesays.com\/pl\/wp-json\/wp\/v2\/posts\/655392\/revisions"}],"wp:featuredmedia":[{"embeddable":true,"href":"https:\/\/www.europesays.com\/pl\/wp-json\/wp\/v2\/media\/655393"}],"wp:attachment":[{"href":"https:\/\/www.europesays.com\/pl\/wp-json\/wp\/v2\/media?parent=655392"}],"wp:term":[{"taxonomy":"category","embeddable":true,"href":"https:\/\/www.europesays.com\/pl\/wp-json\/wp\/v2\/categories?post=655392"},{"taxonomy":"post_tag","embeddable":true,"href":"https:\/\/www.europesays.com\/pl\/wp-json\/wp\/v2\/tags?post=655392"}],"curies":[{"name":"wp","href":"https:\/\/api.w.org\/{rel}","templated":true}]}}