{"id":655424,"date":"2026-08-30T08:38:09","date_gmt":"2026-08-30T08:38:09","guid":{"rendered":"https:\/\/www.europesays.com\/pl\/655424\/"},"modified":"2026-08-30T08:38:09","modified_gmt":"2026-08-30T08:38:09","slug":"tusk-ma-problem-prawie-40-proc-polakow-nie-chce-ko-w-przyszlym-rzadzie","status":"publish","type":"post","link":"https:\/\/www.europesays.com\/pl\/655424\/","title":{"rendered":"Tusk ma problem? Prawie 40 proc. Polak\u00f3w nie chce KO w przysz\u0142ym rz\u0105dzie"},"content":{"rendered":"\n<p>&#13;<br \/>\nJe\u015bli nie\u00a0dojdzie do\u00a0skr\u00f3cenia kadencji parlamentu, wybory odb\u0119d\u0105 si\u0119 jesieni\u0105 2027 roku. SW Research na\u00a0zlecenie rp.pl zapyta\u0142 Polak\u00f3w, czy\u00a0chcieliby, aby\u00a0po\u00a0wyborach Koalicja Obywatelska wesz\u0142a w\u00a0sk\u0142ad rz\u0105du. &#8222;Tak&#8221; odpowiedzia\u0142o 41 proc. badanych. Odpowied\u017a \u201enie\u201d wybra\u0142o 38,7 proc., a\u00a020,3 proc. ankietowanych nie\u00a0ma\u00a0zdania. &#13;\n<\/p>\n<p>W\u015br\u00f3d m\u0142odszych tylko 29 proc. chce KO w\u00a0rz\u0105dzie<\/p>\n<p>&#13;<br \/>\nWyniki r\u00f3\u017cni\u0105 si\u0119 w\u00a0zale\u017cno\u015bci od\u00a0wieku respondent\u00f3w. W\u015br\u00f3d os\u00f3b powy\u017cej 50. roku \u017cycia 50 proc. chce, aby\u00a0KO wesz\u0142a w\u00a0sk\u0142ad przysz\u0142ego rz\u0105du. W\u00a0grupie 25\u201334 lata takiej odpowiedzi udzieli\u0142o 29 proc. \u2013\u00a0Najcz\u0119\u015bciej pozytywne zdanie w\u00a0tej kwestii wyra\u017caj\u0105 osoby powy\u017cej 50. roku \u017cycia (50 proc.), a\u00a0najrzadziej badani w\u00a0wieku 25-34 lata (29 proc.) \u2013\u00a0powiedzia\u0142a Wiktoria Maruszczak, senior project manager w\u00a0SW Research. &#13;\n<\/p>\n<p>&#13;<br \/>\nW\u015br\u00f3d os\u00f3b w\u00a0wieku 35\u201349 lat 44 proc. nie\u00a0chce KO w\u00a0przysz\u0142ym rz\u0105dzie. Takiej odpowiedzi udzieli\u0142o r\u00f3wnie\u017c 41 proc. mieszka\u0144c\u00f3w wsi oraz\u00a044,6 proc. mieszka\u0144c\u00f3w miast do\u00a020 tys. mieszka\u0144c\u00f3w. Z\u00a0kolei w\u015br\u00f3d os\u00f3b o\u00a0dochodach od\u00a05001 do\u00a07000 z\u0142 49 proc. chcia\u0142oby, aby\u00a0KO znalaz\u0142a si\u0119 w\u00a0sk\u0142adzie rz\u0105du. &#13;\n<\/p>\n<p>55,41 proc. popracia dla\u00a0bloku z\u00a0KO<\/p>\n<p>&#13;<br \/>\nKilka dni temu opublikowano z\u00a0kolei wyniki sonda\u017cu Instytutu Bada\u0144 Pollster dla\u00a0&#8222;Super Expressu&#8221;. W\u00a0tym badaniu respondentom przedstawiono dwa hipotetyczne <a href=\"https:\/\/dorzeczy.pl\/kraj\/933859\/sondaz-w-wyborach-dwoch-blokow-centrolewica-wygrywa-z-prawica.html\" rel=\"nofollow noopener\" target=\"_blank\">bloki wyborcze<\/a>. Pierwszy tworzy\u0142yby KO, PSL, Nowa Lewica, Unia Centrum i\u00a0Partia Razem. Drugi \u2013\u00a0PiS, Konfederacja, Konfederacja Korony Polskiej i\u00a0Rozw\u00f3j Plus. Na\u00a0pierwszy blok zag\u0142osowa\u0142oby 55,41 proc. badanych, a\u00a0na drugi 43,10 proc. &#13;\n<\/p>\n<p>&#13;<br \/>\nPolitolog dr Sergiusz Trzeciak w\u00a0rozmowie z\u00a0&#8222;SE&#8221; oceni\u0142 jednak, \u017ce\u00a0scenariusz wsp\u00f3lnego startu tak szerokich blok\u00f3w jest ma\u0142o prawdopodobny. Wskaza\u0142 m.in. na\u00a0obawy mniejszych ugrupowa\u0144 przed utrat\u0105 w\u0142asnej to\u017csamo\u015bci oraz\u00a0r\u00f3\u017cnice mi\u0119dzy partiami. &#13;\n<\/p>\n<p>&#13;<br \/>\n   Czytaj te\u017c:<br \/><a href=\"https:\/\/dorzeczy.pl\/opinie\/934702\/zurek-popsul-atmosfere-na-campusie-polska-gorzkie-slowa-o-koalicji.html\" rel=\"follow nofollow noopener\" data-schema=\"DORZECZY\" data-image=\"https:\/\/img.dorzeczy.pl\/_thumb\/32\/fa\/74xx1cb8a4b58d2af0df16ce9005.jpeg\" target=\"_blank\">Zimny prysznic na\u00a0imprezie Trzaskowskiego. \u017burek: Przepalili\u015bmy zapa\u0142 wygranych wybor\u00f3w<\/a>   Czytaj te\u017c:<br \/><a href=\"https:\/\/dorzeczy.pl\/opinie\/935785\/wspolna-lista-pis-i-rozwoju-plus-kaczynski-wskazal-zasadnicza-przeszkode.html\" rel=\"follow nofollow noopener\" data-schema=\"DORZECZY\" data-image=\"https:\/\/img.dorzeczy.pl\/_thumb\/47\/75\/4dexxxx51715b3369cb9b9d2b9d7.jpeg\" target=\"_blank\">Wsp\u00f3lna lista PiS i\u00a0Rozwoju Plus? Kaczy\u0144ski wskaza\u0142 zasadnicz\u0105 przeszkod\u0119<\/a>&#13;<\/p>\n","protected":false},"excerpt":{"rendered":"&#13; Je\u015bli nie\u00a0dojdzie do\u00a0skr\u00f3cenia kadencji parlamentu, wybory odb\u0119d\u0105 si\u0119 jesieni\u0105 2027 roku. SW Research na\u00a0zlecenie rp.pl zapyta\u0142 Polak\u00f3w,&hellip;\n","protected":false},"author":2,"featured_media":655425,"comment_status":"","ping_status":"","sticky":false,"template":"","format":"standard","meta":{"footnotes":"","_share_on_mastodon":"0"},"categories":[62713],"tags":[1345,98,3940,2464,49,102,367,22272,380,366,16477],"class_list":["post-655424","post","type-post","status-publish","format-standard","has-post-thumbnail","category-donald-tusk","tag-donald-tusk","tag-dorzeczy","tag-ko","tag-koalicja-obywatelska","tag-kraj","tag-opinie","tag-polacy","tag-poparcie","tag-rzad","tag-sondaz","tag-wybory-2027"],"share_on_mastodon":{"url":"https:\/\/pubeurope.com\/@pl\/117183558846584220","error":""},"_links":{"self":[{"href":"https:\/\/www.europesays.com\/pl\/wp-json\/wp\/v2\/posts\/655424","targetHints":{"allow":["GET"]}}],"collection":[{"href":"https:\/\/www.europesays.com\/pl\/wp-json\/wp\/v2\/posts"}],"about":[{"href":"https:\/\/www.europesays.com\/pl\/wp-json\/wp\/v2\/types\/post"}],"author":[{"embeddable":true,"href":"https:\/\/www.europesays.com\/pl\/wp-json\/wp\/v2\/users\/2"}],"replies":[{"embeddable":true,"href":"https:\/\/www.europesays.com\/pl\/wp-json\/wp\/v2\/comments?post=655424"}],"version-history":[{"count":0,"href":"https:\/\/www.europesays.com\/pl\/wp-json\/wp\/v2\/posts\/655424\/revisions"}],"wp:featuredmedia":[{"embeddable":true,"href":"https:\/\/www.europesays.com\/pl\/wp-json\/wp\/v2\/media\/655425"}],"wp:attachment":[{"href":"https:\/\/www.europesays.com\/pl\/wp-json\/wp\/v2\/media?parent=655424"}],"wp:term":[{"taxonomy":"category","embeddable":true,"href":"https:\/\/www.europesays.com\/pl\/wp-json\/wp\/v2\/categories?post=655424"},{"taxonomy":"post_tag","embeddable":true,"href":"https:\/\/www.europesays.com\/pl\/wp-json\/wp\/v2\/tags?post=655424"}],"curies":[{"name":"wp","href":"https:\/\/api.w.org\/{rel}","templated":true}]}}