{"id":655430,"date":"2026-08-30T08:45:19","date_gmt":"2026-08-30T08:45:19","guid":{"rendered":"https:\/\/www.europesays.com\/pl\/655430\/"},"modified":"2026-08-30T08:45:19","modified_gmt":"2026-08-30T08:45:19","slug":"jagiellonia-poznala-terminarz-ligi-europy-najpierw-wyjazd-do-grecji-sport-wiadomosci-bialystok-online-portal-miejski-bialystok-bialystok","status":"publish","type":"post","link":"https:\/\/www.europesays.com\/pl\/655430\/","title":{"rendered":"Jagiellonia pozna\u0142a terminarz Ligi Europy. Najpierw wyjazd do Grecji, Sport, Wiadomo\u015bci Bia\u0142ystok Online Portal Miejski Bia\u0142ystok (Bialystok)"},"content":{"rendered":"\n<p>            <img decoding=\"async\" class=\"art-figimg\" src=\"https:\/\/www.europesays.com\/pl\/wp-content\/uploads\/2026\/08\/150580-e.jpg\" width=\"375\" height=\"250\" alt=\"Jagiellonia pozna\u0142a terminarz Ligi Europy. Najpierw wyjazd do Grecji\" loading=\"lazy\" fetchpriority=\"high\"\/><br \/>\n            Fot: Marcin Gotlib\/Chorten Arena<\/p>\n<p class=\"art-lid\">Wiemy ju\u017c, jak wygl\u0105da terminarz spotka\u0144 fazy ligowej Ligi Europy w sezonie 2026\/2027. Przed \u017b\u00f3\u0142to-Czerwonymi osiem wymagaj\u0105cych mecz\u00f3w z rywalami z r\u00f3\u017cnych zak\u0105tk\u00f3w Starego Kontynentu. Inauguracyjny pojedynek Bia\u0142ostoczanie stocz\u0105 na wyje\u017adzie.<\/p>\n<p class=\"art-cont\">Przygod\u0119 w Lidze Europy Jagiellonia rozpocznie 16 wrze\u015bnia w Grecji. Rywalem zespo\u0142u z Bia\u0142egostoku b\u0119dzie Olympiacos Pireus, a pierwszy gwizdek rozbrzmi o godzinie 21.00.<\/p>\n<p>Niemal miesi\u0105c p\u00f3\u017aniej, bo 15 pa\u017adziernika, przy S\u0142onecznej Jagiellonia zmierzy si\u0119 z FC Ararat-Armenia. Nast\u0119pnie, 22 pa\u017adziernika, Bia\u0142ostoczanie ponownie zagraj\u0105 u siebie, tym razem podejmuj\u0105c belgijski RSC Anderlecht.<\/p>\n<p>Listopad up\u0142ynie natomiast pod znakiem dw\u00f3ch wyjazdowych pojedynk\u00f3w. Najpierw 5 listopada Jagiellonia zagra w Bu\u0142garii z Lewskim Sofia, a kolejnym przystankiem b\u0119dzie Anglia, gdzie 26 listopada \u017b\u00f3\u0142to-Czerwoni zmierz\u0105 si\u0119 z Sunderlandem.<\/p>\n<p>W grudniu do Bia\u0142egostoku przyjedzie natomiast Crystal Palace. Spotkanie z londy\u0144skim klubem zaplanowano dok\u0142adnie na 10 grudnia, a jego pocz\u0105tek wyznaczono na godzin\u0119 18.45.<\/p>\n<p>Dwa ostatnie mecze fazy ligowej Jagiellonia rozegra ju\u017c na pocz\u0105tku 2027 r. 21 stycznia przy S\u0142onecznej pojawi si\u0119 Olympique Lyon, kt\u00f3ry b\u0119dzie musia\u0142 stawi\u0107 czo\u0142a nie tylko Dumie Podlasia, ale i zimowej aurze, a tydzie\u0144 p\u00f3\u017aniej Bia\u0142ostoczanie zako\u0144cz\u0105 zmagania wyjazdowym spotkaniem z Viktori\u0105 Pilzno.<\/p>\n<p class=\"art-autimg\">\n<p>                            <img decoding=\"async\" class=\"art-autimgi\" src=\"https:\/\/www.europesays.com\/pl\/wp-content\/uploads\/2026\/08\/1788079518_467_avatar_1x.jpg\" alt=\"Rafa\u0142 \u017buk\" width=\"64\" height=\"64\" loading=\"lazy\"\/><\/p>\n<p class=\"art-autname\">Rafa\u0142 \u017buk<\/p>\n<p>rafal.zuk@bialystokonline.pl<\/p>\n<p>Przeczytaj tak\u017ce<\/p>\n<p>&#13;<br \/>\n&#13;<br \/>\n&#13;<br \/>\n<img loading=\"lazy\" decoding=\"async\" src=\"https:\/\/www.europesays.com\/pl\/wp-content\/uploads\/2026\/08\/1788079519_617_adlog.gif\" width=\"0\" height=\"0\" alt=\"\" style=\"width: 0px; height: 0px;\"\/><\/p>\n<p>Popularne dzisiaj<\/p>\n","protected":false},"excerpt":{"rendered":"Fot: Marcin Gotlib\/Chorten Arena Wiemy ju\u017c, jak wygl\u0105da terminarz spotka\u0144 fazy ligowej Ligi Europy w sezonie 2026\/2027. Przed&hellip;\n","protected":false},"author":2,"featured_media":655431,"comment_status":"","ping_status":"","sticky":false,"template":"","format":"standard","meta":{"footnotes":"","_share_on_mastodon":"0"},"categories":[51614],"tags":[2151,51731,113,51730,3754,51738,51735,4041,1096,1089,399,5809,127817,17334,51736,2921,5240,3840,51734,8736,1232,120,7116,17265,19285,42,5083,38,40,39,41,6309,1756,8815,38950,123,800,93583,4278,1323,51737,2879,253],"class_list":["post-655430","post","type-post","status-publish","format-standard","has-post-thumbnail","category-bialystok","tag-bialystok","tag-bialystokonline","tag-biznes","tag-bstok","tag-dom","tag-drobne","tag-firm","tag-firmy","tag-hotele","tag-imprezy","tag-informacje","tag-jagiellonia","tag-jagiellonia-poznala-terminarz-ligi-europy-najpierw-wyjazd-do-grecji","tag-katalog","tag-kina","tag-koncert","tag-liga-europy","tag-lokale","tag-miejski","tag-mieszkanie","tag-motoryzacja","tag-nauka","tag-ogloszenia","tag-on-line","tag-online","tag-pl","tag-podlasie","tag-poland","tag-polish","tag-polska","tag-polski","tag-portal","tag-praca","tag-repertuar","tag-rozklad","tag-rozrywka","tag-teatr","tag-terminarzsport","tag-turystyka","tag-uroda","tag-urzedy","tag-zakupy","tag-zdrowie"],"share_on_mastodon":{"url":"","error":"Validation failed: Text character limit of 500 exceeded"},"_links":{"self":[{"href":"https:\/\/www.europesays.com\/pl\/wp-json\/wp\/v2\/posts\/655430","targetHints":{"allow":["GET"]}}],"collection":[{"href":"https:\/\/www.europesays.com\/pl\/wp-json\/wp\/v2\/posts"}],"about":[{"href":"https:\/\/www.europesays.com\/pl\/wp-json\/wp\/v2\/types\/post"}],"author":[{"embeddable":true,"href":"https:\/\/www.europesays.com\/pl\/wp-json\/wp\/v2\/users\/2"}],"replies":[{"embeddable":true,"href":"https:\/\/www.europesays.com\/pl\/wp-json\/wp\/v2\/comments?post=655430"}],"version-history":[{"count":0,"href":"https:\/\/www.europesays.com\/pl\/wp-json\/wp\/v2\/posts\/655430\/revisions"}],"wp:featuredmedia":[{"embeddable":true,"href":"https:\/\/www.europesays.com\/pl\/wp-json\/wp\/v2\/media\/655431"}],"wp:attachment":[{"href":"https:\/\/www.europesays.com\/pl\/wp-json\/wp\/v2\/media?parent=655430"}],"wp:term":[{"taxonomy":"category","embeddable":true,"href":"https:\/\/www.europesays.com\/pl\/wp-json\/wp\/v2\/categories?post=655430"},{"taxonomy":"post_tag","embeddable":true,"href":"https:\/\/www.europesays.com\/pl\/wp-json\/wp\/v2\/tags?post=655430"}],"curies":[{"name":"wp","href":"https:\/\/api.w.org\/{rel}","templated":true}]}}