{"id":655506,"date":"2026-08-30T09:41:11","date_gmt":"2026-08-30T09:41:11","guid":{"rendered":"https:\/\/www.europesays.com\/pl\/655506\/"},"modified":"2026-08-30T09:41:11","modified_gmt":"2026-08-30T09:41:11","slug":"tuska-to-przejelo-tak-zareagowal-na-slowa-nawrockiego","status":"publish","type":"post","link":"https:\/\/www.europesays.com\/pl\/655506\/","title":{"rendered":"Tuska to przej\u0119\u0142o! Tak zareagowa\u0142 na s\u0142owa Nawrockiego"},"content":{"rendered":"<p data-v-01d4021f=\"\">Donald Tusk najwyra\u017aniej nie przeszed\u0142 oboj\u0119tnie obok s\u0142\u00f3w prezydenta Karola Nawrockiego o aferze Zondacrypto. Premier opublikowa\u0142 zdj\u0119cie g\u0142owy pa\u0144stwa z Rados\u0142awem Piesiewiczem i Andrzejem Dud\u0105, opatruj\u0105c je wymownym komentarzem: \u201eTu si\u0119 nie ma co \u015bmia\u0107, panowie\u2026\u201d.<\/p>\n<p class=\"isSelectedEnd\" data-v-01d4021f=\"\">Premier Donald Tusk i koalicja 13 grudnia nieudolnie pr\u00f3buj\u0105 \u0142\u0105czy\u0107 afer\u0119 wok\u00f3\u0142 gie\u0142dy kryptowalut Zondacrypto z prawic\u0105.<\/p>\n<p class=\"isSelectedEnd\" data-v-01d4021f=\"\">Prezydent zosta\u0142 zapytany o spraw\u0119 przez jednego z dziennikarzy w Juracie, gdzie odbywa si\u0119 wydarzenie skierowane do m\u0142odych \u2013 \u201ePrzysz\u0142o\u015b\u0107.pl\u201d.<\/p>\n<p class=\"isSelectedEnd\" data-v-01d4021f=\"\">Panie redaktorze, je\u015bli pan premier Donald Tusk uznaje, \u017ce jest to najwi\u0119ksza afera po 1989 roku, ma do tego oczywi\u015bcie pe\u0142ne prawo, ale to nie jest dobra informacja dla pana premiera. Przypominam, \u017ce pan premier odpowiada za polskie s\u0142u\u017cby. Przypominam, \u017ce to pan premier pozowa\u0142 z koszulk\u0105 Zondacrypto<\/p>\n<p class=\"isSelectedEnd\" data-v-01d4021f=\"\">\u2013 zauwa\u017cy\u0142 prezydent Karol Nawrocki, nawi\u0105zuj\u0105c zapewne do wydarzenia z lutego 2026 roku, gdy Donald Tusk otrzyma\u0142 pami\u0105tkow\u0105 koszulk\u0119 Lechii Gda\u0144sk z widocznym logo sponsora \u2013 gie\u0142dy kryptowalut Zondacrypto.<\/p>\n<p class=\"isSelectedEnd\" data-v-01d4021f=\"\">Przypominam, \u017ce to polskie s\u0142u\u017cby, za kt\u00f3re odpowiada pan premier, i minister koordynator s\u0142u\u017cb specjalnych odpowiadaj\u0105 za to, aby zabezpieczy\u0107 dobrobyt Polak\u00f3w<\/p>\n<p class=\"isSelectedEnd\" data-v-01d4021f=\"\">\u2013 doda\u0142.<\/p>\n<p>Tuska zabola\u0142o\u00a0<\/p>\n<p class=\"isSelectedEnd\" data-v-01d4021f=\"\">S\u0142owa te najwidoczniej mocno zabola\u0142y Donalda Tuska, kt\u00f3ry pr\u00f3bowa\u0142 zareagowa\u0107, udost\u0119pniaj\u0105c zdj\u0119cie prezydenta Karola Nawrockiego z by\u0142ym prezydentem Andrzejem Dud\u0105 oraz szefem PKOl Rados\u0142awem Piesiewiczem, kt\u00f3ry zosta\u0142 zatrzymany w zwi\u0105zku ze spraw\u0105 Zondacrypto.<\/p>\n<p class=\"isSelectedEnd\" data-v-01d4021f=\"\">Tu si\u0119 nie ma co \u015bmia\u0107, panowie\u2026<\/p>\n<p class=\"isSelectedEnd\" data-v-01d4021f=\"\">\u2013 napisa\u0142.<\/p>\n<p>Absurdalny pow\u00f3d ataku<\/p>\n<p data-v-01d4021f=\"\">Trudno jednak zrozumie\u0107 sens ataku Tuska. Co jest bowiem dziwnego w tym, \u017ce prezydenci widywali si\u0119 z prezesem Polskiego Komitetu Olimpijskiego? Wr\u0119cz dziwne by\u0142oby, gdyby takich relacji nie by\u0142o. Rados\u0142aw Piesiewicz, jako szef PKOl, mia\u0142 wiele okazji do spotka\u0144 zar\u00f3wno z Andrzejem Dud\u0105, jak i Karolem Nawrockim. Sam fakt, \u017ce politycy i przedstawiciele najwa\u017cniejszych instytucji pa\u0144stwowych pojawiaj\u0105 si\u0119 wsp\u00f3lnie podczas oficjalnych wydarze\u0144, nie stanowi przecie\u017c dowodu na jakiekolwiek nieprawid\u0142owo\u015bci.<\/p>\n<p data-v-01d4021f=\"\">as\/\u017ar. wPolityce.pl za X\u00a0<\/p>\n","protected":false},"excerpt":{"rendered":"Donald Tusk najwyra\u017aniej nie przeszed\u0142 oboj\u0119tnie obok s\u0142\u00f3w prezydenta Karola Nawrockiego o aferze Zondacrypto. Premier opublikowa\u0142 zdj\u0119cie g\u0142owy&hellip;\n","protected":false},"author":2,"featured_media":655507,"comment_status":"","ping_status":"","sticky":false,"template":"","format":"standard","meta":{"footnotes":"","_share_on_mastodon":"0"},"categories":[62713],"tags":[121116,1345,88380,127822,13347,72917,907,99789,4362,2462,1005,380,423,231,127821,123474,3654],"class_list":["post-655506","post","type-post","status-publish","format-standard","has-post-thumbnail","category-donald-tusk","tag-analizy-polityczne","tag-donald-tusk","tag-komentarze-polityczne","tag-kulisy-polityki","tag-opozycja","tag-partie-polityczne","tag-polityka","tag-polityka-krajowa","tag-polityka-zagraniczna","tag-polska-polityka","tag-prezydent","tag-rzad","tag-sejm","tag-sondaze","tag-wiadomosci-polityczne","tag-wpolityce-pl","tag-wybory"],"share_on_mastodon":{"url":"https:\/\/pubeurope.com\/@pl\/117183806687125650","error":""},"_links":{"self":[{"href":"https:\/\/www.europesays.com\/pl\/wp-json\/wp\/v2\/posts\/655506","targetHints":{"allow":["GET"]}}],"collection":[{"href":"https:\/\/www.europesays.com\/pl\/wp-json\/wp\/v2\/posts"}],"about":[{"href":"https:\/\/www.europesays.com\/pl\/wp-json\/wp\/v2\/types\/post"}],"author":[{"embeddable":true,"href":"https:\/\/www.europesays.com\/pl\/wp-json\/wp\/v2\/users\/2"}],"replies":[{"embeddable":true,"href":"https:\/\/www.europesays.com\/pl\/wp-json\/wp\/v2\/comments?post=655506"}],"version-history":[{"count":0,"href":"https:\/\/www.europesays.com\/pl\/wp-json\/wp\/v2\/posts\/655506\/revisions"}],"wp:featuredmedia":[{"embeddable":true,"href":"https:\/\/www.europesays.com\/pl\/wp-json\/wp\/v2\/media\/655507"}],"wp:attachment":[{"href":"https:\/\/www.europesays.com\/pl\/wp-json\/wp\/v2\/media?parent=655506"}],"wp:term":[{"taxonomy":"category","embeddable":true,"href":"https:\/\/www.europesays.com\/pl\/wp-json\/wp\/v2\/categories?post=655506"},{"taxonomy":"post_tag","embeddable":true,"href":"https:\/\/www.europesays.com\/pl\/wp-json\/wp\/v2\/tags?post=655506"}],"curies":[{"name":"wp","href":"https:\/\/api.w.org\/{rel}","templated":true}]}}