{"id":655522,"date":"2026-08-30T09:52:12","date_gmt":"2026-08-30T09:52:12","guid":{"rendered":"https:\/\/www.europesays.com\/pl\/655522\/"},"modified":"2026-08-30T09:52:12","modified_gmt":"2026-08-30T09:52:12","slug":"nowy-sklep-w-gdansku-juz-otwarty-polska-marka-wybrala-popularna-galerie-gdansk-trojmiasto-portal-miasta-gdanska","status":"publish","type":"post","link":"https:\/\/www.europesays.com\/pl\/655522\/","title":{"rendered":"Nowy sklep w Gda\u0144sku ju\u017c otwarty. Polska marka wybra\u0142a popularn\u0105 galeri\u0119 &#8211; Gda\u0144sk, Tr\u00f3jmiasto &#8211; Portal miasta Gda\u0144ska"},"content":{"rendered":"<p class=\"isSelectedEnd\">W czwartek, 27 sierpnia, w Galerii Przymorze w Gda\u0144sku rozpocz\u0105\u0142 dzia\u0142alno\u015b\u0107 nowy salon Ochnik. Polska marka wybra\u0142a lokal na pierwszym pi\u0119trze centrum, w s\u0105siedztwie Pepco.<\/p>\n<p>Nowy Ochnik w Gda\u0144sku. Salon otwarto przed niedziel\u0105 handlow\u0105<\/p>\n<p class=\"isSelectedEnd\">Otwarcie nowego salonu Ochnik w Gda\u0144sku przypad\u0142o na ko\u0144c\u00f3wk\u0119 wakacji. Dla klient\u00f3w Galerii Przymorze oznacza to kolejn\u0105 zmian\u0119 w ofercie centrum, a dla marki jest to nast\u0119pny krok w rozbudowie sieci sprzeda\u017cy. Nowy sklep znajduje si\u0119 na poziomie pierwszym. Lokalizacja w pobli\u017cu Pepco sprawia, \u017ce \u0142atwo znale\u017a\u0107 go podczas zakup\u00f3w. Marka postawi\u0142a przy tym na ofert\u0119 obejmuj\u0105c\u0105 kilka r\u00f3\u017cnych kategorii, dlatego nie jest to wy\u0142\u0105cznie miejsce dla os\u00f3b szukaj\u0105cych odzie\u017cy.<\/p>\n<p class=\"isSelectedEnd\">W sklepie dost\u0119pne s\u0105 mi\u0119dzy innymi kurtki, p\u0142aszcze, ubrania, torebki, dodatki i walizki. Mo\u017cna znale\u017a\u0107 tak\u017ce teczki, torby podr\u00f3\u017cne, portfele, r\u0119kawiczki oraz paski. To zestawienie sprawia, \u017ce w jednym salonie mo\u017cna skompletowa\u0107 zar\u00f3wno cz\u0119\u015b\u0107 garderoby, jak i dodatki czy wyposa\u017cenie potrzebne podczas wyjazdu.<\/p>\n<p>Co znajdziemy w nowym salonie Ochnik?<\/p>\n<p class=\"isSelectedEnd\">Ochnik od pewnego czasu rozwija format, w kt\u00f3rym kolekcje odzie\u017cowe s\u0105 prezentowane razem z ofert\u0105 galanteryjn\u0105 i podr\u00f3\u017cn\u0105. W praktyce przestrze\u0144 sklepu pozwala przej\u015b\u0107 od ubra\u0144 do akcesori\u00f3w bez konieczno\u015bci odwiedzania kilku r\u00f3\u017cnych punkt\u00f3w. W\u015br\u00f3d produkt\u00f3w znajduj\u0105 si\u0119 odzie\u017c sk\u00f3rzana i tekstylna, kurtki, p\u0142aszcze oraz dodatki, a tak\u017ce galanteria i baga\u017c. Marka oferuje mi\u0119dzy innymi torebki, teczki, torby podr\u00f3\u017cne i walizki.<\/p>\n<p class=\"isSelectedEnd\">W przypadku nowych oraz modernizowanych salon\u00f3w Ochnik stosowany jest koncept \u201eshop in shop\u201d. Jedna strefa przeznaczona jest na kolekcje odzie\u017cowe, druga natomiast na galanteri\u0119 i baga\u017c. Firma podkre\u015bla, \u017ce rozwi\u0105zanie ma u\u0142atwia\u0107 klientom poruszanie si\u0119 po sklepie i zapewnia\u0107 bardziej komfortowe zakupy.<\/p>\n<p class=\"isSelectedEnd\">Otwarcie w Galerii Przymorze przypad\u0142o r\u00f3wnie\u017c na moment, gdy w sklepach pojawiaj\u0105 si\u0119 kolekcje na ch\u0142odniejsz\u0105 cz\u0119\u015b\u0107 roku. W\u015br\u00f3d dost\u0119pnego asortymentu s\u0105 wi\u0119c produkty, kt\u00f3re mog\u0105 zainteresowa\u0107 osoby przygotowuj\u0105ce garderob\u0119 na jesie\u0144.<\/p>\n<p>30 procent rabatu tylko w dniu otwarcia<\/p>\n<p class=\"isSelectedEnd\">Pierwszy dzie\u0144 dzia\u0142alno\u015bci sklepu mia\u0142 dodatkowy akcent. Z okazji otwarcia Ochnik przygotowa\u0142 dla klient\u00f3w 30 procent rabatu na ca\u0142y nieprzeceniony asortyment. Oferta obowi\u0105zywa\u0142a wy\u0142\u0105cznie w czwartek, 27 sierpnia. By\u0142a to wi\u0119c promocja zwi\u0105zana z inauguracj\u0105 dzia\u0142alno\u015bci, a nie sta\u0142a obni\u017cka cen w nowym salonie. Dla marki akcja by\u0142a sposobem na przyci\u0105gni\u0119cie klient\u00f3w ju\u017c pierwszego dnia. Galeria Przymorze r\u00f3wnie\u017c zapowiada\u0142a otwarcie, zach\u0119caj\u0105c do odwiedzenia nowego sklepu.<\/p>\n<p>Galeria Przymorze ma nowego najemc\u0119<\/p>\n<p class=\"isSelectedEnd\">Galeria Przymorze dzia\u0142a w Gda\u0144sku od 2009 roku. Centrum znajduje si\u0119 przy ulicy Obro\u0144c\u00f3w Wybrze\u017ca i jest jednym z miejsc zakupowych wybieranych przez mieszka\u0144c\u00f3w Przymorza oraz okolicznych dzielnic. W obiekcie dzia\u0142a 68 sklep\u00f3w i punkt\u00f3w us\u0142ugowych. Klienci maj\u0105 r\u00f3wnie\u017c do dyspozycji oko\u0142o 1200 miejsc parkingowych, co jest istotne szczeg\u00f3lnie podczas wi\u0119kszych zakup\u00f3w. Jednym z charakterystycznych element\u00f3w galerii jest zielona \u015bciana o powierzchni oko\u0142o 100 metr\u00f3w kwadratowych. Centrum jest tak\u017ce przyjazne osobom odwiedzaj\u0105cym je z psami. Nowy Ochnik wpisuje si\u0119 w kolejne zmiany zachodz\u0105ce w galerii. Dla klient\u00f3w oznacza to przede wszystkim poszerzenie wyboru w kategorii mody i akcesori\u00f3w.<\/p>\n<p>Ochnik otwiera nowe sklepy i modernizuje starsze<\/p>\n<p class=\"isSelectedEnd\">Gda\u0144ski salon nie jest jedyn\u0105 now\u0105 inwestycj\u0105 marki w ostatnich miesi\u0105cach. Ochnik rozwija sie\u0107 sprzeda\u017cy zar\u00f3wno poprzez otwieranie nowych sklep\u00f3w, jak i modernizacj\u0119 ju\u017c dzia\u0142aj\u0105cych punkt\u00f3w. 2 maja firma otworzy\u0142a now\u0105 lokalizacj\u0119 w Galerii Glogovia w G\u0142ogowie. Salon ma 439 metr\u00f3w kwadratowych i zosta\u0142 przygotowany w koncepcji \u0142\u0105cz\u0105cej Ochnik oraz Ochnik Accessories. 9 maja marka otworzy\u0142a natomiast pierwszy salon w Jastrz\u0119biu Zdroju. Sklep powsta\u0142 w Galerii Zdr\u00f3j, obok salon\u00f3w Quiosque i Ry\u0142ko.<\/p>\n<p class=\"isSelectedEnd\">Przyk\u0142adem modernizacji jest z kolei salon w Focus Park w Rybniku. Przestrze\u0144 zosta\u0142a od\u015bwie\u017cona i dostosowana do aktualnych standard\u00f3w marki. Zmieniono mi\u0119dzy innymi aran\u017cacj\u0119 sklepu i spos\u00f3b prezentacji kolekcji. Kolejnym przyk\u0142adem rozwoju sieci jest warszawska Galeria M\u0142ociny. Po relokacji salon Ochnik zosta\u0142 tam przeniesiony do wi\u0119kszego lokalu na pierwszym pi\u0119trze. Otwarcie nowej przestrzeni zaplanowano na 28 sierpnia, dzie\u0144 po uruchomieniu sklepu w Gda\u0144sku.<\/p>\n<p>Polska marka ma ju\u017c ponad 35 lat<\/p>\n<p class=\"isSelectedEnd\">Ochnik rozpocz\u0105\u0142 dzia\u0142alno\u015b\u0107 w 1989 roku. Firma zosta\u0142a za\u0142o\u017cona przez braci Jacka i Cezarego Ochnik\u00f3w i przez ponad trzy dekady rozwin\u0119\u0142a si\u0119 z polskiego przedsi\u0119biorstwa rodzinnego w mark\u0119 dzia\u0142aj\u0105c\u0105 r\u00f3wnie\u017c poza granicami kraju. Jej oferta obejmuje dzi\u015b odzie\u017c, galanteri\u0119, obuwie oraz akcesoria podr\u00f3\u017cne. W\u015br\u00f3d produkt\u00f3w znajduj\u0105 si\u0119 mi\u0119dzy innymi kurtki, p\u0142aszcze, torebki, teczki, torby podr\u00f3\u017cne, portfele, r\u0119kawiczki, paski i walizki.<\/p>\n<p class=\"isSelectedEnd\">Ochnik prowadzi sklepy nie tylko w Polsce. Marka jest obecna tak\u017ce na rynkach zagranicznych, mi\u0119dzy innymi w Niemczech, Ukrainie i na S\u0142owacji. Sie\u0107 liczy obecnie ponad 140 salon\u00f3w w Polsce i za granic\u0105. Firma zapowiada dalsz\u0105 ekspansj\u0119 i w kolejnych latach chce zwi\u0119kszy\u0107 liczb\u0119 lokalizacji do oko\u0142o 160 salon\u00f3w, kt\u00f3rych \u0142\u0105czna powierzchnia ma wynie\u015b\u0107 oko\u0142o 50 tysi\u0119cy metr\u00f3w kwadratowych.<\/p>\n<p><img decoding=\"async\" data-not-lazy=\"\" alt=\"Maksymilian Zaj\u0105c - zdj\u0119cie autora\" class=\"rounded-circle article__author--image\" src=\"https:\/\/www.europesays.com\/pl\/wp-content\/uploads\/2026\/08\/1788083532_497_098d2f31-a863-4743-b171-063174f73b39.jpeg\"\/><a href=\"https:\/\/pulsgdanska.pl\/autor\/Vyr1348JBvT2VvAYFnEF\" rel=\"nofollow noopener\" target=\"_blank\">Maksymilian Zaj\u0105c<\/a><\/p>\n<p>Student Wydzia\u0142u Dziennikarstwa i Komunikacji Spo\u0142ecznej na Uniwersytecie SWPS w Warszawie, uko\u0144czy\u0142 r\u00f3wnie\u017c kierunek Bezpiecze\u0144stwo Wewn\u0119trzne na Uniwersytecie WSB Merito. Pierwsze kroki w dziennikarstwie stawia\u0142 w Radiu Gda\u0144sk, gdzie od 2024 roku pracowa\u0142 w dziale Wydarzenia. P\u00f3\u017aniej rozpocz\u0105\u0142 prac\u0119 w dzienniku i portalu Fakt. Od 2025 roku dziennikarz portalu PulsGdanska.pl.<\/p>\n","protected":false},"excerpt":{"rendered":"W czwartek, 27 sierpnia, w Galerii Przymorze w Gda\u0144sku rozpocz\u0105\u0142 dzia\u0142alno\u015b\u0107 nowy salon Ochnik. Polska marka wybra\u0142a lokal&hellip;\n","protected":false},"author":2,"featured_media":655523,"comment_status":"","ping_status":"","sticky":false,"template":"","format":"standard","meta":{"footnotes":"","_share_on_mastodon":"0"},"categories":[51610],"tags":[1048,127823,42,38,40,39,41,2676,2879],"class_list":["post-655522","post","type-post","status-publish","format-standard","has-post-thumbnail","category-gdansk","tag-gdansk","tag-gdansk-przymorze-wiadomosci","tag-pl","tag-poland","tag-polish","tag-polska","tag-polski","tag-sklepy","tag-zakupy"],"share_on_mastodon":{"url":"https:\/\/pubeurope.com\/@pl\/117183850841986622","error":""},"_links":{"self":[{"href":"https:\/\/www.europesays.com\/pl\/wp-json\/wp\/v2\/posts\/655522","targetHints":{"allow":["GET"]}}],"collection":[{"href":"https:\/\/www.europesays.com\/pl\/wp-json\/wp\/v2\/posts"}],"about":[{"href":"https:\/\/www.europesays.com\/pl\/wp-json\/wp\/v2\/types\/post"}],"author":[{"embeddable":true,"href":"https:\/\/www.europesays.com\/pl\/wp-json\/wp\/v2\/users\/2"}],"replies":[{"embeddable":true,"href":"https:\/\/www.europesays.com\/pl\/wp-json\/wp\/v2\/comments?post=655522"}],"version-history":[{"count":0,"href":"https:\/\/www.europesays.com\/pl\/wp-json\/wp\/v2\/posts\/655522\/revisions"}],"wp:featuredmedia":[{"embeddable":true,"href":"https:\/\/www.europesays.com\/pl\/wp-json\/wp\/v2\/media\/655523"}],"wp:attachment":[{"href":"https:\/\/www.europesays.com\/pl\/wp-json\/wp\/v2\/media?parent=655522"}],"wp:term":[{"taxonomy":"category","embeddable":true,"href":"https:\/\/www.europesays.com\/pl\/wp-json\/wp\/v2\/categories?post=655522"},{"taxonomy":"post_tag","embeddable":true,"href":"https:\/\/www.europesays.com\/pl\/wp-json\/wp\/v2\/tags?post=655522"}],"curies":[{"name":"wp","href":"https:\/\/api.w.org\/{rel}","templated":true}]}}