{"id":655548,"date":"2026-08-30T10:06:11","date_gmt":"2026-08-30T10:06:11","guid":{"rendered":"https:\/\/www.europesays.com\/pl\/655548\/"},"modified":"2026-08-30T10:06:11","modified_gmt":"2026-08-30T10:06:11","slug":"andrzej-wielowieyski-nie-zyje-odszedl-legendarny-dzialacz-opozycji","status":"publish","type":"post","link":"https:\/\/www.europesays.com\/pl\/655548\/","title":{"rendered":"Andrzej Wielowieyski nie \u017cyje. Odszed\u0142 legendarny dzia\u0142acz opozycji"},"content":{"rendered":"<p>Jak poda\u0142a &#8222;Gazeta Wyborcza&#8221;, z kt\u00f3r\u0105 zwi\u0105zana jest jego c\u00f3rka Dominika, Andrzej Wielowieyski odszed\u0142 w sobot\u0119, 29 sierpnia, w rodzinnym domu w warszawskiej Falenicy. By\u0142 otoczony rodzin\u0105.<\/p>\n<p>Dalszy ci\u0105g artyku\u0142u pod materia\u0142em wideo<\/p>\n<p>Wielowieyski urodzi\u0142 si\u0119 16 grudnia 1927 r. w Warszawie. W czasie okupacji niemieckiej od 1943 r. walczy\u0142 w oddziale partyzanckim Armii Krajowej. Po zako\u0144czeniu wojny by\u0142 cz\u0142onkiem Zwi\u0105zku M\u0142odzie\u017cy Wiejskiej RP &#8222;Wici&#8221;.<\/p>\n<p>W 1947 r. uko\u0144czy\u0142 studia na Wydziale Prawa Uniwersytetu Jagiello\u0144skiego. Pocz\u0105tkowo pracowa\u0142 w Ministerstwie Skarbu, a nast\u0119pnie w Ministerstwie Finans\u00f3w. W latach 1952-1955 by\u0142 zatrudniony w Dyrekcji Budowy Osiedli Robotniczych. P\u00f3\u017aniej, do 1961 r., pracowa\u0142 w Miejskiej Komisji Planowania Gospodarczego w Warszawie.<\/p>\n<p>Od 1961 r. do 1978 r. pracowa\u0142 w redakcji miesi\u0119cznika &#8222;Wi\u0119\u017a&#8221;. Przez wiele lat by\u0142 zwi\u0105zany z Klubem Inteligencji Katolickiej w Warszawie: od 1965 do 1972 r. by\u0142 jego wiceprezesem, a w latach 1972-1981 i 1984-1989 sekretarzem. By\u0142 tak\u017ce cz\u0142onkiem w\u0142adz mi\u0119dzynarodowego ruchu intelektualist\u00f3w katolickich &#8222;Pax Romana&#8221;.<\/p>\n<p>W 1980 r. pe\u0142ni\u0142 funkcj\u0119 eksperta Mi\u0119dzyzak\u0142adowego Komitetu Strajkowego w Stoczni Gda\u0144skiej, a nast\u0119pnie doradcy Komisji Krajowej NSZZ &#8222;Solidarno\u015b\u0107&#8221;. W 1981 r. zosta\u0142 powo\u0142any przez Krajow\u0105 Komisj\u0119 Porozumiewawcz\u0105 na kierownika ekspert\u00f3w &#8222;Solidarno\u015bci&#8221; zgrupowanych w ramach O\u015brodka Prac Spo\u0142eczno-Zawodowych. W latach 1981-1985 by\u0142 cz\u0142onkiem Prymasowskiej Rady Spo\u0142ecznej.<\/p>\n<p>Andrzej Wielowieyski by\u0142 doradc\u0105 Lecha Wa\u0142\u0119sy<\/p>\n<p>W 1983 r. zosta\u0142 doradc\u0105 Lecha Wa\u0142\u0119sy. Od 1987 r. doradza\u0142 Krajowej Komisji Wykonawczej. Wszed\u0142 w sk\u0142ad Komitetu Obywatelskiego przy przewodnicz\u0105cym NSZZ &#8222;Solidarno\u015b\u0107&#8221;.<\/p>\n<p>Odegra\u0142 bardzo istotn\u0105 rol\u0119 w rozmowach przygotowuj\u0105cych Okr\u0105g\u0142y St\u00f3\u0142. W trakcie jego obrad bra\u0142 udzia\u0142 w pracach zespo\u0142u do spraw gospodarki i polityki spo\u0142ecznej.<\/p>\n<p>W wyborach w czerwcu 1989 r. dosta\u0142 si\u0119 do Senatu jako kandydat Komitetu Obywatelskiego &#8222;Solidarno\u015b\u0107&#8221;. W Senacie I kadencji (1989-1991) pe\u0142ni\u0142 funkcj\u0119 wicemarsza\u0142ka oraz I wiceprzewodnicz\u0105cego Obywatelskiego Klubu Parlamentarnego (do 1990 r.).<\/p>\n<p>Andrzej Wielowieyski wspomina prze\u0142om 1989 r. Polska bez planu, ale z odwag\u0105<img class=\"ods-a-photo ods-a-photo--background\" src=\"https:\/\/www.europesays.com\/pl\/wp-content\/uploads\/2026\/08\/gUBk9lBaHR0cHM6Ly9vY2RuLmV1L3B1bHNjbXMvTURBXy8zMDhmZjM1NzYwZjZhMjEyNTQ5ODdlMTU2ZmViMmUwMi5qcGeRlQLNA.jpeg\" height=\"300\" width=\"450\" alt=\"Andrzej Wielowieyski\" loading=\"lazy\" fetchpriority=\"low\" decoding=\"async\"\/><\/p>\n<p>By\u0142 cz\u0142onkiem Ruchu Obywatelskiego \u2014 Akcja Demokratyczna (ROAD), p\u00f3\u017aniej Unii Demokratycznej i Unii Wolno\u015bci. W komisjach sejmowych zajmowa\u0142 si\u0119 g\u0142\u00f3wnie bud\u017cetem, sprawami gospodarczymi oraz samorz\u0105dem terytorialnym.<\/p>\n<p>Praca w Sejmie, Senacie i Parlamencie Europejskim<\/p>\n<p>W 2001 r. zosta\u0142 senatorem z listy Bloku &#8222;Senat 2001&#8221;. W latach 2003-2005 zasiada\u0142 w kole senackim Unii Wolno\u015bci, p\u00f3\u017aniej Partii Demokratycznej.<\/p>\n<p>W 2004 r. kandydowa\u0142 jako przedstawiciel Unii Wolno\u015bci do Parlamentu Europejskiego. Nie dosta\u0142 si\u0119, mimo \u017ce w okr\u0119gu warszawskim zaj\u0105\u0142 drug\u0105 pozycj\u0119 po Bronis\u0142awie Geremku. P\u00f3\u017aniej, r\u00f3wnie\u017c bez powodzenia, w 2005 r. startowa\u0142 do Senatu.<\/p>\n<p>Po \u015bmierci Bronis\u0142awa Geremka 13 lipca 2008 r. zaj\u0105\u0142 jego miejsce w Parlamencie Europejskim. Jako eurodeputowany nale\u017ca\u0142 do Grupy Porozumienia Libera\u0142\u00f3w i Demokrat\u00f3w na rzecz Europy. By\u0142 cz\u0142onkiem m.in. Komisji Spraw Zagranicznych i Komisji Spraw Konstytucyjnych.<\/p>\n<p>Andrzej Wielowieyski <a href=\"https:\/\/wiadomosci.onet.pl\/kraj\/prezydent-wreczyl-ordery-orla-bialego\/p86m5\" id=\"9daa4f91-9fec-44f0-a3e7-6671bdae48c9\" rel=\"nofollow noopener\" target=\"_blank\">w 2011 r. zosta\u0142 odznaczony przez prezydenta Bronis\u0142awa Komorowskiego Orderem Or\u0142a Bia\u0142ego.<\/a> Otrzyma\u0142 r\u00f3wnie\u017c Krzy\u017c Walecznych, Krzy\u017c Partyzancki, Srebrny Krzy\u017c Zas\u0142ugi z Mieczami, Krzy\u017c Komandorski Orderu Odrodzenia Polski i francuski Krzy\u017c Kawalerski Legii Honorowej.<\/p>\n","protected":false},"excerpt":{"rendered":"Jak poda\u0142a &#8222;Gazeta Wyborcza&#8221;, z kt\u00f3r\u0105 zwi\u0105zana jest jego c\u00f3rka Dominika, Andrzej Wielowieyski odszed\u0142 w sobot\u0119, 29 sierpnia,&hellip;\n","protected":false},"author":2,"featured_media":655549,"comment_status":"","ping_status":"","sticky":false,"template":"","format":"standard","meta":{"footnotes":"","_share_on_mastodon":"0"},"categories":[12],"tags":[127834,61195,32,33,36,37,27,49,34,35,28,31,48,25,46,42,38,40,6571,39,41,3689,47,423,5634,29,30,26],"class_list":["post-655548","post","type-post","status-publish","format-standard","has-post-thumbnail","category-polska","tag-andrzej_wielowieyski","tag-bottomfeed_styl","tag-breaking-news","tag-breakingnews","tag-featured-news","tag-featurednews","tag-headlines","tag-kraj","tag-latest-news","tag-latestnews","tag-naglowki","tag-najwazniejsze-artykuly","tag-nat_styl","tag-news","tag-omp","tag-pl","tag-poland","tag-polish","tag-polityka_politycy","tag-polska","tag-polski","tag-prl","tag-screening_general","tag-sejm","tag-senat_rp","tag-top-stories","tag-topstories","tag-wiadomosci"],"share_on_mastodon":{"url":"https:\/\/pubeurope.com\/@pl\/117183905970258609","error":""},"_links":{"self":[{"href":"https:\/\/www.europesays.com\/pl\/wp-json\/wp\/v2\/posts\/655548","targetHints":{"allow":["GET"]}}],"collection":[{"href":"https:\/\/www.europesays.com\/pl\/wp-json\/wp\/v2\/posts"}],"about":[{"href":"https:\/\/www.europesays.com\/pl\/wp-json\/wp\/v2\/types\/post"}],"author":[{"embeddable":true,"href":"https:\/\/www.europesays.com\/pl\/wp-json\/wp\/v2\/users\/2"}],"replies":[{"embeddable":true,"href":"https:\/\/www.europesays.com\/pl\/wp-json\/wp\/v2\/comments?post=655548"}],"version-history":[{"count":0,"href":"https:\/\/www.europesays.com\/pl\/wp-json\/wp\/v2\/posts\/655548\/revisions"}],"wp:featuredmedia":[{"embeddable":true,"href":"https:\/\/www.europesays.com\/pl\/wp-json\/wp\/v2\/media\/655549"}],"wp:attachment":[{"href":"https:\/\/www.europesays.com\/pl\/wp-json\/wp\/v2\/media?parent=655548"}],"wp:term":[{"taxonomy":"category","embeddable":true,"href":"https:\/\/www.europesays.com\/pl\/wp-json\/wp\/v2\/categories?post=655548"},{"taxonomy":"post_tag","embeddable":true,"href":"https:\/\/www.europesays.com\/pl\/wp-json\/wp\/v2\/tags?post=655548"}],"curies":[{"name":"wp","href":"https:\/\/api.w.org\/{rel}","templated":true}]}}