{"id":655556,"date":"2026-08-30T10:10:11","date_gmt":"2026-08-30T10:10:11","guid":{"rendered":"https:\/\/www.europesays.com\/pl\/655556\/"},"modified":"2026-08-30T10:10:11","modified_gmt":"2026-08-30T10:10:11","slug":"top-10-wiadomosci-tygodnia-eurocash-dino-zabka-biedronka-diageo-i-zmiany-szefow-aldi-stock-i-pepsico","status":"publish","type":"post","link":"https:\/\/www.europesays.com\/pl\/655556\/","title":{"rendered":"TOP 10 wiadomo\u015bci tygodnia: Eurocash, Dino, \u017babka, Biedronka, Diageo i zmiany szef\u00f3w Aldi, Stock i PepsiCo"},"content":{"rendered":"<p>Podniesienie prog\u00f3w PIT to dopiero pocz\u0105tek pakietu zmian podatkowych zapowiedzianych przez rz\u0105d. Jeszcze w tym tygodniu ma pojawi\u0107 si\u0119 kolejna propozycja dotycz\u0105ca podatku CIT. Przedsi\u0119biorcy musz\u0105 si\u0119 jednak liczy\u0107 nie tylko z potencjalnymi ulgami. Rz\u0105d zapowiada r\u00f3wnie\u017c ograniczenie rycza\u0142tu i wy\u017csze obci\u0105\u017cenia dla najwi\u0119kszych firm. Nad ca\u0142ym pakietem wisi dodatkowo polityczne ryzyko \u2013 przy dotychczasowej liczbie wet prezydenta Karola Nawrockiego trudno zak\u0142ada\u0107, \u017ce wszystkie rz\u0105dowe propozycje wejd\u0105 w \u017cycie bez przeszk\u00f3d.<\/p>\n<p>W tym artykule przeczytasz:<\/p>\n<p>\tKolejny ruch rz\u0105du ma dotyczy\u0107 CIT<br \/>\n\tNowe progi PIT to nie tylko zmiana dla pracownik\u00f3w<br \/>\n\tRz\u0105d podniesie te\u017c danin\u0119 solidarno\u015bciow\u0105<br \/>\n\tKwota wolna od podatku na razie od\u0142o\u017cona<br \/>\n\tNawrocki mo\u017ce zablokowa\u0107 zmiany<br \/>\n\tTo dopiero pocz\u0105tek podatkowego pakietu<\/p>\n<p>Rz\u0105d zaprezentowa\u0142 w \u015brod\u0119 pierwsz\u0105 cz\u0119\u015b\u0107 planowanych zmian w systemie podatkowym. Od 2027 roku\u00a0pr\u00f3g dochodowy, do kt\u00f3rego obowi\u0105zuje 12-procentowa stawka PIT, ma zosta\u0107 podniesiony ze 120 do 130 tys. z\u0142otych.\u00a0Dochody mi\u0119dzy 130 a 150 tys. z\u0142otych maj\u0105 by\u0107 obj\u0119te now\u0105 stawk\u0105 24 proc., a 32-procentowy PIT b\u0119dzie naliczany od nadwy\u017cki ponad 150 tys. z\u0142otych.<\/p>\n<p>Wed\u0142ug zapowiedzi na zmianach ma skorzysta\u0107 oko\u0142o 3,5 mln podatnik\u00f3w. Maksymalna korzy\u015b\u0107 dla podatnika ma wynie\u015b\u0107 3600 z\u0142otych rocznie. To jednak nie koniec zmian. Jak wynika z informacji przytaczanych przez Rzeczpospolit\u0105, kolejne propozycje dotycz\u0105ce podatk\u00f3w dla przedsi\u0119biorstw maj\u0105 zosta\u0107 przedstawione jeszcze w tym tygodniu.<\/p>\n<p>Kolejny ruch rz\u0105du ma dotyczy\u0107 CIT<\/p>\n<p>Najbli\u017csza propozycja ma dotyczy\u0107 podatku dochodowego od os\u00f3b prawnych. Szczeg\u00f3\u0142y nie zosta\u0142y jeszcze przedstawione, a rz\u0105d \u2013 wed\u0142ug informacji prasowych \u2013 chce najpierw uzyska\u0107 dok\u0142adne wyliczenia dotycz\u0105ce skutk\u00f3w proponowanych zmian.<\/p>\n<p>W przedstawionym ju\u017c pakiecie znalaz\u0142a si\u0119 jednak zapowied\u017a podwy\u017cszenia podstawowej stawki CIT z 19 do 22 proc. dla firm osi\u0105gaj\u0105cych ponad 50 mln euro rocznych przychod\u00f3w oraz podatkowych grup kapita\u0142owych.\u00a0<\/p>\n<p>\t\t\t\t<img decoding=\"async\" src=\"data:image\/png;base64,iVBORw0KGgoAAAANSUhEUgAAAAEAAAABCAYAAAAfFcSJAAAADUlEQVR42mNk+P+\/HgAFhAJ\/wlseKgAAAABJRU5ErkJggg==\"\/><\/p>\n","protected":false},"excerpt":{"rendered":"Podniesienie prog\u00f3w PIT to dopiero pocz\u0105tek pakietu zmian podatkowych zapowiedzianych przez rz\u0105d. Jeszcze w tym tygodniu ma pojawi\u0107&hellip;\n","protected":false},"author":2,"featured_media":655557,"comment_status":"","ping_status":"","sticky":false,"template":"","format":"standard","meta":{"footnotes":"","_share_on_mastodon":"0"},"categories":[52249],"tags":[4737,1528,127835,857,41997,25386,127837,42,38,40,39,41,127836,7883],"class_list":["post-655556","post","type-post","status-publish","format-standard","has-post-thumbnail","category-dino-polska","tag-aldi","tag-biedronka","tag-diageo","tag-dino","tag-dino-polska","tag-eurocash","tag-pepsico","tag-pl","tag-poland","tag-polish","tag-polska","tag-polski","tag-stock","tag-zabka"],"share_on_mastodon":{"url":"https:\/\/pubeurope.com\/@pl\/117183920338220787","error":""},"_links":{"self":[{"href":"https:\/\/www.europesays.com\/pl\/wp-json\/wp\/v2\/posts\/655556","targetHints":{"allow":["GET"]}}],"collection":[{"href":"https:\/\/www.europesays.com\/pl\/wp-json\/wp\/v2\/posts"}],"about":[{"href":"https:\/\/www.europesays.com\/pl\/wp-json\/wp\/v2\/types\/post"}],"author":[{"embeddable":true,"href":"https:\/\/www.europesays.com\/pl\/wp-json\/wp\/v2\/users\/2"}],"replies":[{"embeddable":true,"href":"https:\/\/www.europesays.com\/pl\/wp-json\/wp\/v2\/comments?post=655556"}],"version-history":[{"count":0,"href":"https:\/\/www.europesays.com\/pl\/wp-json\/wp\/v2\/posts\/655556\/revisions"}],"wp:featuredmedia":[{"embeddable":true,"href":"https:\/\/www.europesays.com\/pl\/wp-json\/wp\/v2\/media\/655557"}],"wp:attachment":[{"href":"https:\/\/www.europesays.com\/pl\/wp-json\/wp\/v2\/media?parent=655556"}],"wp:term":[{"taxonomy":"category","embeddable":true,"href":"https:\/\/www.europesays.com\/pl\/wp-json\/wp\/v2\/categories?post=655556"},{"taxonomy":"post_tag","embeddable":true,"href":"https:\/\/www.europesays.com\/pl\/wp-json\/wp\/v2\/tags?post=655556"}],"curies":[{"name":"wp","href":"https:\/\/api.w.org\/{rel}","templated":true}]}}