{"id":655594,"date":"2026-08-30T10:39:11","date_gmt":"2026-08-30T10:39:11","guid":{"rendered":"https:\/\/www.europesays.com\/pl\/655594\/"},"modified":"2026-08-30T10:39:11","modified_gmt":"2026-08-30T10:39:11","slug":"strzelanina-na-imprezie-techno-w-szwajcarii-trwa-policyjna-oblawa","status":"publish","type":"post","link":"https:\/\/www.europesays.com\/pl\/655594\/","title":{"rendered":"Strzelanina na imprezie techno w Szwajcarii. Trwa policyjna ob\u0142awa"},"content":{"rendered":"<p>&#8222;Trwa zakrojona na szerok\u0105 skal\u0119 akcja policyjna&#8221; \u2014 przekaza\u0142a policja kantonu Argowia na platformie X.<\/p>\n<p>Wed\u0142ug wst\u0119pnych ustale\u0144 ofiara \u015bmiertelna to 22-letnia kobieta, kt\u00f3ra zgin\u0119\u0142a na miejscu. Obra\u017cenia r\u00f3\u017cnego stopnia odnios\u0142y cztery osoby w wieku od 24 do 27 lat, kt\u00f3re zosta\u0142y przetransportowane do szpitala.<\/p>\n<p>Policja doda\u0142a, \u017ce wszystkie ofiary ataku to mieszka\u0144cy Szwajcarii. Podkre\u015bli\u0142a, \u017ce liczba ofiar mo\u017ce wzrosn\u0105\u0107.<\/p>\n<p>&#8222;Potencjalny motyw i dok\u0142adne okoliczno\u015bci przest\u0119pstwa pozostaj\u0105 na razie niejasne. Na miejsce skierowano znaczne si\u0142y i rozpocz\u0119to dochodzenie&#8221; \u2014 przekaza\u0142a policja kantonalna na platformie X.<\/p>\n<p>Jak poda\u0142 &#8222;Blick&#8221;, strza\u0142y pad\u0142y oko\u0142o godz. 3. Gazeta doda\u0142a, \u017ce w corocznej imprezie techno Aarauer Rave na torze wy\u015bcig\u00f3w konnych bra\u0142o udzia\u0142 oko\u0142o 3,5 tys. os\u00f3b.<\/p>\n<p>Strzelanina w Szwacjarii. &#8222;Kilka strza\u0142\u00f3w w kierunku du\u017cej grupy ludzi&#8221;<\/p>\n<p>&#8222;Nie jest jeszcze jasne, co dok\u0142adnie si\u0119 wydarzy\u0142o&#8221; \u2014 powiedzia\u0142a rzeczniczka policji Vanessa Rumpold. Wed\u0142ug jej relacji &#8222;oddano kilka strza\u0142\u00f3w w kierunku du\u017cej grupy ludzi&#8221;. Policja kantonalna radzi mieszka\u0144com, aby trzymali si\u0119 z daleka od tego miejsca, prawdopodobnie dlatego, \u017ce sprawca(cy) s\u0105 w trakcie ucieczki.<\/p>\n<p>Prawdziwy pow\u00f3d wizyty dyrektora CIA w Moskwie. &#8222;Rosjanie testuj\u0105 nie Warszaw\u0119, ale Waszyngton&#8221; [KOMENTARZ]<img class=\"ods-a-photo ods-a-photo--background\" src=\"https:\/\/www.europesays.com\/pl\/wp-content\/uploads\/2026\/08\/1788086351_674_1oyk9lBaHR0cHM6Ly9vY2RuLmV1L3B1bHNjbXMvTURBXy85YmQyYTA5OGY2NDkzMWNjNTFhZGIwNzY4ODgwMGFiNi5wbmeRlQLNA.jpeg\" height=\"249\" width=\"450\" alt=\"W\u0142adimir Putin\" loading=\"lazy\" fetchpriority=\"low\" decoding=\"async\"\/><\/p>\n<p>Szwajcarskie media cytuj\u0105 rozmowy ze \u015bwiadkami. Jedna kobieta pocz\u0105tkowo pomyli\u0142a strza\u0142y z fajerwerkami. Dopiero gdy kto\u015b krzykn\u0105\u0142 &#8222;wszyscy na ziemi\u0119!&#8221;, kobieta i inni uczestnicy imprezy schowali si\u0119 pod konsol\u0105 did\u017cejsk\u0105. Inni relacjonowali &#8222;nieustanne wycie syren&#8221;.<\/p>\n<p>Teren wok\u00f3\u0142 toru wy\u015bcig\u00f3w konnych jest obecnie ogrodzony przez policj\u0119. Na miejscu obecna jest r\u00f3wnie\u017c stra\u017c po\u017carna. Szwajcarska telewizja informuje r\u00f3wnie\u017c o wys\u0142aniu wojskowego \u015bmig\u0142owca Super Puma.<\/p>\n","protected":false},"excerpt":{"rendered":"&#8222;Trwa zakrojona na szerok\u0105 skal\u0119 akcja policyjna&#8221; \u2014 przekaza\u0142a policja kantonu Argowia na platformie X. Wed\u0142ug wst\u0119pnych ustale\u0144&hellip;\n","protected":false},"author":2,"featured_media":655595,"comment_status":"","ping_status":"","sticky":false,"template":"","format":"standard","meta":{"footnotes":"","_share_on_mastodon":"0"},"categories":[5],"tags":[61195,32,33,36,37,27,34,35,28,31,48,25,46,42,38,40,39,41,47,1277,80,2238,29,30,26],"class_list":["post-655594","post","type-post","status-publish","format-standard","has-post-thumbnail","category-naglowki","tag-bottomfeed_styl","tag-breaking-news","tag-breakingnews","tag-featured-news","tag-featurednews","tag-headlines","tag-latest-news","tag-latestnews","tag-naglowki","tag-najwazniejsze-artykuly","tag-nat_styl","tag-news","tag-omp","tag-pl","tag-poland","tag-polish","tag-polska","tag-polski","tag-screening_general","tag-strzelanina","tag-swiat","tag-szwajcaria","tag-top-stories","tag-topstories","tag-wiadomosci"],"share_on_mastodon":{"url":"","error":""},"_links":{"self":[{"href":"https:\/\/www.europesays.com\/pl\/wp-json\/wp\/v2\/posts\/655594","targetHints":{"allow":["GET"]}}],"collection":[{"href":"https:\/\/www.europesays.com\/pl\/wp-json\/wp\/v2\/posts"}],"about":[{"href":"https:\/\/www.europesays.com\/pl\/wp-json\/wp\/v2\/types\/post"}],"author":[{"embeddable":true,"href":"https:\/\/www.europesays.com\/pl\/wp-json\/wp\/v2\/users\/2"}],"replies":[{"embeddable":true,"href":"https:\/\/www.europesays.com\/pl\/wp-json\/wp\/v2\/comments?post=655594"}],"version-history":[{"count":0,"href":"https:\/\/www.europesays.com\/pl\/wp-json\/wp\/v2\/posts\/655594\/revisions"}],"wp:featuredmedia":[{"embeddable":true,"href":"https:\/\/www.europesays.com\/pl\/wp-json\/wp\/v2\/media\/655595"}],"wp:attachment":[{"href":"https:\/\/www.europesays.com\/pl\/wp-json\/wp\/v2\/media?parent=655594"}],"wp:term":[{"taxonomy":"category","embeddable":true,"href":"https:\/\/www.europesays.com\/pl\/wp-json\/wp\/v2\/categories?post=655594"},{"taxonomy":"post_tag","embeddable":true,"href":"https:\/\/www.europesays.com\/pl\/wp-json\/wp\/v2\/tags?post=655594"}],"curies":[{"name":"wp","href":"https:\/\/api.w.org\/{rel}","templated":true}]}}