{"id":655596,"date":"2026-08-30T10:40:13","date_gmt":"2026-08-30T10:40:13","guid":{"rendered":"https:\/\/www.europesays.com\/pl\/655596\/"},"modified":"2026-08-30T10:40:13","modified_gmt":"2026-08-30T10:40:13","slug":"tusk-wrogiem-klamstwa-blaszczak-mocno","status":"publish","type":"post","link":"https:\/\/www.europesays.com\/pl\/655596\/","title":{"rendered":"Tusk wrogiem k\u0142amstwa? B\u0142aszczak mocno!"},"content":{"rendered":"<p data-v-01d4021f=\"\">Donald Tusk m\u00f3wi\u0142 na Campusie Polska Przysz\u0142o\u015bci o politykach, kt\u00f3rzy bezczelnie k\u0142ami\u0105 i u\u017cywaj\u0105 si\u0142y. Mariusz B\u0142aszczak nie pozostawi\u0142 tych s\u0142\u00f3w bez odpowiedzi. By\u0142y szef MON stwierdzi\u0142, \u017ce premier w rzeczywisto\u015bci wystawi\u0142 diagnoz\u0119 samemu sobie. \u201ePos\u0142uguje si\u0119 manipulacjami, pos\u0142uguje si\u0119 k\u0142amstwem, pos\u0142uguje si\u0119 przemoc\u0105\u201d \u2013 powiedzia\u0142 B\u0142aszczak na antenie Telewizji wPolsce24.<\/p>\n<p class=\"isSelectedEnd\" data-v-01d4021f=\"\">Premier Donald Tusk, kt\u00f3ry znany jest z \u0142amania w\u0142asnych obietnic wyborczych i nag\u0142ych zmian zdania, jak cho\u0107by w sprawie zapory na granicy, podczas Campusu Rafa\u0142a Trzaskowskiego pr\u00f3bowa\u0142 lansowa\u0107 si\u0119 na&#8230; przeciwnika k\u0142amstw w polityce.<\/p>\n<p class=\"isSelectedEnd\" data-v-01d4021f=\"\">S\u0105 przyw\u00f3dcy \u015bwiatowi wielkiej rangi, kt\u00f3rzy potrafi\u0105 sk\u0142ama\u0107, jak niekt\u00f3rzy wyliczyli, tysi\u0105c razy w ci\u0105gu tygodnia czy miesi\u0105ca. Kiedy\u015b pojedyncze k\u0142amstwo dyskwalifikowa\u0142o w \u017cyciu publicznym. Z\u0142apano polityka na jednym k\u0142amstwie&#8230; Jezus Maria&#8230; wiecie, w og\u00f3le to koniec<\/p>\n<p class=\"isSelectedEnd\" data-v-01d4021f=\"\">\u2013 m\u00f3wi\u0142.<\/p>\n<p class=\"isSelectedEnd\" data-v-01d4021f=\"\">Jako zbiorowo\u015b\u0107, jako spo\u0142ecze\u0144stwo, mamy sk\u0142onno\u015b\u0107 do kapitulacji przed tym, kto k\u0142amie bezczelnie, i kto jest got\u00f3w u\u017cy\u0107 si\u0142y czy r\u00f3\u017cnych form przemocy<\/p>\n<p class=\"isSelectedEnd\" data-v-01d4021f=\"\">\u2013 opowiada\u0142.<\/p>\n<p>Manipulacje i k\u0142amstwa\u00a0<\/p>\n<p class=\"isSelectedEnd\" data-v-01d4021f=\"\">S\u0142owa te skomentowa\u0142 na antenie Telewizji wPolsce24 Mariusz B\u0142aszczak, by\u0142y minister obrony narodowej i szef klubu PiS.<\/p>\n<p class=\"isSelectedEnd\" data-v-01d4021f=\"\">M\u00f3wi\u0142 o sobie, chocia\u017c oczywi\u015bcie ubiera\u0142 to w inny kontekst, ale tak naprawd\u0119 jest to najlepsze podsumowanie rz\u0105d\u00f3w Donalda Tuska, zar\u00f3wno tych pierwszych z lat 2007\u20132015, jak i tych obecnych. Taki jest Donald Tusk. Kiedy spojrzy w lustro, to taki obraz siebie ogl\u0105da<\/p>\n<p class=\"isSelectedEnd\" data-v-01d4021f=\"\">\u2013 powiedzia\u0142.<\/p>\n<p class=\"isSelectedEnd\" data-v-01d4021f=\"\">Pos\u0142uguje si\u0119 manipulacjami, pos\u0142uguje si\u0119 k\u0142amstwem, pos\u0142uguje si\u0119 przemoc\u0105, bo przejmowanie czy to telewizji publicznej, medi\u00f3w publicznych, czy to prokuratury, zapowied\u017a przej\u0119cia teraz przemoc\u0105 Trybuna\u0142u Konstytucyjnego, to jest w\u0142a\u015bnie symbol rz\u0105d\u00f3w Donalda Tuska<\/p>\n<p class=\"isSelectedEnd\" data-v-01d4021f=\"\">\u2013 wskaza\u0142.<\/p>\n<p>Tusk boi si\u0119 medi\u00f3w\u00a0<\/p>\n<p class=\"isSelectedEnd\" data-v-01d4021f=\"\">Mariusz B\u0142aszczak zabra\u0142 g\u0142os tak\u017ce na temat sprawy niewpuszczenia Telewizji wPolsce24 na Campus Polska Przysz\u0142o\u015bci Rafa\u0142a Trzaskowskiego.<\/p>\n<p class=\"isSelectedEnd\" data-v-01d4021f=\"\">Donald Tusk boi si\u0119 uczciwych medi\u00f3w. Boi si\u0119 medi\u00f3w, kt\u00f3re patrz\u0105 mu na r\u0119ce. Dlatego Telewizja wPolsce24 nie zosta\u0142a wpuszczona, co jest oczywi\u015bcie nadu\u017cyciem, co jest dzia\u0142aniem sprzecznym z elementarnymi zasadami, sprzecznym z prawem obowi\u0105zuj\u0105cym w Polsce<\/p>\n<p data-v-01d4021f=\"\">\u2013 podsumowa\u0142.<\/p>\n<p data-v-01d4021f=\"\">as\/\u017ar. wPolityce.pl za wPolsce24\u00a0<\/p>\n","protected":false},"excerpt":{"rendered":"Donald Tusk m\u00f3wi\u0142 na Campusie Polska Przysz\u0142o\u015bci o politykach, kt\u00f3rzy bezczelnie k\u0142ami\u0105 i u\u017cywaj\u0105 si\u0142y. Mariusz B\u0142aszczak nie&hellip;\n","protected":false},"author":2,"featured_media":655597,"comment_status":"","ping_status":"","sticky":false,"template":"","format":"standard","meta":{"footnotes":"","_share_on_mastodon":"0"},"categories":[62713],"tags":[121116,1345,88380,127822,13347,72917,907,99789,4362,2462,1005,380,423,231,127821,123474,3654],"class_list":["post-655596","post","type-post","status-publish","format-standard","has-post-thumbnail","category-donald-tusk","tag-analizy-polityczne","tag-donald-tusk","tag-komentarze-polityczne","tag-kulisy-polityki","tag-opozycja","tag-partie-polityczne","tag-polityka","tag-polityka-krajowa","tag-polityka-zagraniczna","tag-polska-polityka","tag-prezydent","tag-rzad","tag-sejm","tag-sondaze","tag-wiadomosci-polityczne","tag-wpolityce-pl","tag-wybory"],"share_on_mastodon":{"url":"","error":""},"_links":{"self":[{"href":"https:\/\/www.europesays.com\/pl\/wp-json\/wp\/v2\/posts\/655596","targetHints":{"allow":["GET"]}}],"collection":[{"href":"https:\/\/www.europesays.com\/pl\/wp-json\/wp\/v2\/posts"}],"about":[{"href":"https:\/\/www.europesays.com\/pl\/wp-json\/wp\/v2\/types\/post"}],"author":[{"embeddable":true,"href":"https:\/\/www.europesays.com\/pl\/wp-json\/wp\/v2\/users\/2"}],"replies":[{"embeddable":true,"href":"https:\/\/www.europesays.com\/pl\/wp-json\/wp\/v2\/comments?post=655596"}],"version-history":[{"count":0,"href":"https:\/\/www.europesays.com\/pl\/wp-json\/wp\/v2\/posts\/655596\/revisions"}],"wp:featuredmedia":[{"embeddable":true,"href":"https:\/\/www.europesays.com\/pl\/wp-json\/wp\/v2\/media\/655597"}],"wp:attachment":[{"href":"https:\/\/www.europesays.com\/pl\/wp-json\/wp\/v2\/media?parent=655596"}],"wp:term":[{"taxonomy":"category","embeddable":true,"href":"https:\/\/www.europesays.com\/pl\/wp-json\/wp\/v2\/categories?post=655596"},{"taxonomy":"post_tag","embeddable":true,"href":"https:\/\/www.europesays.com\/pl\/wp-json\/wp\/v2\/tags?post=655596"}],"curies":[{"name":"wp","href":"https:\/\/api.w.org\/{rel}","templated":true}]}}