{"id":655612,"date":"2026-08-30T10:53:15","date_gmt":"2026-08-30T10:53:15","guid":{"rendered":"https:\/\/www.europesays.com\/pl\/655612\/"},"modified":"2026-08-30T10:53:15","modified_gmt":"2026-08-30T10:53:15","slug":"olimpia-zambrow-widzew-ii-lodz-na-zywo-wynik-i-relacja-live-30-08-2026","status":"publish","type":"post","link":"https:\/\/www.europesays.com\/pl\/655612\/","title":{"rendered":"Olimpia Zambr\u00f3w &#8211; Widzew II \u0141\u00f3d\u017a na \u017cywo. Wynik i relacja LIVE (30.08.2026)"},"content":{"rendered":"<p>\t\t\t\t        <img loading=\"lazy\" decoding=\"async\" src=\"https:\/\/www.europesays.com\/pl\/wp-content\/uploads\/2026\/08\/transmisja-55256-1787733752-list_item_1000_107434.jpg\" alt=\"Olimpia Zambr\u00f3w - Widzew II \u0141\u00f3d\u017a na \u017cywo. Wynik i relacja LIVE, 30.08.2026\" width=\"900\" height=\"600\"\/><\/p>\n<p>Olimpia Zambr\u00f3w &#8211; Widzew II \u0141\u00f3d\u017a na \u017cywo. Wynik i relacja LIVE, 30.08.2026<\/p>\n<p style=\"text-align: justify;\">Olimpia Zambr\u00f3w i Widzew II \u0141\u00f3d\u017a zmierz\u0105 si\u0119 w niedziel\u0119, 30 sierpnia 2026 roku o godz. 16:00. W centrum meczowym PodkarpacieLIVE znajdziesz aktualny wynik oraz dost\u0119pne informacje zwi\u0105zane ze spotkaniem.<\/p>\n<p>Olimpia Zambr\u00f3w &#8211; Widzew II \u0141\u00f3d\u017a: wynik i relacja LIVE<\/p>\n<p style=\"text-align: justify;\">Relacja na \u017cywo z meczu Olimpia Zambr\u00f3w &#8211; Widzew II \u0141\u00f3d\u017a pozwoli na bie\u017c\u0105co sprawdza\u0107 aktualny wynik spotkania. W centrum meczowym mog\u0105 pojawia\u0107 si\u0119 r\u00f3wnie\u017c inne dost\u0119pne informacje zwi\u0105zane z rywalizacj\u0105.<\/p>\n<p style=\"text-align: justify;\">W trakcie gry na stronie meczu sprawdzisz wynik online, a gdy dane b\u0119d\u0105 dost\u0119pne, tak\u017ce przebieg meczu, strzelc\u00f3w czy sk\u0142ady.<\/p>\n<p style=\"text-align: justify;\">Przed startem warto por\u00f3wna\u0107 ostatnie wyst\u0119py obu zespo\u0142\u00f3w. Forma dru\u017cyn Olimpia Zambr\u00f3w i Widzew II \u0141\u00f3d\u017a daje szybki obraz dyspozycji przed bezpo\u015brednim starciem.<\/p>\n<p><a href=\"https:\/\/www.podkarpacielive.pl\/statystyki\/862,olimpia-zambrow?sezon=21\" class=\"rlive-teamcard__link\" rel=\"nofollow noopener\" target=\"_blank\"><img src=\"https:\/\/www.europesays.com\/pl\/wp-content\/uploads\/2026\/08\/1788087194_92_olimpia_zambrow_1785188844.gif\" alt=\"\" class=\"team-hero-preview__crest\" width=\"40\" height=\"40\" loading=\"lazy\" decoding=\"async\"\/><\/a>FormaTrwa seria: 2 wygrane z rz\u0119du<\/p>\n<p class=\"team-hero-preview__form-summary\">3 wygrane \u00b7 0 remisy \u00b7 2 pora\u017cki<\/p>\n<p class=\"team-hero-preview__winpct team-hero-preview__winpct--mid\">Zdobyli 9 z 15 mo\u017cliwych punkt\u00f3w w ostatnich 5 meczach \u00b7 60% wygranych<\/p>\n<p>Bilans sezonu 2026\/2027<\/p>\n<p>9Punkty<\/p>\n<p>5Mecze<\/p>\n<p>13-11Bramki<\/p>\n<p>+2Bilans bramkowy<\/p>\n<p>3 wygrane (60%)<\/p>\n<p>2 pora\u017cki (40%)<\/p>\n<p>\u00a0Wygrane\u00a0Remisy\u00a0Pora\u017cki<\/p>\n<p><a href=\"https:\/\/www.podkarpacielive.pl\/statystyki\/1280,widzew-ii-lodz?sezon=21\" class=\"rlive-teamcard__link\" rel=\"nofollow noopener\" target=\"_blank\"><img src=\"https:\/\/www.europesays.com\/pl\/wp-content\/uploads\/2026\/08\/1788087195_478_widzew_1784132861.gif\" alt=\"\" class=\"team-hero-preview__crest\" width=\"40\" height=\"40\" loading=\"lazy\" decoding=\"async\"\/><\/a>FormaTrwa seria: 3 mecze bez pora\u017cki<\/p>\n<p class=\"team-hero-preview__form-summary\">3 wygrane \u00b7 1 remis \u00b7 1 pora\u017cka<\/p>\n<p class=\"team-hero-preview__winpct team-hero-preview__winpct--mid\">Zdobyli 10 z 15 mo\u017cliwych punkt\u00f3w w ostatnich 5 meczach \u00b7 60% wygranych<\/p>\n<p>Bilans sezonu 2026\/2027<\/p>\n<p>10Punkty<\/p>\n<p>5Mecze<\/p>\n<p>11-3Bramki<\/p>\n<p>+8Bilans bramkowy<\/p>\n<p>3 wygrane (60%)<\/p>\n<p>1 remis (20%)<\/p>\n<p>1 pora\u017cka (20%)<\/p>\n<p>\u00a0Wygrane\u00a0Remisy\u00a0Pora\u017cki<\/p>\n<p style=\"text-align: justify;\">Por\u00f3wnanie ostatnich wynik\u00f3w pokazuje, z jakim bilansem oba zespo\u0142y przyst\u0119puj\u0105 do meczu. Forma dru\u017cyn Olimpia Zambr\u00f3w i Widzew II \u0141\u00f3d\u017a obejmuje seri\u0119 mecz\u00f3w, punkty zebrane w oknie formy oraz bilans bramkowy.<\/p>\n<p style=\"text-align: justify;\">Takie zestawienie pomaga oceni\u0107, kt\u00f3ra dru\u017cyna wchodzi w spotkanie w lepszej dyspozycji, ale o wyniku i tak zdecyduje gra na boisku.<\/p>\n<p style=\"text-align: justify;\">Poni\u017cej przejdziesz bezpo\u015brednio do strony spotkania, by \u015bledzi\u0107 wynik na \u017cywo meczu Olimpia Zambr\u00f3w &#8211; Widzew II \u0141\u00f3d\u017a.<\/p>\n<p style=\"text-align: center; margin: 18px 0;\"><a href=\"https:\/\/www.podkarpacielive.pl\/mecz\/154209,olimpia-zambrow-vs-widzew-ii-lodz\" style=\"display:inline-block;background:#318223;color:#fff;font-weight:700;text-decoration:none;padding:12px 22px;border-radius:4px;\" rel=\"nofollow noopener\" target=\"_blank\">\u015aled\u017a wynik i relacj\u0119 na \u017cywo<\/a><\/p>\n<p>Stopka meczowa #154209<\/p>\n<p style=\"text-align: justify;\">Aktualny wynik oraz przebieg meczu Olimpia Zambr\u00f3w &#8211; Widzew II \u0141\u00f3d\u017a znajdziesz w centrum meczowym PodkarpacieLIVE.<\/p>\n<p style=\"text-align: justify;\">Zapisz stron\u0119 meczu albo wracaj do niej z tej zapowiedzi. To jeden sta\u0142y adres do sprawdzania wynik\u00f3w na \u017cywo.<\/p>\n<p style=\"text-align: justify;\">Sprawd\u017a r\u00f3wnie\u017c: <a href=\"https:\/\/www.podkarpacielive.pl\/wyniki-na-zywo\" rel=\"nofollow noopener\" target=\"_blank\">wyniki na \u017cywo<\/a>, <a href=\"https:\/\/www.podkarpacielive.pl\/transmisje\" rel=\"nofollow noopener\" target=\"_blank\">transmisje na \u017cywo<\/a> oraz <a href=\"https:\/\/www.podkarpacielive.pl\/mecze-dzisiaj\" rel=\"nofollow noopener\" target=\"_blank\">mecze dzisiaj<\/a>.<\/p>\n","protected":false},"excerpt":{"rendered":"Olimpia Zambr\u00f3w &#8211; Widzew II \u0141\u00f3d\u017a na \u017cywo. Wynik i relacja LIVE, 30.08.2026 Olimpia Zambr\u00f3w i Widzew II&hellip;\n","protected":false},"author":2,"featured_media":655613,"comment_status":"","ping_status":"","sticky":false,"template":"","format":"standard","meta":{"footnotes":"","_share_on_mastodon":"0"},"categories":[51608],"tags":[51458,70056,70057,70055,70060,2449,3652,30321,269,42,8135,70059,38,40,39,41,57780,1838,131,127,70061,6743,14763,63331,57619,26654,24505,70058,174],"class_list":["post-655612","post","type-post","status-publish","format-standard","has-post-thumbnail","category-lodz","tag-2-liga","tag-3-liga-grupa-iv","tag-4-liga-podkarpacka","tag-asseco-resovia","tag-developres-rzeszow","tag-koszykowka","tag-lodz","tag-miasto-szkla-krosno","tag-pilka-nozna","tag-pl","tag-podkarpacie","tag-podkarpacki-sport","tag-poland","tag-polish","tag-polska","tag-polski","tag-relacje-live","tag-siarka-tarnobrzeg","tag-siatkowka","tag-sport","tag-spr-stal-mielec","tag-stal-mielec","tag-stal-rzeszow","tag-transmisje-na-zywo","tag-wilki-krosno","tag-wisloka-debica","tag-wyniki-na-zywo","tag-wyniki-pilka-podkarpacie","tag-zuzel"],"share_on_mastodon":{"url":"https:\/\/pubeurope.com\/@pl\/117184089598991711","error":""},"_links":{"self":[{"href":"https:\/\/www.europesays.com\/pl\/wp-json\/wp\/v2\/posts\/655612","targetHints":{"allow":["GET"]}}],"collection":[{"href":"https:\/\/www.europesays.com\/pl\/wp-json\/wp\/v2\/posts"}],"about":[{"href":"https:\/\/www.europesays.com\/pl\/wp-json\/wp\/v2\/types\/post"}],"author":[{"embeddable":true,"href":"https:\/\/www.europesays.com\/pl\/wp-json\/wp\/v2\/users\/2"}],"replies":[{"embeddable":true,"href":"https:\/\/www.europesays.com\/pl\/wp-json\/wp\/v2\/comments?post=655612"}],"version-history":[{"count":0,"href":"https:\/\/www.europesays.com\/pl\/wp-json\/wp\/v2\/posts\/655612\/revisions"}],"wp:featuredmedia":[{"embeddable":true,"href":"https:\/\/www.europesays.com\/pl\/wp-json\/wp\/v2\/media\/655613"}],"wp:attachment":[{"href":"https:\/\/www.europesays.com\/pl\/wp-json\/wp\/v2\/media?parent=655612"}],"wp:term":[{"taxonomy":"category","embeddable":true,"href":"https:\/\/www.europesays.com\/pl\/wp-json\/wp\/v2\/categories?post=655612"},{"taxonomy":"post_tag","embeddable":true,"href":"https:\/\/www.europesays.com\/pl\/wp-json\/wp\/v2\/tags?post=655612"}],"curies":[{"name":"wp","href":"https:\/\/api.w.org\/{rel}","templated":true}]}}