{"id":655638,"date":"2026-08-30T11:10:12","date_gmt":"2026-08-30T11:10:12","guid":{"rendered":"https:\/\/www.europesays.com\/pl\/655638\/"},"modified":"2026-08-30T11:10:12","modified_gmt":"2026-08-30T11:10:12","slug":"sprawa-zondacrypto-doradca-prezydenta-nawrockiego-to-afera-donalda-tuska","status":"publish","type":"post","link":"https:\/\/www.europesays.com\/pl\/655638\/","title":{"rendered":"Sprawa Zondacrypto. Doradca prezydenta Nawrockiego: To afera Donalda Tuska"},"content":{"rendered":"\n<p>&#13;<br \/>\nPrezydent Karol Nawrocki zawetowa\u0142 w\u00a0czerwcu br. trzy ustawy w\u00a0tym projekt dot. kryptowalut. Jak twierdzi\u0142, zawetowana przez niego ustawa o\u00a0kryptowalutach zawiera przepisy budz\u0105ce powa\u017cne w\u0105tpliwo\u015bci. Decyzja prezydenta oznacza\u0142a kolejne, ju\u017c trzecie, weto w\u00a0kwestii kryptowalut. &#13;\n<\/p>\n<p>&#13;<br \/>\n<a href=\"https:\/\/dorzeczy.pl\/opinie\/899671\/tusk-atakuje-nawrockiego-chodzi-o-weto-ws-kryptowalut.html\" rel=\"nofollow noopener\" target=\"_blank\">Donald Tusk nie\u00a0kry\u0142 rozczarowania<\/a> postaw\u0105 g\u0142owy pa\u0144stwa. Premier skrytykowa\u0142 Nawrockiego i\u00a0stwierdzi\u0142, \u017ce\u00a0prezydent jest &#8222;uwik\u0142any&#8221; w\u00a0spraw\u0119 kryptowalut. &#13;\n<\/p>\n<p>&#13;<br \/>\n&#8222;Brzmi niewiarygodnie, ale\u00a0prezydent zn\u00f3w zawetowa\u0142 ustaw\u0119 o\u00a0kryptowalutach. Jest w\u00a0to chyba bardziej uwik\u0142any, ni\u017c\u00a0wszyscy my\u015bleli&#8221; \u2013\u00a0napisa\u0142 Donald Tusk w\u00a0mediach spo\u0142eczno\u015bciowych. &#13;\n<\/p>\n<p>Doradca prezydenta o\u00a0Zondacrypto: Festiwal imposybilizmu<\/p>\n<p>&#13;<br \/>\nTymczasem afera zwi\u0105zana z\u00a0funkcjonowaniem gie\u0142dy kryptowalut Zondacrypto zatacza coraz szersze kr\u0119gi. Sprawa by\u0142a przedmiotem burzliwej dyskusji w\u00a0niedziel\u0119 na\u00a0antenie Polsat News. &#13;\n<\/p>\n<p>&#13;<br \/>\nPolityk Polski 2050 Ewa Sch\u00e4dler powiedzia\u0142a, \u017ce\u00a0by\u0142y szef BBN S\u0142awomir Cenckiewicz odradza\u0142 zaanga\u017cowanie w\u00a0spraw\u0119 Zondacrypto prawej stronie sceny politycznej. \u2013\u00a0\u017beby\u015bcie zostawili pana Krala, ca\u0142\u0105 spraw\u0119 i\u00a0nie korzystali z\u00a0jego pieni\u0119dzy \u2013\u00a0powiedzia\u0142a, zwracaj\u0105c si\u0119 do\u00a0doradcy prezydenta Karola Nawrockiego, S\u0142awomira Mazurka. &#13;\n<\/p>\n<p>&#13;<br \/>\nMazurek odpowiedzia\u0142 natomiast, \u017ce\u00a0w\u00a0sprawie Zondacrypto, podczas rz\u0105d\u00f3w obecnej w\u0142adzy, przez dwa i\u00a0p\u00f3\u0142 roku mieli\u015bmy do\u00a0czynienia z\u00a0&#8222;festiwalem imposybilizmu&#8221;. \u2013\u00a0Nic nie\u00a0zrobiono, nie\u00a0by\u0142o \u017cadnej informacji. RCB nas informuje, \u017ce\u00a0b\u0119dzie z\u0142y stan powietrzna, a\u00a0KNF nie\u00a0by\u0142a w\u00a0stanie wci\u0105gn\u0105\u0107 Zondacrypto na\u00a0list\u0119 ostrze\u017ce\u0144 \u2013\u00a0powiedzia\u0142 doradca Nawrockiego. Jak oceni\u0142, sprawa jest &#8222;afer\u0105 Donalda Tuska&#8221;. &#13;\n<\/p>\n<p>&#13;<br \/>\nNa jego s\u0142owa zareagowa\u0142 europose\u0142 Koalicji Obywatelskiej Micha\u0142 Szczerba. Deputowany do\u00a0PE powiedzia\u0142, \u017ce\u00a0Karol Nawrocki i\u00a0jego sztab w\u00a02025 roku &#8222;wyci\u0105gali \u0142ap\u0119 razem z\u00a0lud\u017ami Republiki, kt\u00f3ra mia\u0142a by\u0107 kupiona przez Krala&#8221;. \u2013\u00a0Chcia\u0142 zainwestowa\u0107 w\u00a0wasze \u015brodowisko \u2013\u00a0doda\u0142 polityk. &#13;\n<\/p>\n<p>&#13;<br \/>\n   Czytaj te\u017c:<br \/><a href=\"https:\/\/dorzeczy.pl\/opinie\/935860\/afera-zondacrypto-szczerba-do-prawicy-wyciagneliscie-lape-w-kierunku-krala.html\" rel=\"follow nofollow noopener\" data-schema=\"DORZECZY\" data-image=\"https:\/\/img.dorzeczy.pl\/_thumb\/12\/1x\/x45e4f5a67c898c68687eeb6fdfb.jpeg\" target=\"_blank\">&#8222;Wyci\u0105gn\u0119li\u015bcie pazern\u0105 \u0142ap\u0119&#8221;. Awantura w\u00a0studiu<\/a>   Czytaj te\u017c:<br \/><a href=\"https:\/\/dorzeczy.pl\/opinie\/935770\/nawrocki-o-lobbingu-ws-zondacrypto-nietrafiona-propaganda-uderza-w-tuska.html\" rel=\"follow nofollow noopener\" data-schema=\"DORZECZY\" data-image=\"https:\/\/img.dorzeczy.pl\/_thumb\/aa\/e4\/8b3758e7047f6033666aeb74a4f4.jpeg\" target=\"_blank\">Nawrocki o\u00a0lobbingu ws. Zondacrypto: Nietrafiona propaganda. Uderza w\u00a0s\u0142u\u017cby Tuska<\/a>&#13;<\/p>\n","protected":false},"excerpt":{"rendered":"&#13; Prezydent Karol Nawrocki zawetowa\u0142 w\u00a0czerwcu br. trzy ustawy w\u00a0tym projekt dot. kryptowalut. Jak twierdzi\u0142, zawetowana przez niego&hellip;\n","protected":false},"author":2,"featured_media":655639,"comment_status":"","ping_status":"","sticky":false,"template":"","format":"standard","meta":{"footnotes":"","_share_on_mastodon":"0"},"categories":[62713],"tags":[11215,1345,98,105,49,3835,1315,103,102,101,1005,17994],"class_list":["post-655638","post","type-post","status-publish","format-standard","has-post-thumbnail","category-donald-tusk","tag-afera","tag-donald-tusk","tag-dorzeczy","tag-ekonomia","tag-kraj","tag-kryptowaluty","tag-nawrocki","tag-obserwator-mediow","tag-opinie","tag-premier","tag-prezydent","tag-zondacrypto"],"share_on_mastodon":{"url":"","error":""},"_links":{"self":[{"href":"https:\/\/www.europesays.com\/pl\/wp-json\/wp\/v2\/posts\/655638","targetHints":{"allow":["GET"]}}],"collection":[{"href":"https:\/\/www.europesays.com\/pl\/wp-json\/wp\/v2\/posts"}],"about":[{"href":"https:\/\/www.europesays.com\/pl\/wp-json\/wp\/v2\/types\/post"}],"author":[{"embeddable":true,"href":"https:\/\/www.europesays.com\/pl\/wp-json\/wp\/v2\/users\/2"}],"replies":[{"embeddable":true,"href":"https:\/\/www.europesays.com\/pl\/wp-json\/wp\/v2\/comments?post=655638"}],"version-history":[{"count":0,"href":"https:\/\/www.europesays.com\/pl\/wp-json\/wp\/v2\/posts\/655638\/revisions"}],"wp:featuredmedia":[{"embeddable":true,"href":"https:\/\/www.europesays.com\/pl\/wp-json\/wp\/v2\/media\/655639"}],"wp:attachment":[{"href":"https:\/\/www.europesays.com\/pl\/wp-json\/wp\/v2\/media?parent=655638"}],"wp:term":[{"taxonomy":"category","embeddable":true,"href":"https:\/\/www.europesays.com\/pl\/wp-json\/wp\/v2\/categories?post=655638"},{"taxonomy":"post_tag","embeddable":true,"href":"https:\/\/www.europesays.com\/pl\/wp-json\/wp\/v2\/tags?post=655638"}],"curies":[{"name":"wp","href":"https:\/\/api.w.org\/{rel}","templated":true}]}}