{"id":655640,"date":"2026-08-30T11:11:09","date_gmt":"2026-08-30T11:11:09","guid":{"rendered":"https:\/\/www.europesays.com\/pl\/655640\/"},"modified":"2026-08-30T11:11:09","modified_gmt":"2026-08-30T11:11:09","slug":"dzieje-sie-w-juracie-karol-i-marta-nawroccy-wsrod-mlodych-polakow","status":"publish","type":"post","link":"https:\/\/www.europesays.com\/pl\/655640\/","title":{"rendered":"Dzieje si\u0119 w Juracie. Karol i Marta Nawroccy w\u015br\u00f3d m\u0142odych Polak\u00f3w"},"content":{"rendered":"<p data-v-01d4021f=\"\">Dzi\u015b drugi dzie\u0144 spotkania prezydenta Karola Nawrockiego z m\u0142odymi Polakami w Juracie. Po koncercie rapera Kuba\u0144czyka, m\u0142odzie\u017c spotka\u0142a si\u0119 z par\u0105 prezydenck\u0105. Pierwsza Dama Marta Nawrocka wypi\u0142a z uczestnikami match\u0119 na pla\u017cy. Z kolei prezydent Karol Nawrocki sp\u0119dzi\u0142 czas z Polakami,kt\u00f3rzy przybyli na wydarzenie zza granicy. <\/p>\n<p data-v-01d4021f=\"\">Rezydencja Prezydenta RP w Juracie sta\u0142a si\u0119 miejscem wyj\u0105tkowego wydarzenia. Dzi\u0119ki inicjatywie prezydenta Karola Nawrockiego obiekt zosta\u0142 otwarty dla uczestnik\u00f3w dwudniowego spotkania, kt\u00f3rego celem jest integracja m\u0142odego pokolenia, wymiana do\u015bwiadcze\u0144 oraz rozmowy o przysz\u0142o\u015bci kraju.<\/p>\n<p data-v-01d4021f=\"\"><a href=\"https:\/\/wpolityce.pl\/polityka\/zalosny-material-neo-tvp-tak-pokazano-campus-a-tak-jurate,240319\" data-v-01d4021f=\"\" rel=\"nofollow noopener\" target=\"_blank\">\u017ba\u0142osny materia\u0142 neo-TVP! Tak pokazano Campus, a tak Jurat\u0119<\/a><\/p>\n<p data-v-01d4021f=\"\">W wydarzeniu bierze udzia\u0142 blisko 800 m\u0142odych os\u00f3b reprezentuj\u0105cych r\u00f3\u017cne regiony Polski. Organizatorzy podkre\u015blaj\u0105, \u017ce spotkanie ma stworzy\u0107 przestrze\u0144 zar\u00f3wno do dyskusji na wa\u017cne tematy spo\u0142eczne i obywatelskie, jak i do wsp\u00f3lnego sp\u0119dzenia czasu w atmosferze ko\u0144cz\u0105cych si\u0119 wakacji.<\/p>\n<p data-v-01d4021f=\"\">Wczoraj mia\u0142 miejsce koncert Skolima, warsztaty kulinarnej pod okiem prezydenckiego szefa kuchni oraz kucharza reprezentacji Polski w pi\u0142k\u0119 no\u017cn\u0105 czy sesja pyta\u0144 i odpowiedzi z udzia\u0142em prezydenta Nawrockiego.\u00a0<\/p>\n<p data-v-01d4021f=\"\"><a href=\"https:\/\/wpolityce.pl\/polityka\/mlodzi-z-calej-polski-juz-w-juracie-skolim-robi-furore-,240004\" data-v-01d4021f=\"\" rel=\"nofollow noopener\" target=\"_blank\">M\u0142odzi z ca\u0142ej Polski w Juracie! Skolim robi furor\u0119<\/a><\/p>\n<p>Para prezydencka i m\u0142odzi Polacy<\/p>\n<p data-v-01d4021f=\"\">Z kolei dzi\u015b para prezydencka r\u00f3wnie\u017c spotyka si\u0119 z m\u0142odymi Polakami. Na kontach prezydenta w mediach spo\u0142eczno\u015bciowych opublikowano nagranie z Nawrockimi.<\/p>\n<p data-v-01d4021f=\"\">Na pla\u017cy w Juracie matcha z Pierwsz\u0105 Dam\u0105 \ud83d\udc9a<\/p>\n<p data-v-01d4021f=\"\">&#8211; czytamy we wpisie na portalu X.<\/p>\n<p data-v-01d4021f=\"\">Prezydent RP Karol Nawrocki do\u0142\u0105czy\u0142 do m\u0142odych Polak\u00f3w, kt\u00f3rzy przyjechali do nas z zagranicy<\/p>\n<p data-v-01d4021f=\"\">&#8211; dodano w kolejnym po\u015bcie.<\/p>\n<p data-v-01d4021f=\"\"><a href=\"https:\/\/wpolityce.pl\/polityka\/prezydent-kontra-dziennikarz-tvn-to-musialo-zabolec,240234\" data-v-01d4021f=\"\" rel=\"nofollow noopener\" target=\"_blank\">Prezydent kontra dziennikarz TVN. To musia\u0142o zabole\u0107!<\/a><\/p>\n<p data-v-01d4021f=\"\">xyz\/\u017ar. wPolityce za X<\/p>\n","protected":false},"excerpt":{"rendered":"Dzi\u015b drugi dzie\u0144 spotkania prezydenta Karola Nawrockiego z m\u0142odymi Polakami w Juracie. Po koncercie rapera Kuba\u0144czyka, m\u0142odzie\u017c spotka\u0142a&hellip;\n","protected":false},"author":2,"featured_media":655641,"comment_status":"","ping_status":"","sticky":false,"template":"","format":"standard","meta":{"footnotes":"","_share_on_mastodon":"0"},"categories":[62712],"tags":[121116,690,88380,127822,13347,72917,907,99789,4362,2462,1005,380,423,231,127821,123474,3654],"class_list":["post-655640","post","type-post","status-publish","format-standard","has-post-thumbnail","category-karol-nawrocki","tag-analizy-polityczne","tag-karol-nawrocki","tag-komentarze-polityczne","tag-kulisy-polityki","tag-opozycja","tag-partie-polityczne","tag-polityka","tag-polityka-krajowa","tag-polityka-zagraniczna","tag-polska-polityka","tag-prezydent","tag-rzad","tag-sejm","tag-sondaze","tag-wiadomosci-polityczne","tag-wpolityce-pl","tag-wybory"],"share_on_mastodon":{"url":"","error":""},"_links":{"self":[{"href":"https:\/\/www.europesays.com\/pl\/wp-json\/wp\/v2\/posts\/655640","targetHints":{"allow":["GET"]}}],"collection":[{"href":"https:\/\/www.europesays.com\/pl\/wp-json\/wp\/v2\/posts"}],"about":[{"href":"https:\/\/www.europesays.com\/pl\/wp-json\/wp\/v2\/types\/post"}],"author":[{"embeddable":true,"href":"https:\/\/www.europesays.com\/pl\/wp-json\/wp\/v2\/users\/2"}],"replies":[{"embeddable":true,"href":"https:\/\/www.europesays.com\/pl\/wp-json\/wp\/v2\/comments?post=655640"}],"version-history":[{"count":0,"href":"https:\/\/www.europesays.com\/pl\/wp-json\/wp\/v2\/posts\/655640\/revisions"}],"wp:featuredmedia":[{"embeddable":true,"href":"https:\/\/www.europesays.com\/pl\/wp-json\/wp\/v2\/media\/655641"}],"wp:attachment":[{"href":"https:\/\/www.europesays.com\/pl\/wp-json\/wp\/v2\/media?parent=655640"}],"wp:term":[{"taxonomy":"category","embeddable":true,"href":"https:\/\/www.europesays.com\/pl\/wp-json\/wp\/v2\/categories?post=655640"},{"taxonomy":"post_tag","embeddable":true,"href":"https:\/\/www.europesays.com\/pl\/wp-json\/wp\/v2\/tags?post=655640"}],"curies":[{"name":"wp","href":"https:\/\/api.w.org\/{rel}","templated":true}]}}